{"id":37869,"date":"2026-03-04T07:18:35","date_gmt":"2026-03-04T10:18:35","guid":{"rendered":"https:\/\/lametro989.com\/?p=37869"},"modified":"2026-03-04T07:18:35","modified_gmt":"2026-03-04T10:18:35","slug":"villarruel-fuera-de-lla-algunas-claves-para-entender-la-interna-con-milei","status":"publish","type":"post","link":"https:\/\/lametro989.com\/?p=37869","title":{"rendered":"\u00bfVillarruel fuera de LLA? Algunas claves para entender la interna con Milei"},"content":{"rendered":"\n<p>Viejas rencillas de los tiempos de campa\u00f1a afloran en un nuevo cap\u00edtulo del enfrentamiento.<\/p>\n\n\n\n<figure class=\"wp-block-image size-full\"><img loading=\"lazy\" decoding=\"async\" width=\"275\" height=\"183\" src=\"https:\/\/lametro989.com\/wp-content\/uploads\/2026\/03\/image-25.png\" alt=\"\" class=\"wp-image-37870\"\/><\/figure>\n\n\n\n<p>Tras el&nbsp;desplante del domingo \u00faltimo en el Congreso&nbsp;y&nbsp;el cruce con el ex ministro de Defensa&nbsp;Luis Petri&nbsp;recrudeci\u00f3 en las \u00faltimas horas el recelo del n\u00facleo duro libertario con la vicperesidenta Victoria Villarruel, quien ya afirm\u00f3 que pese a los deseos de la Casa Rosada no dejar\u00e1 su cargo.<\/p>\n\n\n\n<p>\u201cLo \u00fanico que queremos es que haga su trabajo. Empujar y defender la agenda del Gobierno porque para eso la votaron\u201d, indicaron fuentes del entorno del presidente Javier Milei en medio del fuego cruzado.<\/p>\n\n\n\n<p>Hoy, para los libertarios, Villarruel \u201cno tiene la m\u00e1s m\u00ednima gota de dignidad\u201d. \u201cNos gustar\u00eda tener un vice alineada, que defienda las pol\u00edticas del Senado\u201d, manifiestan en el Ejecutivo, aunque se encargan de aclarar que \u201cno\u201d van a promover la renuncia, como hab\u00eda advertido la titular del Senado.<\/p>\n\n\n\n<p>\u00bfQu\u00e9 le reprochan? \u201cHaber repartido ministerios cuando todav\u00eda no hab\u00edamos ganado, y que adem\u00e1s los hab\u00eda repartido con el larretismo\u201d. Tambi\u00e9n la acusan de haber promovido al Partido Dem\u00f3crata en la provincia de Buenos Aires para restarle votos y permear el poder deLa Libertad Avanza.<\/p>\n\n\n\n<p><strong>Las chispas que encienden la mecha<\/strong><br>Un picante cruce se dio este lunes entre Petri y Villarruel luego de que el diputado se\u00f1alara que la vicepresidenta&nbsp;\u201capost\u00f3 por el fracaso del Gobierno&#8221;&nbsp;y ella le pidiera que deje de comentar \u201ccomo una vieja chusma\u201d.<\/p>\n\n\n\n<p>\u201cVillarruel fue funcional a la oposici\u00f3n. No actu\u00f3 como lo demanda la Constituci\u00f3n y apost\u00f3 al fracaso del Gobierno, no tengo dudas. Abri\u00f3 el Senado para que la oposici\u00f3n hiciera de las suyas tratando de quebrar el programa econ\u00f3mico\u201d, dijo Petri, a lo que la vicepresidenta respondi\u00f3 que es &#8220;preocupante que no responda a\u00fan por el vac\u00edo que dej\u00f3 en IOSFA\u201d, la obra social de las fuerzas de seguridad.<\/p>\n","protected":false},"excerpt":{"rendered":"<p>Viejas rencillas de los tiempos de campa\u00f1a afloran en un nuevo cap\u00edtulo del enfrentamiento. Tras el&nbsp;desplante del domingo \u00faltimo en el Congreso&nbsp;y&nbsp;el cruce con el&hellip; <\/p>\n","protected":false},"author":2,"featured_media":37870,"comment_status":"open","ping_status":"open","sticky":false,"template":"","format":"standard","meta":{"footnotes":""},"categories":[5],"tags":[],"class_list":["post-37869","post","type-post","status-publish","format-standard","has-post-thumbnail","hentry","category-politica"],"_links":{"self":[{"href":"https:\/\/lametro989.com\/index.php?rest_route=\/wp\/v2\/posts\/37869","targetHints":{"allow":["GET"]}}],"collection":[{"href":"https:\/\/lametro989.com\/index.php?rest_route=\/wp\/v2\/posts"}],"about":[{"href":"https:\/\/lametro989.com\/index.php?rest_route=\/wp\/v2\/types\/post"}],"author":[{"embeddable":true,"href":"https:\/\/lametro989.com\/index.php?rest_route=\/wp\/v2\/users\/2"}],"replies":[{"embeddable":true,"href":"https:\/\/lametro989.com\/index.php?rest_route=%2Fwp%2Fv2%2Fcomments&post=37869"}],"version-history":[{"count":1,"href":"https:\/\/lametro989.com\/index.php?rest_route=\/wp\/v2\/posts\/37869\/revisions"}],"predecessor-version":[{"id":37871,"href":"https:\/\/lametro989.com\/index.php?rest_route=\/wp\/v2\/posts\/37869\/revisions\/37871"}],"wp:featuredmedia":[{"embeddable":true,"href":"https:\/\/lametro989.com\/index.php?rest_route=\/wp\/v2\/media\/37870"}],"wp:attachment":[{"href":"https:\/\/lametro989.com\/index.php?rest_route=%2Fwp%2Fv2%2Fmedia&parent=37869"}],"wp:term":[{"taxonomy":"category","embeddable":true,"href":"https:\/\/lametro989.com\/index.php?rest_route=%2Fwp%2Fv2%2Fcategories&post=37869"},{"taxonomy":"post_tag","embeddable":true,"href":"https:\/\/lametro989.com\/index.php?rest_route=%2Fwp%2Fv2%2Ftags&post=37869"}],"curies":[{"name":"wp","href":"https:\/\/api.w.org\/{rel}","templated":true}]}}