{"id":37872,"date":"2026-03-04T07:23:04","date_gmt":"2026-03-04T10:23:04","guid":{"rendered":"https:\/\/lametro989.com\/?p=37872"},"modified":"2026-03-04T07:23:04","modified_gmt":"2026-03-04T10:23:04","slug":"las-provincias-perdieron-500-000-millones-de-pesos-por-la-caida-de-la-coparticipacion","status":"publish","type":"post","link":"https:\/\/lametro989.com\/?p=37872","title":{"rendered":"Las provincias perdieron 500.000 millones de pesos por la ca\u00edda de la Coparticipaci\u00f3n"},"content":{"rendered":"\n<p>La recaudaci\u00f3n tributaria volvi\u00f3 a encender todas las alarmas en febrero. Los ingresos del Estado registraron una ca\u00edda real del 9,5% interanual, marcando el s\u00e9ptimo mes consecutivo en terreno negativo y confirmando un deterioro sostenido que pone bajo presi\u00f3n tanto al gobierno nacional como a las finanzas de las provincias.<\/p>\n\n\n\n<figure class=\"wp-block-image size-large\"><img loading=\"lazy\" decoding=\"async\" width=\"819\" height=\"1024\" src=\"https:\/\/lametro989.com\/wp-content\/uploads\/2026\/03\/image-26-819x1024.png\" alt=\"\" class=\"wp-image-37873\" srcset=\"https:\/\/lametro989.com\/wp-content\/uploads\/2026\/03\/image-26-819x1024.png 819w, https:\/\/lametro989.com\/wp-content\/uploads\/2026\/03\/image-26-240x300.png 240w, https:\/\/lametro989.com\/wp-content\/uploads\/2026\/03\/image-26-768x960.png 768w, https:\/\/lametro989.com\/wp-content\/uploads\/2026\/03\/image-26.png 1000w\" sizes=\"auto, (max-width: 819px) 100vw, 819px\" \/><\/figure>\n\n\n\n<p>El dato no es menor: desde julio de 2025 los ingresos fiscales vienen perdiendo contra la inflaci\u00f3n, configurando un escenario de debilidad estructural en las cuentas p\u00fablicas. En ese contexto surge una pregunta inevitable: cu\u00e1nto puede resistir el super\u00e1vit fiscal que el presidente Javier Milei sostiene como principal bandera econ\u00f3mica del gobierno.<\/p>\n\n\n\n<p>Para varios analistas, el margen de ajuste del Ejecutivo empieza a mostrar l\u00edmites claros. El economista Hern\u00e1n Letcher, director del Centro de Pol\u00edtica Econ\u00f3mica Argentina (CEPA), plante\u00f3 que el gobierno enfrenta un escenario cada vez m\u00e1s estrecho.<\/p>\n\n\n\n<blockquote class=\"wp-block-quote is-layout-flow wp-block-quote-is-layout-flow\">\n<h2 class=\"wp-block-heading\"><strong>\u201cEl gobierno no tiene mucho m\u00e1s de d\u00f3nde ajustar. Puede avanzar con subsidios, pero eso presiona sobre la inflaci\u00f3n. El congelamiento del bono a jubilados aporta poco y no hay margen para tocar el ancla salarial\u201d<\/strong>, advirti\u00f3.<\/h2>\n<\/blockquote>\n\n\n\n<p>El golpe impacta especialmente en los impuestos que alimentan la coparticipaci\u00f3n federal, el principal flujo de recursos que reciben las provincias. El IVA, considerado el term\u00f3metro m\u00e1s directo de la actividad econ\u00f3mica, registr\u00f3 una ca\u00edda real del 3,2% interanual, reflejando un consumo que sigue sin reaccionar.<\/p>\n\n\n\n<p>Parte de esa baja se explica por la menor recaudaci\u00f3n del IVA Aduanero, luego de cambios en los beneficios vinculados a certificados de exclusi\u00f3n que favorecen el ingreso de importaciones.<\/p>\n\n\n\n<p>Pero el desplome m\u00e1s fuerte aparece en las retenciones a las exportaciones, que registraron una ca\u00edda real del 39,5% interanual, consolidando el segundo mes consecutivo de derrumbe luego del retroceso del 40,6% registrado en enero. La reducci\u00f3n de al\u00edcuotas impact\u00f3 directamente en la recaudaci\u00f3n, lo que deja al ministro de Econom\u00eda Luis Caputo con escaso margen para avanzar con nuevas bajas impositivas en medio del inicio de la liquidaci\u00f3n de la cosecha.<\/p>\n\n\n\n<h2 class=\"wp-block-heading\"><strong>El cuadro fiscal muestra una ca\u00edda generalizada<\/strong><\/h2>\n\n\n\n<p>Los derechos de importaci\u00f3n retrocedieron 26,5%, los impuestos internos coparticipados bajaron 16,4% y Bienes Personales cay\u00f3 13,5% real.<\/p>\n\n\n\n<p>En s\u00edntesis, no hay hoy ning\u00fan impuesto que est\u00e9 traccionando los ingresos del Estado. La recaudaci\u00f3n confirma lo que muchos economistas vienen se\u00f1alando: aunque sectores como miner\u00eda y energ\u00eda exhiben n\u00fameros positivos, la din\u00e1mica dominante en la econom\u00eda real sigue marcada por recesi\u00f3n, menor consumo y menor actividad.<\/p>\n\n\n\n<p>El problema es autom\u00e1tico. Cuando cae el IVA, cae la coparticipaci\u00f3n. Y cuando cae la coparticipaci\u00f3n, las provincias ajustan. No hay negociaci\u00f3n pol\u00edtica posible: la masa que se distribuye a las jurisdicciones se achica directamente con la recaudaci\u00f3n.<\/p>\n\n\n\n<p>Para el conjunto de las provincias y la Ciudad de Buenos Aires, la ca\u00edda implica que en febrero recibieron alrededor de 500.000 millones de pesos menos que hace un a\u00f1o, un golpe que llega adem\u00e1s en medio de tensiones por deudas que la Naci\u00f3n mantiene con distintas jurisdicciones.<\/p>\n\n\n\n<p>Desde distintas provincias reconocen el deterioro de los ingresos. En C\u00f3rdoba, por ejemplo, confirmaron que la recaudaci\u00f3n cay\u00f3 7,9% en t\u00e9rminos reales, acumulando ocho meses consecutivos de retroceso.<\/p>\n\n\n\n<blockquote class=\"wp-block-quote is-layout-flow wp-block-quote-is-layout-flow\">\n<h2 class=\"wp-block-heading\"><strong>\u201cEl crecimiento, si lo hay, no se est\u00e1 trasladando al consumo ni a los impuestos\u201d<\/strong>, reconocen desde el gobierno provincial.<\/h2>\n<\/blockquote>\n\n\n\n<p>En el corto plazo, algunos distritos lograron amortiguar el impacto gracias a una buena performance de impuestos provinciales durante 2025, pero el panorama a mediano plazo aparece mucho m\u00e1s complejo.<\/p>\n\n\n\n<blockquote class=\"wp-block-quote is-layout-flow wp-block-quote-is-layout-flow\">\n<h2 class=\"wp-block-heading\"><strong>\u201cEn la coyuntura zafamos, pero en el mediano plazo se complica sostener inversi\u00f3n social y obra p\u00fablica. Si la Naci\u00f3n tiene problemas para mantener el super\u00e1vit, las provincias vamos a tener que ajustar todav\u00eda m\u00e1s\u201d<\/strong>, reconocen fuentes provinciales.<\/h2>\n<\/blockquote>\n\n\n\n<p>El diagn\u00f3stico que circula entre gobernadores y ministros de Econom\u00eda provinciales es cada vez m\u00e1s repetido: la macro puede estar orden\u00e1ndose, pero la micro sigue golpeando fuerte.<\/p>\n\n\n\n<p>La ca\u00edda de ingresos, el freno del consumo y la presi\u00f3n sobre las cuentas p\u00fablicas empiezan a dibujar un escenario inc\u00f3modo para el gobierno nacional.<\/p>\n\n\n\n<p>El super\u00e1vit fiscal sigue siendo el principal activo pol\u00edtico del modelo econ\u00f3mico.<\/p>\n\n\n\n<p>La inc\u00f3gnita es cu\u00e1nto tiempo m\u00e1s podr\u00e1 sostenerse con una recaudaci\u00f3n que no deja de caer.<\/p>\n","protected":false},"excerpt":{"rendered":"<p>La recaudaci\u00f3n tributaria volvi\u00f3 a encender todas las alarmas en febrero. Los ingresos del Estado registraron una ca\u00edda real del 9,5% interanual, marcando el s\u00e9ptimo&hellip; <\/p>\n","protected":false},"author":2,"featured_media":37873,"comment_status":"open","ping_status":"open","sticky":false,"template":"","format":"standard","meta":{"footnotes":""},"categories":[9,2],"tags":[],"class_list":["post-37872","post","type-post","status-publish","format-standard","has-post-thumbnail","hentry","category-destacadas","category-provinciales"],"_links":{"self":[{"href":"https:\/\/lametro989.com\/index.php?rest_route=\/wp\/v2\/posts\/37872","targetHints":{"allow":["GET"]}}],"collection":[{"href":"https:\/\/lametro989.com\/index.php?rest_route=\/wp\/v2\/posts"}],"about":[{"href":"https:\/\/lametro989.com\/index.php?rest_route=\/wp\/v2\/types\/post"}],"author":[{"embeddable":true,"href":"https:\/\/lametro989.com\/index.php?rest_route=\/wp\/v2\/users\/2"}],"replies":[{"embeddable":true,"href":"https:\/\/lametro989.com\/index.php?rest_route=%2Fwp%2Fv2%2Fcomments&post=37872"}],"version-history":[{"count":1,"href":"https:\/\/lametro989.com\/index.php?rest_route=\/wp\/v2\/posts\/37872\/revisions"}],"predecessor-version":[{"id":37874,"href":"https:\/\/lametro989.com\/index.php?rest_route=\/wp\/v2\/posts\/37872\/revisions\/37874"}],"wp:featuredmedia":[{"embeddable":true,"href":"https:\/\/lametro989.com\/index.php?rest_route=\/wp\/v2\/media\/37873"}],"wp:attachment":[{"href":"https:\/\/lametro989.com\/index.php?rest_route=%2Fwp%2Fv2%2Fmedia&parent=37872"}],"wp:term":[{"taxonomy":"category","embeddable":true,"href":"https:\/\/lametro989.com\/index.php?rest_route=%2Fwp%2Fv2%2Fcategories&post=37872"},{"taxonomy":"post_tag","embeddable":true,"href":"https:\/\/lametro989.com\/index.php?rest_route=%2Fwp%2Fv2%2Ftags&post=37872"}],"curies":[{"name":"wp","href":"https:\/\/api.w.org\/{rel}","templated":true}]}}