{"id":37875,"date":"2026-03-04T07:29:31","date_gmt":"2026-03-04T10:29:31","guid":{"rendered":"https:\/\/lametro989.com\/?p=37875"},"modified":"2026-03-04T07:29:31","modified_gmt":"2026-03-04T10:29:31","slug":"maniataron-a-una-familia-en-colonia-benitez-y-robaron-siete-millones-de-pesos-dos-detenidos","status":"publish","type":"post","link":"https:\/\/lametro989.com\/?p=37875","title":{"rendered":"Maniataron a una familia en Colonia Ben\u00edtez y robaron siete millones de pesos : dos detenidos"},"content":{"rendered":"\n<p>Un violento asalto ocurrido el 1 de marzo en una guarder\u00eda n\u00e1utica de\u00a0Colonia Ben\u00edtez\u00a0comenz\u00f3 a esclarecerse en las \u00faltimas horas, tras una serie de allanamientos realizados en\u00a0Resistencia\u00a0por personal de Investigaciones Complejas Metropolitana, que culminaron con la detenci\u00f3n de dos hombres.<\/p>\n\n\n\n<figure class=\"wp-block-image size-full\"><img loading=\"lazy\" decoding=\"async\" width=\"768\" height=\"576\" src=\"https:\/\/lametro989.com\/wp-content\/uploads\/2026\/03\/image-27.png\" alt=\"\" class=\"wp-image-37876\" srcset=\"https:\/\/lametro989.com\/wp-content\/uploads\/2026\/03\/image-27.png 768w, https:\/\/lametro989.com\/wp-content\/uploads\/2026\/03\/image-27-300x225.png 300w\" sizes=\"auto, (max-width: 768px) 100vw, 768px\" \/><\/figure>\n\n\n\n<p>El hecho se registr\u00f3 cerca de las 21 del domingo, cuando cinco delincuentes armados, que se movilizaban en dos motocicletas de 110cc, irrumpieron en el predio y redujeron al propietario, de 66 a\u00f1os, junto a su esposa, su hijo y su nieto. Las v\u00edctimas fueron maniatadas mientras los asaltantes sustra\u00edan siete millones de pesos, 100 d\u00f3lares, celulares, herramientas, una motocicleta y una camioneta\u00a0Chevrolet\u00a0S10 4\u00d74. La motocicleta fue abandonada a pocos kil\u00f3metros y la camioneta apareci\u00f3 al d\u00eda siguiente en el barrio Los Teros. Tras el an\u00e1lisis de c\u00e1maras y testimonios, la Justicia autoriz\u00f3 allanamientos que permitieron detener a dos sospechosos, de 50 y 44 a\u00f1os, y secuestrar municiones, dinero en efectivo, celulares y prendas presuntamente utilizadas durante el robo. Ambos quedaron a disposici\u00f3n de la Fiscal\u00eda por \u201csupuesto robo a mano armada y privaci\u00f3n ileg\u00edtima de la libertad\u201d, mientras contin\u00faa la b\u00fasqueda del resto de la banda. <\/p>\n\n\n\n<figure class=\"wp-block-image size-full\"><img loading=\"lazy\" decoding=\"async\" width=\"790\" height=\"593\" src=\"https:\/\/lametro989.com\/wp-content\/uploads\/2026\/03\/image-28.png\" alt=\"\" class=\"wp-image-37877\" srcset=\"https:\/\/lametro989.com\/wp-content\/uploads\/2026\/03\/image-28.png 790w, https:\/\/lametro989.com\/wp-content\/uploads\/2026\/03\/image-28-300x225.png 300w, https:\/\/lametro989.com\/wp-content\/uploads\/2026\/03\/image-28-768x576.png 768w\" sizes=\"auto, (max-width: 790px) 100vw, 790px\" \/><\/figure>\n","protected":false},"excerpt":{"rendered":"<p>Un violento asalto ocurrido el 1 de marzo en una guarder\u00eda n\u00e1utica de\u00a0Colonia Ben\u00edtez\u00a0comenz\u00f3 a esclarecerse en las \u00faltimas horas, tras una serie de allanamientos&hellip; <\/p>\n","protected":false},"author":2,"featured_media":37877,"comment_status":"open","ping_status":"open","sticky":false,"template":"","format":"standard","meta":{"footnotes":""},"categories":[9,2],"tags":[],"class_list":["post-37875","post","type-post","status-publish","format-standard","has-post-thumbnail","hentry","category-destacadas","category-provinciales"],"_links":{"self":[{"href":"https:\/\/lametro989.com\/index.php?rest_route=\/wp\/v2\/posts\/37875","targetHints":{"allow":["GET"]}}],"collection":[{"href":"https:\/\/lametro989.com\/index.php?rest_route=\/wp\/v2\/posts"}],"about":[{"href":"https:\/\/lametro989.com\/index.php?rest_route=\/wp\/v2\/types\/post"}],"author":[{"embeddable":true,"href":"https:\/\/lametro989.com\/index.php?rest_route=\/wp\/v2\/users\/2"}],"replies":[{"embeddable":true,"href":"https:\/\/lametro989.com\/index.php?rest_route=%2Fwp%2Fv2%2Fcomments&post=37875"}],"version-history":[{"count":1,"href":"https:\/\/lametro989.com\/index.php?rest_route=\/wp\/v2\/posts\/37875\/revisions"}],"predecessor-version":[{"id":37878,"href":"https:\/\/lametro989.com\/index.php?rest_route=\/wp\/v2\/posts\/37875\/revisions\/37878"}],"wp:featuredmedia":[{"embeddable":true,"href":"https:\/\/lametro989.com\/index.php?rest_route=\/wp\/v2\/media\/37877"}],"wp:attachment":[{"href":"https:\/\/lametro989.com\/index.php?rest_route=%2Fwp%2Fv2%2Fmedia&parent=37875"}],"wp:term":[{"taxonomy":"category","embeddable":true,"href":"https:\/\/lametro989.com\/index.php?rest_route=%2Fwp%2Fv2%2Fcategories&post=37875"},{"taxonomy":"post_tag","embeddable":true,"href":"https:\/\/lametro989.com\/index.php?rest_route=%2Fwp%2Fv2%2Ftags&post=37875"}],"curies":[{"name":"wp","href":"https:\/\/api.w.org\/{rel}","templated":true}]}}