{"id":37882,"date":"2026-03-04T07:35:36","date_gmt":"2026-03-04T10:35:36","guid":{"rendered":"https:\/\/lametro989.com\/?p=37882"},"modified":"2026-03-04T07:35:36","modified_gmt":"2026-03-04T10:35:36","slug":"racing-goleo-a-atletico-tucuman-y-se-metio-en-zona-de-playoffs","status":"publish","type":"post","link":"https:\/\/lametro989.com\/?p=37882","title":{"rendered":"Racing gole\u00f3 a Atl\u00e9tico Tucum\u00e1n y se meti\u00f3 en zona de playoffs"},"content":{"rendered":"\n<p>En el Jos\u00e9 Fierro y tras dos empates consecutivos, la &#8220;Academia&#8221; de Gustavo Costas venci\u00f3 3-0 al conjunto de Julio C\u00e9sar Falcioni, quien asumir\u00e1 en los pr\u00f3ximos d\u00edas.<\/p>\n\n\n\n<figure class=\"wp-block-image size-full\"><img loading=\"lazy\" decoding=\"async\" width=\"610\" height=\"398\" src=\"https:\/\/lametro989.com\/wp-content\/uploads\/2026\/03\/image-30.png\" alt=\"\" class=\"wp-image-37883\" srcset=\"https:\/\/lametro989.com\/wp-content\/uploads\/2026\/03\/image-30.png 610w, https:\/\/lametro989.com\/wp-content\/uploads\/2026\/03\/image-30-300x196.png 300w\" sizes=\"auto, (max-width: 610px) 100vw, 610px\" \/><\/figure>\n\n\n\n<p><strong>Racing<\/strong>&nbsp;gole\u00f3 3-0 este martes a&nbsp;<strong>Atl\u00e9tico Tucum\u00e1n<\/strong>&nbsp;en el&nbsp;<strong>estadio Monumental Jos\u00e9 Fierro,<\/strong>&nbsp;por la octava fecha del&nbsp;<strong>Torneo Apertura<\/strong>&nbsp;2026, y regres\u00f3 a la victoria tras dos empates consecutivos, para trepar a la zona de clasificaci\u00f3n a playoffs.<\/p>\n\n\n\n<p>El encuentro aparec\u00eda como determinante para ambos: el local no pudo salir del fondo de la tabla, mientras que la visita logr\u00f3 efectivamente meterse en puestos de clasificaci\u00f3n a octavos de final. <strong>Duv\u00e1n Vergara<\/strong>, con un doblete, fue la gran figura de la noche en Tucum\u00e1n, mientras que Santiago Solari liquid\u00f3 la historia en tiempo de descuento. En Tucum\u00e1n se viven d\u00edas de transici\u00f3n. El ciclo de Hugo Colace al frente del primer equipo se cerr\u00f3 abruptamente tras la dura ca\u00edda en C\u00f3rdoba frente a Belgrano, resultado que signific\u00f3 la cuarta derrota en siete jornadas y profundiz\u00f3 el mal momento en la Zona A.<\/p>\n\n\n\n<p>De manera interina asumi\u00f3 Ramiro Gonz\u00e1lez, pero la conducci\u00f3n definitiva quedar\u00e1 en manos de Julio C\u00e9sar Falcioni, quien comenzar\u00e1 oficialmente su gesti\u00f3n en los pr\u00f3ximos d\u00edas.<\/p>\n\n\n\n<p>La &#8220;Academia&#8221;, por su parte, tampoco atravesaba una semana sencilla. El empate reciente frente a Independiente Rivadavia hab\u00eda secuelas importantes en el plantel conducido por Gustavo Costas.<\/p>\n\n\n\n<p>A las bajas de Matko Miljevic y Adri\u00e1n \u201cMaravilla\u201d Mart\u00ednez por lesi\u00f3n se sum\u00f3 la preocupante noticia de Valent\u00edn Carboni, quien sufri\u00f3 la segunda lesi\u00f3n ligamentaria de su carrera y estar\u00e1 fuera de las canchas durante varios meses.<\/p>\n\n\n\n<p>El conjunto de Avellaneda acumulaba dos igualdades consecutivas que hab\u00edan frenado su impulso inicial, aunque una victoria en suelo tucumano lo deposita entre los ocho mejores del grupo.<\/p>\n","protected":false},"excerpt":{"rendered":"<p>En el Jos\u00e9 Fierro y tras dos empates consecutivos, la &#8220;Academia&#8221; de Gustavo Costas venci\u00f3 3-0 al conjunto de Julio C\u00e9sar Falcioni, quien asumir\u00e1 en&hellip; <\/p>\n","protected":false},"author":2,"featured_media":37883,"comment_status":"open","ping_status":"open","sticky":false,"template":"","format":"standard","meta":{"footnotes":""},"categories":[10],"tags":[],"class_list":["post-37882","post","type-post","status-publish","format-standard","has-post-thumbnail","hentry","category-deportes"],"_links":{"self":[{"href":"https:\/\/lametro989.com\/index.php?rest_route=\/wp\/v2\/posts\/37882","targetHints":{"allow":["GET"]}}],"collection":[{"href":"https:\/\/lametro989.com\/index.php?rest_route=\/wp\/v2\/posts"}],"about":[{"href":"https:\/\/lametro989.com\/index.php?rest_route=\/wp\/v2\/types\/post"}],"author":[{"embeddable":true,"href":"https:\/\/lametro989.com\/index.php?rest_route=\/wp\/v2\/users\/2"}],"replies":[{"embeddable":true,"href":"https:\/\/lametro989.com\/index.php?rest_route=%2Fwp%2Fv2%2Fcomments&post=37882"}],"version-history":[{"count":1,"href":"https:\/\/lametro989.com\/index.php?rest_route=\/wp\/v2\/posts\/37882\/revisions"}],"predecessor-version":[{"id":37884,"href":"https:\/\/lametro989.com\/index.php?rest_route=\/wp\/v2\/posts\/37882\/revisions\/37884"}],"wp:featuredmedia":[{"embeddable":true,"href":"https:\/\/lametro989.com\/index.php?rest_route=\/wp\/v2\/media\/37883"}],"wp:attachment":[{"href":"https:\/\/lametro989.com\/index.php?rest_route=%2Fwp%2Fv2%2Fmedia&parent=37882"}],"wp:term":[{"taxonomy":"category","embeddable":true,"href":"https:\/\/lametro989.com\/index.php?rest_route=%2Fwp%2Fv2%2Fcategories&post=37882"},{"taxonomy":"post_tag","embeddable":true,"href":"https:\/\/lametro989.com\/index.php?rest_route=%2Fwp%2Fv2%2Ftags&post=37882"}],"curies":[{"name":"wp","href":"https:\/\/api.w.org\/{rel}","templated":true}]}}