{"id":37888,"date":"2026-03-04T07:46:05","date_gmt":"2026-03-04T10:46:05","guid":{"rendered":"https:\/\/lametro989.com\/?p=37888"},"modified":"2026-03-04T07:46:05","modified_gmt":"2026-03-04T10:46:05","slug":"nahuel-gallo-tuvo-su-primera-cena-familiar-en-la-argentina-comio-algo-que-extranaba-con-todo-su-corazon","status":"publish","type":"post","link":"https:\/\/lametro989.com\/?p=37888","title":{"rendered":"Nahuel Gallo tuvo su primera cena familiar en la Argentina: comi\u00f3 &#8220;algo que extra\u00f1aba con todo su coraz\u00f3n&#8221;"},"content":{"rendered":"\n<p>La esposa del gendarme argentino que fue liberado gracias a la negociaci\u00f3n de la AFA comparti\u00f3 una foto del momento familiar y una reflexi\u00f3n sobre los pasos a seguir.<\/p>\n\n\n\n<figure class=\"wp-block-image size-full\"><img loading=\"lazy\" decoding=\"async\" width=\"610\" height=\"342\" src=\"https:\/\/lametro989.com\/wp-content\/uploads\/2026\/03\/image-32.png\" alt=\"\" class=\"wp-image-37889\" srcset=\"https:\/\/lametro989.com\/wp-content\/uploads\/2026\/03\/image-32.png 610w, https:\/\/lametro989.com\/wp-content\/uploads\/2026\/03\/image-32-300x168.png 300w\" sizes=\"auto, (max-width: 610px) 100vw, 610px\" \/><\/figure>\n\n\n\n<p>El regreso a la normalidad para el gendarme&nbsp;<strong><a href=\"https:\/\/www.minutouno.com\/politica\/grave-acusacion-marcela-pagano-al-gobierno-la-repatriacion-nahuel-gallo-nadie-lo-reclamo-n6251621\" target=\"_blank\" rel=\"noreferrer noopener\">Nahuel Gallo<\/a><\/strong>&nbsp;ha comenzado en la intimidad de su hogar. Tras un calvario que se extendi\u00f3 por m\u00e1s de un a\u00f1o, este martes 3 de marzo su esposa comparti\u00f3 a trav\u00e9s de la red social&nbsp;<strong>X<\/strong>&nbsp;la primera imagen de la familia unida, marcando el inicio de un proceso de sanaci\u00f3n f\u00edsica y emocional tras su liberaci\u00f3n.<\/p>\n\n\n\n<p>El gendarme argentino fue liberado el pasado domingo, tras una importante negociaci\u00f3n llevada a cabo por la\u00a0<strong>Asociaci\u00f3n del F\u00fatbol Argentino (AFA)<\/strong>\u00a0y arrib\u00f3 el lunes a la Argentina, donde por la noche pudo compartir su primera cena familiar, tal cual comparti\u00f3 su mujer. La fotograf\u00eda, cargada de simbolismo, muestra a Gallo compartiendo una cena t\u00edpica argentina:&nbsp;<strong>carne asada con papas fritas<\/strong>. Junto a \u00e9l, se observa a su esposa y a su peque\u00f1o hijo, quien luce orgulloso la camiseta de&nbsp;<strong>Boca<\/strong>.<\/p>\n\n\n\n<p>El pedido del gendarme no fue casual, ya que seg\u00fan relat\u00f3 su mujer, era algo que &#8220;extra\u00f1aba con todo su coraz\u00f3n&#8221; tras haber estado separados durante\u00a0<strong>448 d\u00edas\u00a0<\/strong>por su detenci\u00f3n en\u00a0<strong>Venezuela<\/strong>. Un proceso de sanaci\u00f3n y la b\u00fasqueda de justicia<\/p>\n\n\n\n<p>M\u00e1s all\u00e1 de la emotividad del reencuentro, el mensaje de su esposa fue contundente respecto al estado de salud del gendarme y las condiciones de su cautiverio.&nbsp;<strong>&#8220;Nahuel est\u00e1 en un proceso de recuperaci\u00f3n. Su salud es lo primero. Durante 14 meses se la negaron deliberadamente&#8221;<\/strong>, denunci\u00f3, subrayando el desgaste y el dolor vivido por la familia durante este extenso periodo.<\/p>\n\n\n\n<p>Asimismo, la publicaci\u00f3n dej\u00f3 clara la postura que tomar\u00e1n una vez que Gallo se encuentre fortalecido: la denuncia formal por&nbsp;<strong>cr\u00edmenes de lesa humanidad<\/strong>.&nbsp;<strong>&#8220;No desde el odio, sino desde la convicci\u00f3n de que la verdad y la justicia son indispensables&#8221;<\/strong>, afirm\u00f3, anticipando que relatar\u00e1n la historia completa ante los organismos pertinentes para exigir dignidad y reparaci\u00f3n.<\/p>\n\n\n\n<p>Por ahora, el foco de la familia Gallo est\u00e1 puesto en el &#8220;paso a paso&#8221; de la recuperaci\u00f3n, disfrutando de los afectos y de las costumbres que le fueron arrebatadas durante casi quince meses de incertidumbre.<\/p>\n","protected":false},"excerpt":{"rendered":"<p>La esposa del gendarme argentino que fue liberado gracias a la negociaci\u00f3n de la AFA comparti\u00f3 una foto del momento familiar y una reflexi\u00f3n sobre&hellip; <\/p>\n","protected":false},"author":2,"featured_media":37889,"comment_status":"open","ping_status":"open","sticky":false,"template":"","format":"standard","meta":{"footnotes":""},"categories":[9,13],"tags":[],"class_list":["post-37888","post","type-post","status-publish","format-standard","has-post-thumbnail","hentry","category-destacadas","category-nacionales"],"_links":{"self":[{"href":"https:\/\/lametro989.com\/index.php?rest_route=\/wp\/v2\/posts\/37888","targetHints":{"allow":["GET"]}}],"collection":[{"href":"https:\/\/lametro989.com\/index.php?rest_route=\/wp\/v2\/posts"}],"about":[{"href":"https:\/\/lametro989.com\/index.php?rest_route=\/wp\/v2\/types\/post"}],"author":[{"embeddable":true,"href":"https:\/\/lametro989.com\/index.php?rest_route=\/wp\/v2\/users\/2"}],"replies":[{"embeddable":true,"href":"https:\/\/lametro989.com\/index.php?rest_route=%2Fwp%2Fv2%2Fcomments&post=37888"}],"version-history":[{"count":1,"href":"https:\/\/lametro989.com\/index.php?rest_route=\/wp\/v2\/posts\/37888\/revisions"}],"predecessor-version":[{"id":37890,"href":"https:\/\/lametro989.com\/index.php?rest_route=\/wp\/v2\/posts\/37888\/revisions\/37890"}],"wp:featuredmedia":[{"embeddable":true,"href":"https:\/\/lametro989.com\/index.php?rest_route=\/wp\/v2\/media\/37889"}],"wp:attachment":[{"href":"https:\/\/lametro989.com\/index.php?rest_route=%2Fwp%2Fv2%2Fmedia&parent=37888"}],"wp:term":[{"taxonomy":"category","embeddable":true,"href":"https:\/\/lametro989.com\/index.php?rest_route=%2Fwp%2Fv2%2Fcategories&post=37888"},{"taxonomy":"post_tag","embeddable":true,"href":"https:\/\/lametro989.com\/index.php?rest_route=%2Fwp%2Fv2%2Ftags&post=37888"}],"curies":[{"name":"wp","href":"https:\/\/api.w.org\/{rel}","templated":true}]}}