{"id":37891,"date":"2026-03-04T07:54:09","date_gmt":"2026-03-04T10:54:09","guid":{"rendered":"https:\/\/lametro989.com\/?p=37891"},"modified":"2026-03-04T07:54:09","modified_gmt":"2026-03-04T10:54:09","slug":"presidente-vicepresidente-una-relacion-atravesada-por-peleas-y-traiciones-desde-el-regreso-de-la-democracia","status":"publish","type":"post","link":"https:\/\/lametro989.com\/?p=37891","title":{"rendered":"Presidente-Vicepresidente, una relaci\u00f3n atravesada por peleas y traiciones desde el regreso de la democracia"},"content":{"rendered":"\n<p>La guerra total entre Javier Milei y Victoria Villarruel se sum\u00f3 a la larga historia de conflictos que marcaron las relaciones entre presidentes y sus vices desde el regreso de la democracia en 1983.<\/p>\n\n\n\n<figure class=\"wp-block-image size-full\"><img loading=\"lazy\" decoding=\"async\" width=\"610\" height=\"457\" src=\"https:\/\/lametro989.com\/wp-content\/uploads\/2026\/03\/image-33.png\" alt=\"\" class=\"wp-image-37892\" srcset=\"https:\/\/lametro989.com\/wp-content\/uploads\/2026\/03\/image-33.png 610w, https:\/\/lametro989.com\/wp-content\/uploads\/2026\/03\/image-33-300x225.png 300w\" sizes=\"auto, (max-width: 610px) 100vw, 610px\" \/><\/figure>\n\n\n\n<figure class=\"wp-block-image\"><img decoding=\"async\" src=\"https:\/\/media.minutouno.com\/p\/e5f355fdd55c49d74a3b1ce17c3992c3\/adjuntos\/150\/autores\/038\/800\/0038800886\/catriel-echverri.png\" alt=\"Catriel Etcheverri\"\/><\/figure>\n\n\n\n<p>Por&nbsp;<a href=\"https:\/\/www.minutouno.com\/perfil\/60097-catriel-etcheverri\">Catriel Etcheverri<\/a><a href=\"mailto:\"><\/a><\/p>\n\n\n\n<p>La escandalosa ruptura de la relaci\u00f3n entre<strong><a href=\"https:\/\/www.minutouno.com\/politica\/el-dardo-javier-milei-victoria-villarruel-el-congreso-sonar-abrazar-el-sillon-rivadavia-n6250930\" target=\"_blank\" rel=\"noreferrer noopener\">\u00a0Javier Milei y Victoria Villarruel\u00a0<\/a><\/strong>se sum\u00f3 a la larga lista de desencuentros que marcaron los v\u00ednculos que unieron a presidentes con sus vicepresidentes desde el regreso de la democracia en 1983. Peleas, disputas de poder, traiciones, esc\u00e1ndalos judiciales, renuncias marcaron el ritmo de un v\u00ednculo que se revel\u00f3 siempre tormentoso. De la obligada sinton\u00eda mostrada en tiempos de campa\u00f1a y de f\u00f3rmulas electorales ninguno (o casi ninguno) de estos v\u00ednculos fue capaz de llegar al momento de la entrega del poder de la misma manera en que presidente y vice desembarcaron juntos en la Casa Rosada. Luego de eyectarla de la gesti\u00f3n de gobierno, el presidente Milei carg\u00f3 con dureza contra Villarruel en el marco de su discurso ante la Asamblea Legislativa, en ocasi\u00f3n de la apertura del 144\u00b0 per\u00edodo de sesiones ordinarias en el Congreso, a quien acus\u00f3 de &#8220;so\u00f1ar con el sill\u00f3n de Rivadavia&#8221;. Este martes, el siempre sol\u00edcito ex ministro de Defensa y hoy diputado nacional libertario, Luis Petri, no dud\u00f3 incluso de tratarla de &#8220;<strong>golpista<\/strong>&#8220;. S\u00f3lo un vicepresidente logr\u00f3 escapar a la l\u00f3gica del esc\u00e1ndalo desde el regreso de la democracia. Y de hecho fue el primero de ellos, V\u00edctor Mart\u00ednez, quien acompa\u00f1\u00f3 en la gesti\u00f3n al presidente Ra\u00fal Alfons\u00edn entre 1983 y 1989. El resto de las duplas presidenciales terminaron en esc\u00e1ndalos de distinto tenor.<\/p>\n\n\n\n<h2 class=\"wp-block-heading\">V\u00edctor Mart\u00ednez: la excepci\u00f3n a la regla<\/h2>\n\n\n\n<p>El radical cordob\u00e9s fue un vice institucional, de bajo perfil y alineado de manera irrestricta con el presidente Alfons\u00edn. Es recordado como el \u00fanico vicepresidente que no gener\u00f3 problemas al presidente.<\/p>\n\n\n\n<figure class=\"wp-block-image\" id=\"8194371-Libre-152070018_wrap\"><img decoding=\"async\" src=\"https:\/\/media.minutouno.com\/p\/d895ffe68fc7e15ff3351cd91edb9718\/adjuntos\/150\/imagenes\/043\/206\/0043206485\/610x0\/804x456:824x476\/victor-martinez.jpg\" alt=\"\" title=\"\"\/><\/figure>\n\n\n\n<h2 class=\"wp-block-heading\">Eduardo Duhalde: la plataforma del poder<\/h2>\n\n\n\n<p>Compa\u00f1ero de f\u00f3rmula con la que&nbsp;<strong>Carlos Menem<\/strong>&nbsp;le arrebat\u00f3 inesperadamente la candidatura presidencial por el Partido Justicialista a Antonio Cafiero, acompa\u00f1\u00f3 al riojano en el gobierno entre 1989 y 1991 para luego hacer su juego propio y usar el cargo como plataforma de lanzamiento para su propia carrera pol\u00edtica. Renunci\u00f3 a mitad de mandato para asumir como gobernador de la provincia de Buenos Aires y termin\u00f3 enfrentado con el menemismo.<\/p>\n\n\n\n<figure class=\"wp-block-image\" id=\"8194366-Libre-905476063_wrap\"><img decoding=\"async\" src=\"https:\/\/media.minutouno.com\/p\/c50f5f18f363363e4bc9917be0f79393\/adjuntos\/150\/imagenes\/043\/206\/0043206480\/610x0\/983x438:1003x458\/eduardo-duhalde.jpg\" alt=\"\" title=\"\"\/><\/figure>\n\n\n\n<h2 class=\"wp-block-heading\">Carlos Ruckauf: distancia controlada<\/h2>\n\n\n\n<p>Vicepresidente en el segundo mandato de Menem, mantuvo distancia y, al igual que su antecesor en el cargo, se enfoc\u00f3 en su proyecci\u00f3n para la gobernaci\u00f3n de Buenos Aires, lo que tambi\u00e9n lo alej\u00f3 de la Casa Rosada.<\/p>\n\n\n\n<figure class=\"wp-block-image\" id=\"8194363-Libre-211518264_wrap\"><img decoding=\"async\" src=\"https:\/\/media.minutouno.com\/p\/3d030f42427660bab96d00912aacd751\/adjuntos\/150\/imagenes\/043\/206\/0043206477\/610x0\/812x421:832x441\/carlos-ruckauf.jpg\" alt=\"\" title=\"\"\/><\/figure>\n\n\n\n<h2 class=\"wp-block-heading\">Carlos \u201cChacho\u201d \u00c1lvarez: la renuncia anticipada<\/h2>\n\n\n\n<p>Vicepresidente de&nbsp;<strong>Fernando de la R\u00faa<\/strong>, y pata clave en el armado de la Alianza que puso fin a una d\u00e9cada de menemismo y tambi\u00e9n fue clave en la debacle del gobierno al dejar al desnudo la corrupci\u00f3n al interior de la Casa Rosada. En medio del esc\u00e1ndalo por el pago de coimas en el Senado para sacar adelante la pol\u00e9mica flexbilizaci\u00f3n laboral que el gobierno de De la R\u00faa impulsaba a instancias de las exigencias del Fondo Monetario Internacional (FMI), Chacho \u00c1lvarez renunci\u00f3 en octubre de 2000. Su salida agrav\u00f3 la crisis pol\u00edtica de la Alianza que nunca pudo superar y terminar por hacer eclosi\u00f3n en diciembre de 2001 con la peor crisis econ\u00f3mica, financiera y social desde el regreso de la democracia.<\/p>\n\n\n\n<figure class=\"wp-block-image\" id=\"8194368-Libre-1097667777_wrap\"><img decoding=\"async\" src=\"https:\/\/media.minutouno.com\/p\/98a6fd2dffdfc7683e606fd85df4fe8b\/adjuntos\/150\/imagenes\/043\/206\/0043206482\/610x0\/872x507:892x527\/hacho-alvarez.jpg\" alt=\"\" title=\"\"\/><\/figure>\n\n\n\n<h2 class=\"wp-block-heading\">Daniel Scioli: choques iniciales y orden al final<\/h2>\n\n\n\n<p>Vicepresidente de&nbsp;<strong>N\u00e9stor Kirchner,<\/strong>&nbsp;el siempre polifac\u00e9tico Scioli que hoy forma parte, de manera muy entusiasta y celberatoria, del gobierno de Javier Milei, mantuvo una tensa relaci\u00f3n con el santacruce\u00f1o en el inicio de un mandato que estaba marcado todav\u00eda por los ecos de la crisis de 2001. Este v\u00ednculo que comenz\u00f3 fr\u00edo fue sin embargo volvi\u00e9ndose m\u00e1s fluido, a tal punto que en 2007 fue el candidato de la Casa Rosada para la disputa por la gobernaci\u00f3n de la provincia de Buenos Aires, cargo que ocup\u00f3 durante dos mandatos consecutivos y tras los cuales obtuvo el visto bueno de la entonces presidenta&nbsp;<strong>Cristina Kirchner<\/strong>&nbsp;para ser el candidato presidencial del oficialismo en 2015.<\/p>\n\n\n\n<figure class=\"wp-block-image\" id=\"8194365-Libre-465205086_wrap\"><img decoding=\"async\" src=\"https:\/\/media.minutouno.com\/p\/46664cfafe9bddcc854a9b3122ca3779\/adjuntos\/150\/imagenes\/043\/206\/0043206479\/610x0\/920x453:940x473\/daniel-scioli.jpg\" alt=\"\" title=\"\"\/><\/figure>\n\n\n\n<h2 class=\"wp-block-heading\">Julio Cobos: el \u201cno positivo\u201d<\/h2>\n\n\n\n<p>Vicepresidente de&nbsp;<strong>Cristina Kirchner<\/strong>&nbsp;en el intento del kirchnerismo por conformar una amplia alianza transversal que excediera al peronismo, termin\u00f3 por sentenciar la derrota del gobierno en la crisis que abri\u00f3 en 2008 el intento por imponer las retenciones m\u00f3viles a la soja. Para zanjar la crisis Cristina resolvi\u00f3 que fuera el Congreso el que definiera la disputa por la famosa Resoluci\u00f3n 125. Aprobada en Diputados lleg\u00f3 el momento del debate en el Senado y tras el empate en la votaci\u00f3n Cobos fue el encargado de desempatar. Su &#8220;mi voto no es positivo&#8221; sentenci\u00f3 el quiebre definitivo con la Casa Rosada. Cobos lo utiliz\u00f3 luego como plataforma para intentar una carrera a la presidencia que qued\u00f3 solo en aspiraciones.<\/p>\n\n\n\n<figure class=\"wp-block-image\" id=\"8194369-Libre-1383660092_wrap\"><img decoding=\"async\" src=\"https:\/\/media.minutouno.com\/p\/4a2476987c6f7e8a1fafdb66def3f0a2\/adjuntos\/150\/imagenes\/043\/206\/0043206483\/610x0\/999x496:1019x516\/julio-cobos.jpg\" alt=\"\" title=\"\"\/><\/figure>\n\n\n\n<h2 class=\"wp-block-heading\">Amado Boudou: el vice condenado<\/h2>\n\n\n\n<p>Vicepresidente en el segundo mandato de Cristina Kirchner mantuvo siempre una buena relaci\u00f3n con la presidenta pero su paso por el cargo termin\u00f3 en esc\u00e1ndalo tras ser involucrado en el denominado caso Ciccone, De hecho Boudou fue condenado mientras ejerc\u00eda el cargo, protagonizando uno de los mayores esc\u00e1ndalos institucionales desde el regreso de la democracia.<\/p>\n\n\n\n<figure class=\"wp-block-image\" id=\"8194362-Libre-390460622_wrap\"><img decoding=\"async\" src=\"https:\/\/media.minutouno.com\/p\/0f8bf2cffe08338456fa3cb611b509e3\/adjuntos\/150\/imagenes\/043\/206\/0043206475\/610x0\/1018x390:1038x410\/amado-boudou.jpg\" alt=\"\" title=\"\"\/><\/figure>\n\n\n\n<h2 class=\"wp-block-heading\">Gabriela Michetti: marginal en la gesti\u00f3n<\/h2>\n\n\n\n<p>Vicepresidenta de&nbsp;<strong>Mauricio Macri<\/strong>, es una de las pocas cuyo v\u00ednculo no termin\u00f3 en esc\u00e1ndalo pero s\u00ed perdi\u00f3 protagonismo r\u00e1pidamente y qued\u00f3 completamente relegada de la gesti\u00f3n hasta el punto de pr\u00e1cticamente desaparecer y apenas desempe\u00f1ar una papel meramente protocolar.<\/p>\n\n\n\n<figure class=\"wp-block-image\" id=\"8194367-Libre-1438558559_wrap\"><img decoding=\"async\" src=\"https:\/\/media.minutouno.com\/p\/5a831ca4fb245c6d3b349daa7faadee1\/adjuntos\/150\/imagenes\/043\/206\/0043206481\/610x0\/907x328:927x348\/gabriela-michetti.jpg\" alt=\"\" title=\"\"\/><\/figure>\n\n\n\n<h2 class=\"wp-block-heading\">Cristina Kirchner: la vice que condicion\u00f3 al presidente<\/h2>\n\n\n\n<p>En el gobierno de&nbsp;<strong>Alberto Fern\u00e1ndez<\/strong>, Cristina marc\u00f3 la agenda desde el Senado y condicion\u00f3 las decisiones del Ejecutivo. De hecho estuvo detr\u00e1s de las salidas de numerosos funcionarios, entre ellos el entonces ministro de Econom\u00eda,&nbsp;<strong>Mart\u00edn Guzm\u00e1n<\/strong>, a quien esmeril\u00f3 e intent\u00f3 condicionar hasta provocar su renuncia. Cristina termin\u00f3 por romper p\u00fablicamente el gobierno y provocar una profunda crisis de legitimidad del presidente Fern\u00e1ndez.<\/p>\n\n\n\n<figure class=\"wp-block-image\" id=\"8194364-Libre-228304793_wrap\"><img decoding=\"async\" src=\"https:\/\/media.minutouno.com\/p\/0f1aa329a8ab75ba163dd3de58e782f4\/adjuntos\/150\/imagenes\/043\/206\/0043206478\/610x0\/930x449:950x469\/cristina-kirchner.jpg\" alt=\"\" title=\"\"\/><\/figure>\n\n\n\n<h2 class=\"wp-block-heading\">Victoria Villarruel: la tensi\u00f3n libertaria<\/h2>\n\n\n\n<p>Hoy, la relaci\u00f3n entre Villarruel y Milei est\u00e1 completamente rota. Desde la Casa Rosada ya repitieron en reiteradas oportunidades que la viocepresidenta no forma parte de la gesti\u00f3n y hasta la trataron de golpista. Sin vuelta atr\u00e1s, Villarruel asegur\u00f3 que intentan forzar su renuncia pero advirti\u00f3 que no ceder\u00e1 y no les dar\u00e1 &#8220;el gusto&#8221;.<\/p>\n\n\n\n<figure class=\"wp-block-image\" id=\"8194370-Libre-628025118_wrap\"><img decoding=\"async\" src=\"https:\/\/media.minutouno.com\/p\/181f03ad41823fd4bfe812a80a09d890\/adjuntos\/150\/imagenes\/043\/206\/0043206484\/610x0\/999x312:1019x332\/victoria-villarruel.jpg\" alt=\"\" title=\"\"\/><\/figure>\n\n\n\n<p><\/p>\n","protected":false},"excerpt":{"rendered":"<p>La guerra total entre Javier Milei y Victoria Villarruel se sum\u00f3 a la larga historia de conflictos que marcaron las relaciones entre presidentes y sus&hellip; <\/p>\n","protected":false},"author":2,"featured_media":37892,"comment_status":"open","ping_status":"open","sticky":false,"template":"","format":"standard","meta":{"footnotes":""},"categories":[9,5],"tags":[],"class_list":["post-37891","post","type-post","status-publish","format-standard","has-post-thumbnail","hentry","category-destacadas","category-politica"],"_links":{"self":[{"href":"https:\/\/lametro989.com\/index.php?rest_route=\/wp\/v2\/posts\/37891","targetHints":{"allow":["GET"]}}],"collection":[{"href":"https:\/\/lametro989.com\/index.php?rest_route=\/wp\/v2\/posts"}],"about":[{"href":"https:\/\/lametro989.com\/index.php?rest_route=\/wp\/v2\/types\/post"}],"author":[{"embeddable":true,"href":"https:\/\/lametro989.com\/index.php?rest_route=\/wp\/v2\/users\/2"}],"replies":[{"embeddable":true,"href":"https:\/\/lametro989.com\/index.php?rest_route=%2Fwp%2Fv2%2Fcomments&post=37891"}],"version-history":[{"count":1,"href":"https:\/\/lametro989.com\/index.php?rest_route=\/wp\/v2\/posts\/37891\/revisions"}],"predecessor-version":[{"id":37893,"href":"https:\/\/lametro989.com\/index.php?rest_route=\/wp\/v2\/posts\/37891\/revisions\/37893"}],"wp:featuredmedia":[{"embeddable":true,"href":"https:\/\/lametro989.com\/index.php?rest_route=\/wp\/v2\/media\/37892"}],"wp:attachment":[{"href":"https:\/\/lametro989.com\/index.php?rest_route=%2Fwp%2Fv2%2Fmedia&parent=37891"}],"wp:term":[{"taxonomy":"category","embeddable":true,"href":"https:\/\/lametro989.com\/index.php?rest_route=%2Fwp%2Fv2%2Fcategories&post=37891"},{"taxonomy":"post_tag","embeddable":true,"href":"https:\/\/lametro989.com\/index.php?rest_route=%2Fwp%2Fv2%2Ftags&post=37891"}],"curies":[{"name":"wp","href":"https:\/\/api.w.org\/{rel}","templated":true}]}}