{"id":37897,"date":"2026-03-04T10:47:28","date_gmt":"2026-03-04T13:47:28","guid":{"rendered":"https:\/\/lametro989.com\/?p=37897"},"modified":"2026-03-04T10:47:28","modified_gmt":"2026-03-04T13:47:28","slug":"el-dolor-que-muchos-duenos-no-ven-que-les-pasa-a-los-perros-viejitos-cuando-cambia-el-clima","status":"publish","type":"post","link":"https:\/\/lametro989.com\/?p=37897","title":{"rendered":"El dolor que muchos due\u00f1os no ven: \u00bfqu\u00e9 les pasa a los perros viejitos cuando cambia el clima?"},"content":{"rendered":"\n<p>Con la llegada de los d\u00edas h\u00famedos y los cambios de temperatura, no solo las personas mayores sienten molestias en las articulaciones. Los perros de m\u00e1s de 10 a\u00f1os tambi\u00e9n pueden sufrir dolores \u00f3seos y rigidez cuando aumenta la humedad o bajan las temperaturas, un fen\u00f3meno bastante com\u00fan en animales que atraviesan la etapa m\u00e1s avanzada de su vida.<\/p>\n\n\n\n<figure class=\"wp-block-image size-large\"><img loading=\"lazy\" decoding=\"async\" width=\"927\" height=\"1024\" src=\"https:\/\/lametro989.com\/wp-content\/uploads\/2026\/03\/image-35-927x1024.png\" alt=\"\" class=\"wp-image-37898\" srcset=\"https:\/\/lametro989.com\/wp-content\/uploads\/2026\/03\/image-35-927x1024.png 927w, https:\/\/lametro989.com\/wp-content\/uploads\/2026\/03\/image-35-271x300.png 271w, https:\/\/lametro989.com\/wp-content\/uploads\/2026\/03\/image-35-768x849.png 768w, https:\/\/lametro989.com\/wp-content\/uploads\/2026\/03\/image-35.png 1000w\" sizes=\"auto, (max-width: 927px) 100vw, 927px\" \/><\/figure>\n\n\n\n<p>Veterinarios explican que el principal motivo suele ser la artrosis o el desgaste natural de las articulaciones, una condici\u00f3n muy frecuente en perros mayores. Con el paso del tiempo, el cart\u00edlago que protege las articulaciones se deteriora, lo que provoca inflamaci\u00f3n, dolor y dificultades para moverse.<\/p>\n\n\n\n<p>En ese contexto, los d\u00edas fr\u00edos o con alta humedad pueden agravar los s\u00edntomas. Los cambios de presi\u00f3n atmosf\u00e9rica y el clima h\u00famedo influyen en la inflamaci\u00f3n de los tejidos que rodean las articulaciones, generando m\u00e1s molestias en caderas, rodillas o columna.<\/p>\n\n\n\n<p>Los due\u00f1os suelen notar algunos signos claros cuando esto ocurre. Entre los m\u00e1s frecuentes aparecen la rigidez al levantarse, caminatas m\u00e1s lentas, dificultad para subir escaleras o saltar, y menor actividad durante el d\u00eda. En algunos casos, el animal tambi\u00e9n puede quejarse o evitar que le toquen determinadas zonas del cuerpo.<\/p>\n\n\n\n<p>Especialistas recomiendan prestar atenci\u00f3n a estos cambios de comportamiento, ya que muchas veces el dolor articular aparece de forma gradual y pasa desapercibido.<\/p>\n\n\n\n<p>Para mejorar la calidad de vida de los perros mayores, los veterinarios sugieren mantenerlos abrigados, ofrecerles camas blandas o colchones ortop\u00e9dicos, realizar caminatas suaves pero regulares y consultar por suplementos articulares como glucosamina, condroitina u omega 3.<\/p>\n\n\n\n<p>En casos m\u00e1s avanzados, el veterinario puede indicar tratamientos espec\u00edficos para aliviar el dolor y la inflamaci\u00f3n.<\/p>\n\n\n\n<p>Un dato importante que remarcan los profesionales es no administrar medicamentos humanos a los perros, ya que muchos analg\u00e9sicos de uso com\u00fan pueden resultar t\u00f3xicos para los animales.<\/p>\n\n\n\n<p>As\u00ed como ocurre con las personas, el paso de los a\u00f1os tambi\u00e9n deja huella en el cuerpo de los perros, y los cambios de clima suelen ser el momento en que esas molestias se hacen m\u00e1s evidentes.<\/p>\n","protected":false},"excerpt":{"rendered":"<p>Con la llegada de los d\u00edas h\u00famedos y los cambios de temperatura, no solo las personas mayores sienten molestias en las articulaciones. Los perros de&hellip; <\/p>\n","protected":false},"author":2,"featured_media":37898,"comment_status":"open","ping_status":"open","sticky":false,"template":"","format":"standard","meta":{"footnotes":""},"categories":[13],"tags":[],"class_list":["post-37897","post","type-post","status-publish","format-standard","has-post-thumbnail","hentry","category-nacionales"],"_links":{"self":[{"href":"https:\/\/lametro989.com\/index.php?rest_route=\/wp\/v2\/posts\/37897","targetHints":{"allow":["GET"]}}],"collection":[{"href":"https:\/\/lametro989.com\/index.php?rest_route=\/wp\/v2\/posts"}],"about":[{"href":"https:\/\/lametro989.com\/index.php?rest_route=\/wp\/v2\/types\/post"}],"author":[{"embeddable":true,"href":"https:\/\/lametro989.com\/index.php?rest_route=\/wp\/v2\/users\/2"}],"replies":[{"embeddable":true,"href":"https:\/\/lametro989.com\/index.php?rest_route=%2Fwp%2Fv2%2Fcomments&post=37897"}],"version-history":[{"count":1,"href":"https:\/\/lametro989.com\/index.php?rest_route=\/wp\/v2\/posts\/37897\/revisions"}],"predecessor-version":[{"id":37899,"href":"https:\/\/lametro989.com\/index.php?rest_route=\/wp\/v2\/posts\/37897\/revisions\/37899"}],"wp:featuredmedia":[{"embeddable":true,"href":"https:\/\/lametro989.com\/index.php?rest_route=\/wp\/v2\/media\/37898"}],"wp:attachment":[{"href":"https:\/\/lametro989.com\/index.php?rest_route=%2Fwp%2Fv2%2Fmedia&parent=37897"}],"wp:term":[{"taxonomy":"category","embeddable":true,"href":"https:\/\/lametro989.com\/index.php?rest_route=%2Fwp%2Fv2%2Fcategories&post=37897"},{"taxonomy":"post_tag","embeddable":true,"href":"https:\/\/lametro989.com\/index.php?rest_route=%2Fwp%2Fv2%2Ftags&post=37897"}],"curies":[{"name":"wp","href":"https:\/\/api.w.org\/{rel}","templated":true}]}}