{"id":379,"date":"2023-06-22T21:09:56","date_gmt":"2023-06-23T00:09:56","guid":{"rendered":"https:\/\/lametro989.com\/?p=379"},"modified":"2023-06-22T21:09:56","modified_gmt":"2023-06-23T00:09:56","slug":"corrientes-don-osvaldo-la-banda-del-ex-callejeros-pato-fontanet-llega-al-cocomarola","status":"publish","type":"post","link":"https:\/\/lametro989.com\/?p=379","title":{"rendered":"Corrientes: &#8220;Don Osvaldo&#8221;, la banda del ex &#8220;Callejeros&#8221;, &#8220;Pato Fontanet, llega al Cocomarola"},"content":{"rendered":"\n<p>La banda porte\u00f1a anunci\u00f3 fecha de show para este 5 de agosto en Corrientes Capital, aunque en principio el escenario ubicado por Av. Centenario, este fin de semana largo Don Osvaldo public\u00f3 en sus redes sociales un nuevo flayer con otra locaci\u00f3n: el anfiteatro Mario del Tr\u00e1nsito Cocomarola.<\/p>\n\n\n\n<figure class=\"wp-block-image size-full\"><img loading=\"lazy\" decoding=\"async\" width=\"333\" height=\"185\" src=\"https:\/\/lametro989.com\/wp-content\/uploads\/2023\/06\/image.png\" alt=\"\" class=\"wp-image-381\" srcset=\"https:\/\/lametro989.com\/wp-content\/uploads\/2023\/06\/image.png 333w, https:\/\/lametro989.com\/wp-content\/uploads\/2023\/06\/image-300x167.png 300w\" sizes=\"auto, (max-width: 333px) 100vw, 333px\" \/><\/figure>\n\n\n\n<p>Ante esta modificaci\u00f3n en el escenario, la expectativa por el show de Don Osvaldo en la Ciudad de Corrientes se ha incrementado notablemente. La banda, liderada por Patricio Santos Fontanet en la voz y coros, junto a \u00c1lvaro Puentes en las guitarras y coros, Christian Torrej\u00f3n en el bajo, Gabriel Ger\u00e9z en el piano y teclados, Gast\u00f3n Videla en las guitarras, Juan Falcone en la percusi\u00f3n, Leopoldo Janin en el saxof\u00f3n y Luis G Lamas en la bater\u00eda y percusi\u00f3n, ha logrado consolidarse como uno de los referentes del rock nacional.<\/p>\n\n\n\n<p>La fecha para este esperado espect\u00e1culo est\u00e1 programada para el 5 de agosto. Las entradas ya est\u00e1n a la venta en varios puntos de venta en diferentes ciudades del pa\u00eds, como Corrientes, Resistencia (Chaco), Posadas (Misiones), Formosa, C\u00f3rdoba, Rosario (Santa Fe) y Buenos Aires. Adem\u00e1s, los fan\u00e1ticos tambi\u00e9n tienen la opci\u00f3n de adquirir sus boletos de manera online a trav\u00e9s del sitio web edenentradas.com.<\/p>\n\n\n\n<p>La elecci\u00f3n del Anfiteatro Cocomarola como el nuevo escenario para el concierto de Don Osvaldo ha generado un mayor inter\u00e9s en el evento. Este anfiteatro, bautizado en honor al legendario acordeonista Mario del Tr\u00e1nsito Cocomarola, es reconocido como uno de los espacios culturales m\u00e1s importantes de la regi\u00f3n. Su capacidad para albergar a miles de espectadores y su atm\u00f3sfera \u00fanica hacen de este lugar un marco ideal para disfrutar de la m\u00fasica en vivo.<\/p>\n\n\n\n<p>La llegada de Don Osvaldo a Corrientes promete ser gran encuentro entre la banda y sus seguidores. El repertorio incluir\u00e1 sus m\u00e1s grandes \u00e9xitos, as\u00ed como tambi\u00e9n presentar\u00e1n nuevas canciones de su \u00faltimo \u00e1lbum. La energ\u00eda y la pasi\u00f3n que caracterizan las presentaciones en vivo de la agrupaci\u00f3n seguramente contagiar\u00e1n al p\u00fablico presente, convirtiendo esta noche en un verdadero espect\u00e1culo de rock.<\/p>\n\n\n\n<p>Para los fan\u00e1ticos de Don Osvaldo y del rock nacional, esta es una oportunidad \u00fanica de presenciar a una de las bandas m\u00e1s influyentes del pa\u00eds en un escenario de renombre. El cambio de locaci\u00f3n ha generado cierta incertidumbre, pero a su vez ha a\u00f1adido un componente de emoci\u00f3n adicional a la espera del concierto. Los seguidores de la banda est\u00e1n ansiosos por disfrutar de una noche llena de m\u00fasica.<\/p>\n\n\n\n<p><strong>Las anticipadas est\u00e1n disponibles en los siguientes puntos de venta:<\/strong><\/p>\n\n\n\n<p>Que Sea Rock (Pellegrini 1501, Ctes.)<\/p>\n\n\n\n<p>OPUI (Mitre 225, Rcia.)<\/p>\n\n\n\n<p>El Agite Rock (Av. Italia 1246, Fsa.)<\/p>\n\n\n\n<p>Thad Methal Shop (Jujuy 2492, Posadas, Misiones.)<\/p>\n","protected":false},"excerpt":{"rendered":"<p>La banda porte\u00f1a anunci\u00f3 fecha de show para este 5 de agosto en Corrientes Capital, aunque en principio el escenario ubicado por Av. Centenario, este&hellip; <\/p>\n","protected":false},"author":2,"featured_media":381,"comment_status":"open","ping_status":"open","sticky":false,"template":"","format":"standard","meta":{"footnotes":""},"categories":[2],"tags":[],"class_list":["post-379","post","type-post","status-publish","format-standard","has-post-thumbnail","hentry","category-provinciales"],"_links":{"self":[{"href":"https:\/\/lametro989.com\/index.php?rest_route=\/wp\/v2\/posts\/379","targetHints":{"allow":["GET"]}}],"collection":[{"href":"https:\/\/lametro989.com\/index.php?rest_route=\/wp\/v2\/posts"}],"about":[{"href":"https:\/\/lametro989.com\/index.php?rest_route=\/wp\/v2\/types\/post"}],"author":[{"embeddable":true,"href":"https:\/\/lametro989.com\/index.php?rest_route=\/wp\/v2\/users\/2"}],"replies":[{"embeddable":true,"href":"https:\/\/lametro989.com\/index.php?rest_route=%2Fwp%2Fv2%2Fcomments&post=379"}],"version-history":[{"count":1,"href":"https:\/\/lametro989.com\/index.php?rest_route=\/wp\/v2\/posts\/379\/revisions"}],"predecessor-version":[{"id":384,"href":"https:\/\/lametro989.com\/index.php?rest_route=\/wp\/v2\/posts\/379\/revisions\/384"}],"wp:featuredmedia":[{"embeddable":true,"href":"https:\/\/lametro989.com\/index.php?rest_route=\/wp\/v2\/media\/381"}],"wp:attachment":[{"href":"https:\/\/lametro989.com\/index.php?rest_route=%2Fwp%2Fv2%2Fmedia&parent=379"}],"wp:term":[{"taxonomy":"category","embeddable":true,"href":"https:\/\/lametro989.com\/index.php?rest_route=%2Fwp%2Fv2%2Fcategories&post=379"},{"taxonomy":"post_tag","embeddable":true,"href":"https:\/\/lametro989.com\/index.php?rest_route=%2Fwp%2Fv2%2Ftags&post=379"}],"curies":[{"name":"wp","href":"https:\/\/api.w.org\/{rel}","templated":true}]}}