{"id":37900,"date":"2026-03-04T12:13:20","date_gmt":"2026-03-04T15:13:20","guid":{"rendered":"https:\/\/lametro989.com\/?p=37900"},"modified":"2026-03-04T12:13:20","modified_gmt":"2026-03-04T15:13:20","slug":"que-piensa-el-hincha-de-boca-de-una-posible-vuelta-de-villa-al-club","status":"publish","type":"post","link":"https:\/\/lametro989.com\/?p=37900","title":{"rendered":"\u00bfQu\u00e9 piensa el hincha de Boca de una posible vuelta de Villa al club?"},"content":{"rendered":"\n<p>La noticia que irrumpi\u00f3 en el mundo futbol\u00edstico a partir de la versi\u00f3n que pon\u00eda a\u00a0<strong><a href=\"https:\/\/www.ole.com.ar\/tema\/sebastian-villa.html\">Sebasti\u00e1n Villa<\/a><\/strong>\u00a0en la \u00f3rbita de\u00a0<strong><a href=\"https:\/\/www.ole.com.ar\/tema\/boca-juniors.html\">Boca<\/a><\/strong>\u00a0pod\u00eda tener un componente de sorpresa a\u00fan mayor.\u00a0<strong>Es que -despu\u00e9s de todo lo que termin\u00f3 con el jugador fuera del club y de sus declaraciones afines a ponerse la camiseta de River- la sensaci\u00f3n era que no tendr\u00eda mucho espacio para volver al club en el que jug\u00f3 entre 2019 y 2023.<\/strong><\/p>\n\n\n\n<figure class=\"wp-block-image size-full\"><img loading=\"lazy\" decoding=\"async\" width=\"192\" height=\"128\" src=\"https:\/\/lametro989.com\/wp-content\/uploads\/2026\/03\/image-36.png\" alt=\"\" class=\"wp-image-37901\"\/><\/figure>\n\n\n\n<p>Una de las fricciones, se supon\u00eda, ser\u00edan los hinchas. Pero tal vez por la falta de refuerzos en cantidad, por el momento del equipo o porque el tiempo cur\u00f3 las heridas,&nbsp;<strong>lo cierto es que la opini\u00f3n de la gente est\u00e1 dividida. Y eso ya es mucho decir en favor de que el posible pase se termine dando.<\/strong><\/p>\n\n\n\n<p>La encuesta Ol\u00e9, en ese sentido, no dej\u00f3 margen en cuanto a las opiniones requeridas:\u00a0<strong>los escenarios eran tres, entre el positivo &#8220;lo necesitamos&#8221;, el negativo &#8220;no puede volver nunca&#8221; y el m\u00e1s neutro &#8220;me da lo mismo&#8221;.<\/strong> Y el resultado, cuando los votos giraban en torno a los 15.000 usuarios, le daba la delantera a la primera opci\u00f3n con&nbsp;<strong>un 42% de los clicks, contra un 40% de aquellos que no quieren saber nada con un regreso y un 18% de quienes no se la juegan<\/strong>, aunque eso -trat\u00e1ndose de un caso tan pol\u00e9mico como el de Villa- parece tener un condimento m\u00e1s a favor que en contra.<\/p>\n\n\n\n<h2 class=\"wp-block-heading\"><strong>Algunas conclusiones<\/strong><\/h2>\n\n\n\n<p>Las conclusiones marcan, entonces, que el costo pol\u00edtico de recontratar a un personaje que sali\u00f3 del club despu\u00e9s de haber recibido una condena por el delito de violencia de g\u00e9nero estar\u00e1 amortiguado por el contexto de la actualidad.&nbsp;<strong>Y que no dejar\u00e1 de tener una opini\u00f3n dividida, pero en la cual tambi\u00e9n pueden pesar las urgencias futbol\u00edsticas.<\/strong><\/p>\n\n\n\n<p><img loading=\"lazy\" decoding=\"async\" alt=\"Para Riquelme, Villa siempre fue una debilidad futbol\u00edstica.\" width=\"720\" height=\"100\" src=\"https:\/\/www.ole.com.ar\/images\/2022\/05\/22\/CQlDxqlTd_720x0__1.jpg\">Para Riquelme, Villa siempre fue una debilidad futbol\u00edstica.<\/p>\n\n\n\n<h2 class=\"wp-block-heading\"><strong>Palabras desde Mendoza<\/strong><\/h2>\n\n\n\n<p>&#8220;Estoy enfocado 100% en Independiente.&nbsp;<strong>Se encarga mi repre. Veremos a mitad de a\u00f1o qu\u00e9 puede pasar&#8221;,<\/strong>&nbsp;respondi\u00f3 Villa en el campo de juego luego del empate ante River, consultado sobre su posible retorno a Boca.<\/p>\n\n\n\n<p>&#8220;Me parece que no es nada m\u00e1s que un rumor, no hay nada de cierto en eso, lo desmiento categ\u00f3ricamente&nbsp;<strong>. Sebasti\u00e1n Villa es jugador de Independiente, va a jugar en Independiente&#8221;<\/strong>, expres\u00f3, en tanto, Daniel Vila, el presidente del club mendocino.<\/p>\n","protected":false},"excerpt":{"rendered":"<p>La noticia que irrumpi\u00f3 en el mundo futbol\u00edstico a partir de la versi\u00f3n que pon\u00eda a\u00a0Sebasti\u00e1n Villa\u00a0en la \u00f3rbita de\u00a0Boca\u00a0pod\u00eda tener un componente de sorpresa&hellip; <\/p>\n","protected":false},"author":2,"featured_media":37901,"comment_status":"open","ping_status":"open","sticky":false,"template":"","format":"standard","meta":{"footnotes":""},"categories":[10],"tags":[],"class_list":["post-37900","post","type-post","status-publish","format-standard","has-post-thumbnail","hentry","category-deportes"],"_links":{"self":[{"href":"https:\/\/lametro989.com\/index.php?rest_route=\/wp\/v2\/posts\/37900","targetHints":{"allow":["GET"]}}],"collection":[{"href":"https:\/\/lametro989.com\/index.php?rest_route=\/wp\/v2\/posts"}],"about":[{"href":"https:\/\/lametro989.com\/index.php?rest_route=\/wp\/v2\/types\/post"}],"author":[{"embeddable":true,"href":"https:\/\/lametro989.com\/index.php?rest_route=\/wp\/v2\/users\/2"}],"replies":[{"embeddable":true,"href":"https:\/\/lametro989.com\/index.php?rest_route=%2Fwp%2Fv2%2Fcomments&post=37900"}],"version-history":[{"count":1,"href":"https:\/\/lametro989.com\/index.php?rest_route=\/wp\/v2\/posts\/37900\/revisions"}],"predecessor-version":[{"id":37902,"href":"https:\/\/lametro989.com\/index.php?rest_route=\/wp\/v2\/posts\/37900\/revisions\/37902"}],"wp:featuredmedia":[{"embeddable":true,"href":"https:\/\/lametro989.com\/index.php?rest_route=\/wp\/v2\/media\/37901"}],"wp:attachment":[{"href":"https:\/\/lametro989.com\/index.php?rest_route=%2Fwp%2Fv2%2Fmedia&parent=37900"}],"wp:term":[{"taxonomy":"category","embeddable":true,"href":"https:\/\/lametro989.com\/index.php?rest_route=%2Fwp%2Fv2%2Fcategories&post=37900"},{"taxonomy":"post_tag","embeddable":true,"href":"https:\/\/lametro989.com\/index.php?rest_route=%2Fwp%2Fv2%2Ftags&post=37900"}],"curies":[{"name":"wp","href":"https:\/\/api.w.org\/{rel}","templated":true}]}}