{"id":37904,"date":"2026-03-05T07:31:36","date_gmt":"2026-03-05T10:31:36","guid":{"rendered":"https:\/\/lametro989.com\/?p=37904"},"modified":"2026-03-05T07:31:36","modified_gmt":"2026-03-05T10:31:36","slug":"gobernadores-le-votan-todo-al-gobierno-nacional-pero-las-provincias-cada-vez-reciben-menos","status":"publish","type":"post","link":"https:\/\/lametro989.com\/?p=37904","title":{"rendered":"Gobernadores le votan todo al Gobierno nacional, pero las provincias cada vez reciben menos"},"content":{"rendered":"\n<p>Un informe revel\u00f3 que en los dos primeros meses del a\u00f1o los fondos coparticipables bajaron en casi un bill\u00f3n de pesos. Sin embargo, los gobernadores siguen siendo los principales sostenes pol\u00edticos del oficialismo.<\/p>\n\n\n\n<figure class=\"wp-block-image size-full\"><img loading=\"lazy\" decoding=\"async\" width=\"700\" height=\"445\" src=\"https:\/\/lametro989.com\/wp-content\/uploads\/2026\/03\/image-37.png\" alt=\"\" class=\"wp-image-37905\" srcset=\"https:\/\/lametro989.com\/wp-content\/uploads\/2026\/03\/image-37.png 700w, https:\/\/lametro989.com\/wp-content\/uploads\/2026\/03\/image-37-300x191.png 300w\" sizes=\"auto, (max-width: 700px) 100vw, 700px\" \/><\/figure>\n\n\n\n<p>Las provincias perdieron casi un bill\u00f3n de pesos en los dos primeros meses del a\u00f1o por la ca\u00edda de los recursos coparticipables. Aun as\u00ed, el presidente Javier Milei y su ministro de Econom\u00eda, Luis Caputo, logran que los gobernadores acompa\u00f1en sus principales proyectos en el Congreso, incluso cuando sus efectos terminan yendo en contra de los intereses provinciales. Los fondos que luego se canalizan hacia estos mandatarios dialoguistas no alcanzan, ni de lejos, a compensar esas p\u00e9rdidas, que reci\u00e9n empiezan a sentirse. \u201cEl mes que viene va a ser peor todav\u00eda\u201d, anticip\u00f3 el diputado Guillermo Michel, autor del informe.<\/p>\n\n\n\n<p>La baja de la recaudaci\u00f3n en t\u00e9rminos reales fue de 7,6% en enero y de 9,7% en febrero, lo que implic\u00f3 una merma de 964.619 millones de pesos -poco menos de un bill\u00f3n- en recursos coparticipables. Como era esperable, la provincia m\u00e1s perjudicada fue Buenos Aires, con 204.499 millones de pesos menos en apenas un bimestre.<\/p>\n\n\n\n<p>Detr\u00e1s se ubicaron Santa Fe (82.957 millones) y C\u00f3rdoba (81.028 millones). En Santa Fe, el gobernador Maximiliano Pullaro debi\u00f3 enfrentar en los \u00faltimos d\u00edas conflictos con estatales y docentes, adem\u00e1s de una crisis policial. Sin embargo, evita se\u00f1alar a Javier Milei como origen de sus problemas y el domingo se mostr\u00f3 junto a sus pares en el palco oficial del Congreso para escuchar al Presidente.<\/p>\n\n\n\n<p>Cerca suyo se ubic\u00f3 el gobernador cordob\u00e9s Mart\u00edn Llaryora, que completa el podio de afectados por la ca\u00edda de recursos. Con la estrat\u00e9gica ausencia de tres diputados, el peronismo cordob\u00e9s result\u00f3 clave para la aprobaci\u00f3n de la reforma laboral sin modificaciones.<\/p>\n\n\n\n<p>En \u00e1mbitos pol\u00edticos circul\u00f3 la versi\u00f3n de que, a partir de ese gesto, C\u00f3rdoba pudo destrabar el env\u00edo de giros mensuales de la Naci\u00f3n para cubrir la deuda con su caja previsional. El ministro de Econom\u00eda, Luis Caputo, confirm\u00f3 en su reciente paso por la provincia que la ANSES duplicar\u00e1 esos env\u00edos, que pasar\u00e1n de 5.000 a 10.000 millones de pesos mensuales a partir de mayo.<\/p>\n\n\n\n<p>Sin embargo, el titular de la caja cordobesa, Adri\u00e1n Danele, advirti\u00f3 que ese monto representa apenas el 25% del d\u00e9ficit mensual de 40.000 millones que enfrenta la provincia s\u00f3lo en materia previsional. Muy lejos, adem\u00e1s, de compensar los 81.000 millones de pesos perdidos de coparticipaci\u00f3n en el primer bimestre del a\u00f1o.<\/p>\n\n\n\n<p>\u201cNo le encuentro explicaci\u00f3n\u201d, afirma el diputado Guillermo Michel sobre la actitud de los gobernadores que acompa\u00f1an las principales pol\u00edticas del gobierno de Javier Milei. Seg\u00fan su an\u00e1lisis, lo que la Casa Rosada puede transferirles a trav\u00e9s de ATN o mediante la devoluci\u00f3n en cuotas de las deudas con las cajas previsionales representa bastante menos que lo que pierden por coparticipaci\u00f3n, en un contexto que adem\u00e1s no ofrece se\u00f1ales de mejora. \u201cEl mes que viene va a ser peor. En abril va a mejorar la recaudaci\u00f3n, pero ser\u00e1 por la cosecha gruesa y eso no se coparticipa\u201d, advierte.<\/p>\n\n\n\n<p>La ca\u00edda impacta, justamente, en los tributos que financian a las provincias. Afecta tanto a los recursos coparticipables como a impuestos propios, como Ingresos Brutos, golpeados por el menor nivel de actividad. Adem\u00e1s, las provincias dejaron de recibir obra p\u00fablica, otro gasto que deben asumir.<\/p>\n\n\n\n<p>En el caso de los peronistas que colaboran con la Casa Rosada, el gobernador de Tucum\u00e1n, Osvaldo Jaldo, registr\u00f3 una ca\u00edda de 44.372 millones de pesos en el primer bimestre, mientras que el de Catamarca, Ra\u00fal Jalil, perdi\u00f3 25.050 millones.<br>En Catamarca, este mi\u00e9rcoles hubo una protesta docente calificada como hist\u00f3rica por su nivel de convocatoria, que sum\u00f3 adem\u00e1s a trabajadores de la salud estatal, en un reclamo conjunto por mejoras salariales y condiciones laborales. En Tucum\u00e1n, en tanto, los docentes tambi\u00e9n realizaron un paro y se mantienen en conflicto. En paralelo, Jujuy se convirti\u00f3 en otro de los distritos donde las fuerzas de seguridad iniciaron un reclamo de recomposici\u00f3n de haberes.<\/p>\n\n\n\n<p>En ese contexto, el cuadro gana en tensi\u00f3n: gobernadores que pierden recursos, enfrentan conflictos crecientes en sus provincias y, aun as\u00ed, sostienen al Gobierno en el Congreso. La inc\u00f3gnita es cu\u00e1nto tiempo m\u00e1s podr\u00e1 mantenerse ese equilibrio inestable si el deterioro fiscal y social, como aseguran los especialistas, reci\u00e9n comienza.<\/p>\n","protected":false},"excerpt":{"rendered":"<p>Un informe revel\u00f3 que en los dos primeros meses del a\u00f1o los fondos coparticipables bajaron en casi un bill\u00f3n de pesos. Sin embargo, los gobernadores&hellip; <\/p>\n","protected":false},"author":2,"featured_media":37905,"comment_status":"open","ping_status":"open","sticky":false,"template":"","format":"standard","meta":{"footnotes":""},"categories":[9,2],"tags":[],"class_list":["post-37904","post","type-post","status-publish","format-standard","has-post-thumbnail","hentry","category-destacadas","category-provinciales"],"_links":{"self":[{"href":"https:\/\/lametro989.com\/index.php?rest_route=\/wp\/v2\/posts\/37904","targetHints":{"allow":["GET"]}}],"collection":[{"href":"https:\/\/lametro989.com\/index.php?rest_route=\/wp\/v2\/posts"}],"about":[{"href":"https:\/\/lametro989.com\/index.php?rest_route=\/wp\/v2\/types\/post"}],"author":[{"embeddable":true,"href":"https:\/\/lametro989.com\/index.php?rest_route=\/wp\/v2\/users\/2"}],"replies":[{"embeddable":true,"href":"https:\/\/lametro989.com\/index.php?rest_route=%2Fwp%2Fv2%2Fcomments&post=37904"}],"version-history":[{"count":1,"href":"https:\/\/lametro989.com\/index.php?rest_route=\/wp\/v2\/posts\/37904\/revisions"}],"predecessor-version":[{"id":37906,"href":"https:\/\/lametro989.com\/index.php?rest_route=\/wp\/v2\/posts\/37904\/revisions\/37906"}],"wp:featuredmedia":[{"embeddable":true,"href":"https:\/\/lametro989.com\/index.php?rest_route=\/wp\/v2\/media\/37905"}],"wp:attachment":[{"href":"https:\/\/lametro989.com\/index.php?rest_route=%2Fwp%2Fv2%2Fmedia&parent=37904"}],"wp:term":[{"taxonomy":"category","embeddable":true,"href":"https:\/\/lametro989.com\/index.php?rest_route=%2Fwp%2Fv2%2Fcategories&post=37904"},{"taxonomy":"post_tag","embeddable":true,"href":"https:\/\/lametro989.com\/index.php?rest_route=%2Fwp%2Fv2%2Ftags&post=37904"}],"curies":[{"name":"wp","href":"https:\/\/api.w.org\/{rel}","templated":true}]}}