{"id":37907,"date":"2026-03-05T07:36:27","date_gmt":"2026-03-05T10:36:27","guid":{"rendered":"https:\/\/lametro989.com\/?p=37907"},"modified":"2026-03-05T07:36:27","modified_gmt":"2026-03-05T10:36:27","slug":"la-era-chacho-coudet-en-river-los-cambios-en-el-cuerpo-tecnico-y-la-decision-respecto-al-mercado-de-pases","status":"publish","type":"post","link":"https:\/\/lametro989.com\/?p=37907","title":{"rendered":"La era Chacho Coudet en River: los cambios en el cuerpo t\u00e9cnico y la decisi\u00f3n respecto al mercado de pases"},"content":{"rendered":"\n<p>El director t\u00e9cnico reemplaz\u00f3 a Marcelo Gallardo y tendr\u00e1 su debut ante Hurac\u00e1n en Parque Patricios<\/p>\n\n\n\n<figure class=\"wp-block-image size-full\"><img loading=\"lazy\" decoding=\"async\" width=\"992\" height=\"621\" src=\"https:\/\/lametro989.com\/wp-content\/uploads\/2026\/03\/image-38.png\" alt=\"\" class=\"wp-image-37908\" srcset=\"https:\/\/lametro989.com\/wp-content\/uploads\/2026\/03\/image-38.png 992w, https:\/\/lametro989.com\/wp-content\/uploads\/2026\/03\/image-38-300x188.png 300w, https:\/\/lametro989.com\/wp-content\/uploads\/2026\/03\/image-38-768x481.png 768w\" sizes=\"auto, (max-width: 992px) 100vw, 992px\" \/><\/figure>\n\n\n\n<p><a href=\"https:\/\/www.infobae.com\/deportes\/2026\/03\/04\/river-plate-presentara-a-eduardo-chacho-coudet-como-nuevo-entrenador\/\" target=\"_blank\" rel=\"noreferrer noopener\">La llegada de\u00a0<strong>Eduardo Coudet<\/strong>\u00a0a\u00a0<strong>River Plate<\/strong><\/a>\u00a0marca el inicio de un nuevo ciclo en el club tras la salida de Marcelo Gallardo, quien se consolid\u00f3 como el entrenador m\u00e1s exitoso en la historia de la instituci\u00f3n. El desaf\u00edo para el ex volante ser\u00e1 liderar un plantel que en el \u00faltimo tiempo no estuvo a la altura del dinero invertido y que tendr\u00e1 por delante el torneo local, la Copa Argentina y la Copa Sudamericana. Para este desaf\u00edo, el Chacho apostar\u00e1 por algunos cambios importantes dentro de su cuerpo t\u00e9cnico.&nbsp;<strong>El principal colaborador de Coudet ser\u00e1 Dami\u00e1n Musto<\/strong>, ex mediocampista de Central y Olimpo y reconocido simpatizante del conjunto de N\u00fa\u00f1ez -estuvo cerca de vestir la banda roja cruzada en el pecho en el pasado-. En contrapartida,&nbsp;<strong>el que dejar\u00e1 de estar a su lado en el banco de suplentes ser\u00e1 Patricio Graff<\/strong>, quien fuera uno de sus principales asistentes durante su etapa en el&nbsp;<strong>Alav\u00e9s de Espa\u00f1a<\/strong>. \u201c\u00c9l busca ayudantes que analicen m\u00e1s el contexto argentino; ahora que vuelve a Argentina, pone a gente que estuvo m\u00e1s all\u00e1. En Argentina solo jugu\u00e9 tres a\u00f1os, lo dem\u00e1s lo hice afuera\u201d, explic\u00f3 Graff en las \u00faltimas horas al ser consultado por su salida.<\/p>\n\n\n\n<p>Junto a Musto, durante la conferencia de prensa, estuvieron presentes\u00a0<strong>los preparadores f\u00edsicos Guido Cretari y Octavio Manera<\/strong>, aportando continuidad al trabajo realizado en equipos anteriores. En tanto,\u00a0<strong>Carlos Miguel Fern\u00e1ndez tendr\u00e1 el rol de analista<\/strong>, replicando funciones que ya cumpli\u00f3 en el ciclo de Coudet en Racing. Una de las incorporaciones que se baraj\u00f3 para esta nueva etapa fue la de&nbsp;<strong>Lucho Gonz\u00e1lez<\/strong>, hist\u00f3rico mediocampista que supo destacarse en la instituci\u00f3n en dos ciclos como jugador y que actualmente cumple funciones como asistente t\u00e9cnico en el Porto de Portugal. La integraci\u00f3n de Gonz\u00e1lez al cuerpo t\u00e9cnico -como ya sucedi\u00f3 en el pasado- qued\u00f3 abierta para mitad de a\u00f1o, cuando la situaci\u00f3n contractual del argentino con el conjunto portugu\u00e9s sea m\u00e1s laxa. De este modo, la dupla entre Coudet y Lucho Gonz\u00e1lez podr\u00eda volver\u00e1 a coincidir, retomando una sociedad que se forj\u00f3 en el campo de juego y que luego se traslad\u00f3 a los bancos de suplentes en experiencias previas como la compartida en el Inter de Porto Alegre.<\/p>\n\n\n\n<p>\u201cLucho es un amigo, un hermano, hemos trabajado juntos. Hoy est\u00e1 trabajando en un club importante, tiene una gran relaci\u00f3n y ser\u00eda irrespetuoso tocar ese tema. Los que est\u00e1n hoy est\u00e1n capacitados para arrancar este proyecto de cero\u201d, sostuvo el Chacho en conferencia.<\/p>\n","protected":false},"excerpt":{"rendered":"<p>El director t\u00e9cnico reemplaz\u00f3 a Marcelo Gallardo y tendr\u00e1 su debut ante Hurac\u00e1n en Parque Patricios La llegada de\u00a0Eduardo Coudet\u00a0a\u00a0River Plate\u00a0marca el inicio de un&hellip; <\/p>\n","protected":false},"author":2,"featured_media":37908,"comment_status":"open","ping_status":"open","sticky":false,"template":"","format":"standard","meta":{"footnotes":""},"categories":[10],"tags":[],"class_list":["post-37907","post","type-post","status-publish","format-standard","has-post-thumbnail","hentry","category-deportes"],"_links":{"self":[{"href":"https:\/\/lametro989.com\/index.php?rest_route=\/wp\/v2\/posts\/37907","targetHints":{"allow":["GET"]}}],"collection":[{"href":"https:\/\/lametro989.com\/index.php?rest_route=\/wp\/v2\/posts"}],"about":[{"href":"https:\/\/lametro989.com\/index.php?rest_route=\/wp\/v2\/types\/post"}],"author":[{"embeddable":true,"href":"https:\/\/lametro989.com\/index.php?rest_route=\/wp\/v2\/users\/2"}],"replies":[{"embeddable":true,"href":"https:\/\/lametro989.com\/index.php?rest_route=%2Fwp%2Fv2%2Fcomments&post=37907"}],"version-history":[{"count":1,"href":"https:\/\/lametro989.com\/index.php?rest_route=\/wp\/v2\/posts\/37907\/revisions"}],"predecessor-version":[{"id":37909,"href":"https:\/\/lametro989.com\/index.php?rest_route=\/wp\/v2\/posts\/37907\/revisions\/37909"}],"wp:featuredmedia":[{"embeddable":true,"href":"https:\/\/lametro989.com\/index.php?rest_route=\/wp\/v2\/media\/37908"}],"wp:attachment":[{"href":"https:\/\/lametro989.com\/index.php?rest_route=%2Fwp%2Fv2%2Fmedia&parent=37907"}],"wp:term":[{"taxonomy":"category","embeddable":true,"href":"https:\/\/lametro989.com\/index.php?rest_route=%2Fwp%2Fv2%2Fcategories&post=37907"},{"taxonomy":"post_tag","embeddable":true,"href":"https:\/\/lametro989.com\/index.php?rest_route=%2Fwp%2Fv2%2Ftags&post=37907"}],"curies":[{"name":"wp","href":"https:\/\/api.w.org\/{rel}","templated":true}]}}