{"id":37913,"date":"2026-03-05T07:41:41","date_gmt":"2026-03-05T10:41:41","guid":{"rendered":"https:\/\/lametro989.com\/?p=37913"},"modified":"2026-03-05T07:41:41","modified_gmt":"2026-03-05T10:41:41","slug":"la-uia-informo-que-cayeron-la-produccion-y-las-ventas-en-mas-del-50-de-las-fabricas","status":"publish","type":"post","link":"https:\/\/lametro989.com\/?p=37913","title":{"rendered":"La UIA inform\u00f3 que cayeron la producci\u00f3n y las ventas en m\u00e1s del 50% de las f\u00e1bricas"},"content":{"rendered":"\n<p>Despu\u00e9s de exigirle respeto al Gobierno, el indicador de la UIA arroj\u00f3 un resultado negativo, sobre todo en las PyMEs, que fueron las m\u00e1s afectadas.<\/p>\n\n\n\n<figure class=\"wp-block-image size-full\"><img loading=\"lazy\" decoding=\"async\" width=\"950\" height=\"534\" src=\"https:\/\/lametro989.com\/wp-content\/uploads\/2026\/03\/image-40.png\" alt=\"\" class=\"wp-image-37914\" srcset=\"https:\/\/lametro989.com\/wp-content\/uploads\/2026\/03\/image-40.png 950w, https:\/\/lametro989.com\/wp-content\/uploads\/2026\/03\/image-40-300x169.png 300w, https:\/\/lametro989.com\/wp-content\/uploads\/2026\/03\/image-40-768x432.png 768w\" sizes=\"auto, (max-width: 950px) 100vw, 950px\" \/><\/figure>\n\n\n\n<p><a href=\"https:\/\/www.canal26.com\/economia\/2026\/01\/15\/el-presidente-de-ford-argentina-advirtio-advirtio-que-pueden-cerrar-fabricas-de-autos-en-el-pais\/\" target=\"_blank\" rel=\"noreferrer noopener\">La industria inici\u00f3 2026 con ca\u00edda generalizada<\/a>&nbsp;y el \u00edndice de desempe\u00f1o en zona de contracci\u00f3n. El&nbsp;<strong>Monitor de Desempe\u00f1o Industrial (MDI) de la Uni\u00f3n Industrial Argentina (UIA)&nbsp;<\/strong>se ubic\u00f3 en&nbsp;<strong>36,5 puntos<\/strong>&nbsp;en enero de 2026, muy por debajo del umbral de expansi\u00f3n de 50 puntos.<\/p>\n\n\n\n<p>Los datos se desprenden a partir del informe de la primera encuesta del a\u00f1o elaborado por el\u00a0<strong>Centro de Estudios de la UIA (CEU-UIA)<\/strong>. El indicador acumul\u00f3 su decimoquinto relevamiento consecutivo en zona de contracci\u00f3n, y registr\u00f3 una ca\u00edda de 7,5 puntos porcentuales respecto del trimestre anterior y de 5,6 p.p. en t\u00e9rminos interanuales. El<strong>&nbsp;relevamiento se realiz\u00f3 entre el 2 y el 16 de febrero de 2026, con la participaci\u00f3n de 644 empresas<\/strong>&nbsp;de diversas actividades, regiones y tama\u00f1os, en conjunto con ADIMRA y FISFE.<\/p>\n\n\n\n<h2 class=\"wp-block-heading\">Producci\u00f3n y ventas internas, las variables m\u00e1s afectadas<\/h2>\n\n\n\n<p>El\u00a0<strong>53,3% de las empresas encuestadas registr\u00f3 una ca\u00edda en su nivel de producci\u00f3n<\/strong>\u00a0en comparaci\u00f3n con el promedio del cuarto trimestre de 2025, mientras que solo el 13,0% report\u00f3 aumentos. El \u00edndice de difusi\u00f3n de producci\u00f3n \u2014diferencia entre empresas con subas y con ca\u00eddas\u2014 se ubic\u00f3 en -40,3 puntos porcentuales, profundizando el&nbsp;<strong>retroceso observado en los \u00faltimos relevamientos.<\/strong><\/p>\n\n\n\n<p>En materia de&nbsp;<strong>ventas internas, el panorama fue a\u00fan m\u00e1s desfavorable: el 54,7%&nbsp;<\/strong>de las firmas report\u00f3 bajas, el tercer valor m\u00e1s elevado de toda la serie hist\u00f3rica, frente a solo el 13,3% que registr\u00f3 aumentos. El \u00edndice de difusi\u00f3n de ventas internas se ubic\u00f3 en -41,4 p.p.<\/p>\n\n\n\n<h2 class=\"wp-block-heading\">Empleo: el 22,2% de las empresas redujo su plantel<\/h2>\n\n\n\n<p>En el mercado laboral, el&nbsp;<strong>22,2% de las empresas registr\u00f3 ca\u00eddas en el empleo durante enero<\/strong>. Entre las firmas con reducci\u00f3n de personal, la mitad recurri\u00f3 directamente a la&nbsp;<a href=\"https:\/\/www.canal26.com\/economia\/2026\/03\/04\/un-historico-frigorifico-de-zona-oeste-que-sobrevivio-al-2001-cerro-sus-puertas-y-hay-140-despidos\/\" target=\"_blank\" rel=\"noreferrer noopener\">desvinculaci\u00f3n de trabajadores<\/a>.<\/p>\n\n\n\n<p>El 41,4% ajust\u00f3 mediante&nbsp;<strong>reducci\u00f3n de turnos laborales y el 22,9% implement\u00f3 suspensiones<\/strong>.<\/p>\n\n\n\n<figure class=\"wp-block-image\"><img decoding=\"async\" src=\"https:\/\/www.canal26.com\/resizer\/v2\/EQFYCRM4ABFHFB75LWQLCLGWW4.jpeg?auth=60cdfe1e1033aa0eacd6067006b8cfe89984b7ddc25b68c750ab69c090e939ba&amp;smart=true&amp;width=450&amp;height=253&amp;quality=70\" alt=\"\"\/><figcaption class=\"wp-element-caption\">La UIA inform\u00f3 que cayeron la producci\u00f3n y las ventas en m\u00e1s del 50% de las f\u00e1bricas&nbsp;Foto: Archivo Canal 26<\/figcaption><\/figure>\n\n\n\n<p>De cara a los pr\u00f3ximos doce meses, el 26,0% de las empresas prev\u00e9 una nueva&nbsp;<strong>reducci\u00f3n de planteles, frente al 19,4% que anticipa incorporaciones.<\/strong><\/p>\n\n\n\n<h2 class=\"wp-block-heading\">PyMES, las m\u00e1s golpeadas en producci\u00f3n y ventas<\/h2>\n\n\n\n<p>En el segmento de micro y peque\u00f1as empresas, el impacto fue m\u00e1s pronunciado que en las medianas y grandes.<\/p>\n\n\n\n<p>El informe muestra&nbsp;<strong>diferencias significativas seg\u00fan el tama\u00f1o de las empresas<\/strong>. Para la producci\u00f3n, el \u00edndice de difusi\u00f3n fue de -43,3 p.p. en micro y peque\u00f1as, frente a -34,8 p.p. en medianas y grandes. En cuanto a ventas internas, la brecha fue a\u00fan mayor: -46,5 p.p. para micro y peque\u00f1as versus -30,8 p.p. para medianas y grandes.<\/p>\n\n\n\n<p>En empleo se observ\u00f3 la situaci\u00f3n inversa: las medianas y grandes registraron un impacto negativo mayor, de -18,5 p.p., frente a -13,3 p.p. en micro y peque\u00f1as. El informe atribuye esto a un&nbsp;<strong>menor margen de ajuste por otras v\u00edas en las empresas de mayor tama\u00f1o.<\/strong><\/p>\n\n\n\n<h2 class=\"wp-block-heading\">Todos los sectores en zona de contracci\u00f3n<\/h2>\n\n\n\n<p>El informe indica que&nbsp;<strong>todos los sectores industriales relevados mostraron un MDI por debajo de 50<\/strong>, es decir, en zona de contracci\u00f3n. Los valores m\u00e1s bajos se registraron en&nbsp;<em><strong>Productos Textiles (23,1 puntos), Papel y Madera (30,1) y Confecciones, cuero y calzado (30,2)<\/strong><\/em>.<\/p>\n\n\n\n<p>Los sectores con mejor desempe\u00f1o relativo fueron Metalmec\u00e1nica (40,9), Alimentos, Bebidas y Tabaco (40,6) y Productos Qu\u00edmicos y Petroqu\u00edmicos (40,3), aunque todos permanecen en zona de contracci\u00f3n.<\/p>\n\n\n\n<h2 class=\"wp-block-heading\">Casi la mitad de las empresas tuvo atrasos en pagos<\/h2>\n\n\n\n<p>El 45,6% de las firmas report\u00f3 dificultades para afrontar al menos uno de los siguientes compromisos:&nbsp;<strong>salarios, proveedores, compromisos financieros, servicios p\u00fablicos e impuestos.<\/strong><\/p>\n\n\n\n<p>Las mayores complicaciones se concentraron en el pago de impuestos (33,2%) y proveedores (31,9%). El 5,4% present\u00f3 atrasos en la totalidad de los pagos relevados.<\/p>\n\n\n\n<p>Entre las principales consecuencias, el 39,8% de las empresas con atrasos se\u00f1al\u00f3 el pago de intereses y mayores costos financieros, y el 38,1% indic\u00f3 el&nbsp;<strong>aumento del endeudamiento o la necesidad de financiamiento a corto plazo.<\/strong><\/p>\n\n\n\n<p>La demanda interna lidera las preocupaciones;<strong>&nbsp;crecen las inquietudes por importaciones<\/strong><\/p>\n\n\n\n<p>El 46,1% de las empresas identific\u00f3 la ca\u00edda de la demanda interna como su principal desaf\u00edo. En segundo lugar se ubic\u00f3 el aumento de costos, con el 19,7%, con el costo laboral como el componente m\u00e1s se\u00f1alado (49,6% dentro de ese grupo).<\/p>\n\n\n\n<p>En tercer lugar, con el 19,4%, aparece la&nbsp;<strong>dificultad para competir con bienes importados<\/strong>, un \u00edtem que no registraba menciones en el relevamiento de octubre de 2024 y que creci\u00f3 de manera sostenida en un contexto de mayor apertura comercial y apreciaci\u00f3n cambiaria.<\/p>\n\n\n\n<h2 class=\"wp-block-heading\">Capacidad instalada y expectativas, tambi\u00e9n a la baja<\/h2>\n\n\n\n<p>La utilizaci\u00f3n de la capacidad instalada promedi\u00f3 el 52,0% en enero.&nbsp;<strong>El 72,4% de las firmas oper\u00f3 por debajo de su nivel considerado \u00f3ptimo<\/strong>, y el 70,4% proyecta alcanzar ese umbral reci\u00e9n en el segundo semestre de 2026.<\/p>\n\n\n\n<p>Las expectativas para los pr\u00f3ximos doce meses tambi\u00e9n mostraron una moderaci\u00f3n respecto al relevamiento anterior. El 47,8% de las empresas prev\u00e9 una mejora en su situaci\u00f3n econ\u00f3mica propia, frente al 60,4% del trimestre anterior; el 41,0% anticipa mejoras en su sector de actividad (contra 57,0%); y el 51,0% espera un mejor contexto econ\u00f3mico nacional (frente al 68,6%).<\/p>\n","protected":false},"excerpt":{"rendered":"<p>Despu\u00e9s de exigirle respeto al Gobierno, el indicador de la UIA arroj\u00f3 un resultado negativo, sobre todo en las PyMEs, que fueron las m\u00e1s afectadas.&hellip; <\/p>\n","protected":false},"author":2,"featured_media":37914,"comment_status":"open","ping_status":"open","sticky":false,"template":"","format":"standard","meta":{"footnotes":""},"categories":[9,5],"tags":[],"class_list":["post-37913","post","type-post","status-publish","format-standard","has-post-thumbnail","hentry","category-destacadas","category-politica"],"_links":{"self":[{"href":"https:\/\/lametro989.com\/index.php?rest_route=\/wp\/v2\/posts\/37913","targetHints":{"allow":["GET"]}}],"collection":[{"href":"https:\/\/lametro989.com\/index.php?rest_route=\/wp\/v2\/posts"}],"about":[{"href":"https:\/\/lametro989.com\/index.php?rest_route=\/wp\/v2\/types\/post"}],"author":[{"embeddable":true,"href":"https:\/\/lametro989.com\/index.php?rest_route=\/wp\/v2\/users\/2"}],"replies":[{"embeddable":true,"href":"https:\/\/lametro989.com\/index.php?rest_route=%2Fwp%2Fv2%2Fcomments&post=37913"}],"version-history":[{"count":1,"href":"https:\/\/lametro989.com\/index.php?rest_route=\/wp\/v2\/posts\/37913\/revisions"}],"predecessor-version":[{"id":37915,"href":"https:\/\/lametro989.com\/index.php?rest_route=\/wp\/v2\/posts\/37913\/revisions\/37915"}],"wp:featuredmedia":[{"embeddable":true,"href":"https:\/\/lametro989.com\/index.php?rest_route=\/wp\/v2\/media\/37914"}],"wp:attachment":[{"href":"https:\/\/lametro989.com\/index.php?rest_route=%2Fwp%2Fv2%2Fmedia&parent=37913"}],"wp:term":[{"taxonomy":"category","embeddable":true,"href":"https:\/\/lametro989.com\/index.php?rest_route=%2Fwp%2Fv2%2Fcategories&post=37913"},{"taxonomy":"post_tag","embeddable":true,"href":"https:\/\/lametro989.com\/index.php?rest_route=%2Fwp%2Fv2%2Ftags&post=37913"}],"curies":[{"name":"wp","href":"https:\/\/api.w.org\/{rel}","templated":true}]}}