{"id":37928,"date":"2026-03-05T08:17:45","date_gmt":"2026-03-05T11:17:45","guid":{"rendered":"https:\/\/lametro989.com\/?p=37928"},"modified":"2026-03-05T08:17:45","modified_gmt":"2026-03-05T11:17:45","slug":"alerta-por-gripe-quienes-deben-vacunarse-y-por-que-es-clave-para-prevenir-casos-graves","status":"publish","type":"post","link":"https:\/\/lametro989.com\/?p=37928","title":{"rendered":"Alerta por gripe: qui\u00e9nes deben vacunarse y por qu\u00e9 es clave para prevenir casos graves"},"content":{"rendered":"\n<p>Las bajas temperaturas intensifican la propagaci\u00f3n de los virus, por lo que se recomienda reforzar la inmunizaci\u00f3n anual.<\/p>\n\n\n\n<figure class=\"wp-block-image size-full\"><img loading=\"lazy\" decoding=\"async\" width=\"850\" height=\"566\" src=\"https:\/\/lametro989.com\/wp-content\/uploads\/2026\/03\/image-45.png\" alt=\"\" class=\"wp-image-37929\" srcset=\"https:\/\/lametro989.com\/wp-content\/uploads\/2026\/03\/image-45.png 850w, https:\/\/lametro989.com\/wp-content\/uploads\/2026\/03\/image-45-300x200.png 300w, https:\/\/lametro989.com\/wp-content\/uploads\/2026\/03\/image-45-768x511.png 768w\" sizes=\"auto, (max-width: 850px) 100vw, 850px\" \/><\/figure>\n\n\n\n<p>Con<strong>&nbsp;la llegada del oto\u00f1o y el incremento de la circulaci\u00f3n de virus respiratorios, la influenza o gripe vuelve a ubicarse entre las principales preocupaciones de salud p\u00fablica.<\/strong>&nbsp;Se trata de una infecci\u00f3n respiratoria que puede provocar desde fiebre y tos hasta complicaciones graves, especialmente en personas de riesgo.<\/p>\n\n\n\n<p>Seg\u00fan estimaciones de la Organizaci\u00f3n Mundial de la Salud (OMS), la influenza provoca cada a\u00f1o entre 3 y 5 millones de casos graves y hasta 650.000 muertes en todo el mundo por enfermedades respiratorias asociadas. Frente a este escenario, especialistas destacan que la vacunaci\u00f3n anual y la vigilancia epidemiol\u00f3gica son las herramientas m\u00e1s eficaces para prevenir cuadros severos. <\/p>\n\n\n\n<p>El m\u00e9dico infect\u00f3logo Pablo Bonveh\u00ed, jefe de Infectolog\u00eda del Departamento de Medicina Interna del CEMIC y miembro del Departamento Cient\u00edfico de la Fundaci\u00f3n Vacunar, explic\u00f3 que la vacuna contin\u00faa siendo la principal medida preventiva. &#8220;Es importante recordar que la medida m\u00e1s importante para prevenir esta enfermedad es la vacunaci\u00f3n anual, especialmente dirigida a los grupos de mayor riesgo de complicaciones&#8221;, se\u00f1al\u00f3. <\/p>\n\n\n\n<p>El especialista agreg\u00f3 que este a\u00f1o<strong>&nbsp;se detect\u00f3 una variante del virus que genera preocupaci\u00f3n entre los profesionales de la salud. &#8220;Se ha identificado un subclado denominado K del virus de influenza A, subtipo H3N2<\/strong>, que se ha asociado a una mayor tasa de internaciones&#8221;, advirti\u00f3.<\/p>\n\n\n\n<p>La influenza es una enfermedad viral que se transmite principalmente a trav\u00e9s de gotas respiratorias al toser, estornudar o hablar, aunque tambi\u00e9n puede contagiarse por contacto con superficies contaminadas. Sus s\u00edntomas m\u00e1s comunes incluyen fiebre alta, tos seca, dolor de garganta, dolor muscular, cefalea y decaimiento general. En adultos mayores, incluso sin fiebre, puede derivar en complicaciones como neumon\u00eda o descompensaci\u00f3n de enfermedades cr\u00f3nicas.<\/p>\n\n\n\n<p>En Argentina, los datos epidemiol\u00f3gicos muestran un incremento de casos. Seg\u00fan el Bolet\u00edn Epidemiol\u00f3gico Nacional N\u00b0 797, en las primeras seis semanas de 2026 se notificaron 45.485 casos de Enfermedad Tipo Influenza (ETI) en el pa\u00eds.&nbsp;<strong>El informe tambi\u00e9n indica que la actividad del virus presenta una tendencia ascendente en la regi\u00f3n de las Am\u00e9ricas, con predominio del subtipo A(H3N2).<\/strong><\/p>\n\n\n\n<p>El an\u00e1lisis gen\u00e9tico de las muestras detect\u00f3 76 casos del subclado K en 19 jurisdicciones del pa\u00eds. De las muestras estudiadas de influenza A(H3N2), el 68% correspondi\u00f3 a esta variante, con mayor presencia en ni\u00f1os menores de 10 a\u00f1os y adultos mayores de 60.<\/p>\n\n\n\n<p>Las hospitalizaciones se concentran principalmente en adultos mayores y personas de entre 45 y 64 a\u00f1os, seguidos por ni\u00f1os de entre 5 y 9 a\u00f1os. En lo que va de 2026, el sistema de vigilancia registr\u00f3 un fallecimiento asociado a influenza.<\/p>\n\n\n\n<p>Ante este panorama,\u00a0<strong>las autoridades sanitarias recomiendan aplicarse la vacuna antigripal antes del invierno, cuando se produce la mayor circulaci\u00f3n del virus. La inmunizaci\u00f3n est\u00e1 indicada para ni\u00f1os de 6 a 24 meses,<\/strong>\u00a0adultos mayores de 65 a\u00f1os, embarazadas, personas con enfermedades cr\u00f3nicas, inmunosuprimidos, personas con obesidad m\u00f3rbida, personal de salud y convivientes de pacientes vulnerables. <\/p>\n\n\n\n<p><strong>En el caso de los ni\u00f1os de 6 meses a 8 a\u00f1os que nunca fueron vacunados, se requieren dos dosis separadas por al menos cuatro semanas para lograr una protecci\u00f3n adecuada.<\/strong><\/p>\n\n\n\n<p>Las vacunas disponibles en el pa\u00eds este a\u00f1o protegen contra tres tipos de virus de la gripe, aunque en algunos casos tambi\u00e9n se utilizan formulaciones cuadrivalentes, que incluyen protecci\u00f3n frente a cuatro variantes. Algunas versiones est\u00e1n especialmente dise\u00f1adas para personas mayores, con dosis m\u00e1s altas o con adyuvantes que refuerzan la respuesta inmunol\u00f3gica.<\/p>\n","protected":false},"excerpt":{"rendered":"<p>Las bajas temperaturas intensifican la propagaci\u00f3n de los virus, por lo que se recomienda reforzar la inmunizaci\u00f3n anual. Con&nbsp;la llegada del oto\u00f1o y el incremento&hellip; <\/p>\n","protected":false},"author":2,"featured_media":37929,"comment_status":"open","ping_status":"open","sticky":false,"template":"","format":"standard","meta":{"footnotes":""},"categories":[9,2],"tags":[],"class_list":["post-37928","post","type-post","status-publish","format-standard","has-post-thumbnail","hentry","category-destacadas","category-provinciales"],"_links":{"self":[{"href":"https:\/\/lametro989.com\/index.php?rest_route=\/wp\/v2\/posts\/37928","targetHints":{"allow":["GET"]}}],"collection":[{"href":"https:\/\/lametro989.com\/index.php?rest_route=\/wp\/v2\/posts"}],"about":[{"href":"https:\/\/lametro989.com\/index.php?rest_route=\/wp\/v2\/types\/post"}],"author":[{"embeddable":true,"href":"https:\/\/lametro989.com\/index.php?rest_route=\/wp\/v2\/users\/2"}],"replies":[{"embeddable":true,"href":"https:\/\/lametro989.com\/index.php?rest_route=%2Fwp%2Fv2%2Fcomments&post=37928"}],"version-history":[{"count":1,"href":"https:\/\/lametro989.com\/index.php?rest_route=\/wp\/v2\/posts\/37928\/revisions"}],"predecessor-version":[{"id":37930,"href":"https:\/\/lametro989.com\/index.php?rest_route=\/wp\/v2\/posts\/37928\/revisions\/37930"}],"wp:featuredmedia":[{"embeddable":true,"href":"https:\/\/lametro989.com\/index.php?rest_route=\/wp\/v2\/media\/37929"}],"wp:attachment":[{"href":"https:\/\/lametro989.com\/index.php?rest_route=%2Fwp%2Fv2%2Fmedia&parent=37928"}],"wp:term":[{"taxonomy":"category","embeddable":true,"href":"https:\/\/lametro989.com\/index.php?rest_route=%2Fwp%2Fv2%2Fcategories&post=37928"},{"taxonomy":"post_tag","embeddable":true,"href":"https:\/\/lametro989.com\/index.php?rest_route=%2Fwp%2Fv2%2Ftags&post=37928"}],"curies":[{"name":"wp","href":"https:\/\/api.w.org\/{rel}","templated":true}]}}