{"id":37932,"date":"2026-03-05T08:42:20","date_gmt":"2026-03-05T11:42:20","guid":{"rendered":"https:\/\/lametro989.com\/?p=37932"},"modified":"2026-03-05T08:42:20","modified_gmt":"2026-03-05T11:42:20","slug":"tiene-10-anos-y-suena-con-una-familia-convocan-en-todo-el-pais-para-adoptarlo","status":"publish","type":"post","link":"https:\/\/lametro989.com\/?p=37932","title":{"rendered":"Tiene 10 a\u00f1os y sue\u00f1a con una familia: convocan en todo el pa\u00eds para adoptarlo"},"content":{"rendered":"\n<p>El Juzgado de Familia, Ni\u00f1ez y Adolescencia de Curuz\u00fa Cuati\u00e1 lanz\u00f3 una convocatoria p\u00fablica a nivel nacional para encontrar una familia que desee adoptar a un ni\u00f1o de 10 a\u00f1os. La iniciativa busca garantizar su derecho a crecer en un entorno familiar que le brinde contenci\u00f3n, afecto y oportunidades para su desarrollo.<\/p>\n\n\n\n<figure class=\"wp-block-image size-full\"><img loading=\"lazy\" decoding=\"async\" width=\"440\" height=\"293\" src=\"https:\/\/lametro989.com\/wp-content\/uploads\/2026\/03\/image-46.png\" alt=\"\" class=\"wp-image-37933\" srcset=\"https:\/\/lametro989.com\/wp-content\/uploads\/2026\/03\/image-46.png 440w, https:\/\/lametro989.com\/wp-content\/uploads\/2026\/03\/image-46-300x200.png 300w\" sizes=\"auto, (max-width: 440px) 100vw, 440px\" \/><\/figure>\n\n\n\n<p>La convocatoria se realiza en el marco del expediente CXP N\u00b0 19400\/24 y cuenta con la intervenci\u00f3n del Registro \u00danico de Aspirantes a Guarda con Fines Adoptivos de Corrientes (RUACtes). Desde el Poder Judicial se\u00f1alaron que el objetivo es ampliar las posibilidades de encontrar un hogar dispuesto a acompa\u00f1arlo en su crecimiento. El ni\u00f1o, nacido el 7 de julio de 2015, manifest\u00f3 su deseo de integrarse a una familia de tipo tradicional y est\u00e1 abierto a conocer postulantes de cualquier punto del pa\u00eds. Si bien la convocatoria es para su adopci\u00f3n individual, se destac\u00f3 la importancia de que pueda mantener el v\u00ednculo y la comunicaci\u00f3n con sus hermanos.<\/p>\n\n\n\n<p>Actualmente cursar\u00e1 quinto grado y participa activamente en diversas actividades recreativas y culturales. Juega al rugby en un club de la ciudad de Corrientes y tambi\u00e9n muestra inter\u00e9s en talleres de cocina y carpinter\u00eda, espacios en los que desarrolla habilidades y comparte con otros ni\u00f1os.<\/p>\n\n\n\n<p>Quienes lo conocen lo describen como un ni\u00f1o alegre, respetuoso y con buena disposici\u00f3n para integrarse a las actividades de la instituci\u00f3n donde reside. Destacan adem\u00e1s su actitud colaboradora en la vida cotidiana y su entusiasmo por aprender y participar.<\/p>\n\n\n\n<p>Desde el Poder Judicial recordaron que la adopci\u00f3n representa una oportunidad fundamental para garantizar el derecho de ni\u00f1as, ni\u00f1os y adolescentes a vivir en familia. En ese sentido, remarcaron que cada convocatoria p\u00fablica busca encontrar un hogar que ofrezca amor, estabilidad y acompa\u00f1amiento para construir una nueva historia de vida.<\/p>\n","protected":false},"excerpt":{"rendered":"<p>El Juzgado de Familia, Ni\u00f1ez y Adolescencia de Curuz\u00fa Cuati\u00e1 lanz\u00f3 una convocatoria p\u00fablica a nivel nacional para encontrar una familia que desee adoptar a&hellip; <\/p>\n","protected":false},"author":2,"featured_media":37933,"comment_status":"open","ping_status":"open","sticky":false,"template":"","format":"standard","meta":{"footnotes":""},"categories":[9,13],"tags":[],"class_list":["post-37932","post","type-post","status-publish","format-standard","has-post-thumbnail","hentry","category-destacadas","category-nacionales"],"_links":{"self":[{"href":"https:\/\/lametro989.com\/index.php?rest_route=\/wp\/v2\/posts\/37932","targetHints":{"allow":["GET"]}}],"collection":[{"href":"https:\/\/lametro989.com\/index.php?rest_route=\/wp\/v2\/posts"}],"about":[{"href":"https:\/\/lametro989.com\/index.php?rest_route=\/wp\/v2\/types\/post"}],"author":[{"embeddable":true,"href":"https:\/\/lametro989.com\/index.php?rest_route=\/wp\/v2\/users\/2"}],"replies":[{"embeddable":true,"href":"https:\/\/lametro989.com\/index.php?rest_route=%2Fwp%2Fv2%2Fcomments&post=37932"}],"version-history":[{"count":1,"href":"https:\/\/lametro989.com\/index.php?rest_route=\/wp\/v2\/posts\/37932\/revisions"}],"predecessor-version":[{"id":37934,"href":"https:\/\/lametro989.com\/index.php?rest_route=\/wp\/v2\/posts\/37932\/revisions\/37934"}],"wp:featuredmedia":[{"embeddable":true,"href":"https:\/\/lametro989.com\/index.php?rest_route=\/wp\/v2\/media\/37933"}],"wp:attachment":[{"href":"https:\/\/lametro989.com\/index.php?rest_route=%2Fwp%2Fv2%2Fmedia&parent=37932"}],"wp:term":[{"taxonomy":"category","embeddable":true,"href":"https:\/\/lametro989.com\/index.php?rest_route=%2Fwp%2Fv2%2Fcategories&post=37932"},{"taxonomy":"post_tag","embeddable":true,"href":"https:\/\/lametro989.com\/index.php?rest_route=%2Fwp%2Fv2%2Ftags&post=37932"}],"curies":[{"name":"wp","href":"https:\/\/api.w.org\/{rel}","templated":true}]}}