{"id":37943,"date":"2026-03-06T07:37:58","date_gmt":"2026-03-06T10:37:58","guid":{"rendered":"https:\/\/lametro989.com\/?p=37943"},"modified":"2026-03-06T07:37:58","modified_gmt":"2026-03-06T10:37:58","slug":"argentinos-varados-en-medio-oriente-piden-que-chiqui-tapia-intervenga-para-ser-repatriados","status":"publish","type":"post","link":"https:\/\/lametro989.com\/?p=37943","title":{"rendered":"Argentinos varados en Medio Oriente piden que Chiqui Tapia intervenga para ser repatriados"},"content":{"rendered":"\n<p>Muchos argentinos atrapados en el conflicto b\u00e9lico se siente impotentes y desprotegidos por la Canciller\u00eda y las embajadas, al no obtener ninguna respuesta a sus desesperados pedidos.<\/p>\n\n\n\n<figure class=\"wp-block-image size-full\"><img loading=\"lazy\" decoding=\"async\" width=\"610\" height=\"381\" src=\"https:\/\/lametro989.com\/wp-content\/uploads\/2026\/03\/image-50.png\" alt=\"\" class=\"wp-image-37944\" srcset=\"https:\/\/lametro989.com\/wp-content\/uploads\/2026\/03\/image-50.png 610w, https:\/\/lametro989.com\/wp-content\/uploads\/2026\/03\/image-50-300x187.png 300w\" sizes=\"auto, (max-width: 610px) 100vw, 610px\" \/><\/figure>\n\n\n\n<p>Decepcionados con las respuestas infructuosas que les brindaron desde las distintas embajadas y desde el Ministerio de Relaciones Exteriores a cargo de Pablo Quirno,&nbsp;<strong>argentinos varados en Medio Oriente piden que Claudio \u201cChiqui\u201d Tapia interceda con la diplomacia del f\u00fatbol para ser repatriados<\/strong>.<\/p>\n\n\n\n<p>En medio del conflicto b\u00e9lico que desataron Israel y los Estados Unidos en la regi\u00f3n, con continuos bombardeos que involucran a al menos una decena de naciones, los\u00a0<strong>argentinos ya entraron en la zona de la desesperaci\u00f3n, al no obtener ninguna esperanza con que el Gobierno pueda hacer algo para salvaguardar sus vidas<\/strong>. Y con el reciente ejemplo del gendarme&nbsp;<strong><a href=\"https:\/\/www.minutouno.com\/nahuel-gallo-a5148694\" target=\"_blank\" rel=\"noreferrer noopener\">Nahuel Gallo<\/a>, que tras 448 d\u00edas detenido en Venezuela fue rescatado y tra\u00eddo al pa\u00eds por un avi\u00f3n rentado por el presidente de la Asociaci\u00f3n del F\u00fatbol Argentino<\/strong>, ponen en manos del \u201cChiqui\u201d una posibilidad cierta de retorno sanos y salvos a la Argentina.<\/p>\n\n\n\n<figure class=\"wp-block-image\" id=\"8195833-Libre-1051714824_wrap\"><img decoding=\"async\" src=\"https:\/\/media.minutouno.com\/p\/f8eea3b89993628fa8a986d4b79ec378\/adjuntos\/150\/imagenes\/043\/214\/0043214017\/610x0\/smart\/canciller-pablo-quirno-2.jpg\" alt=\"Canciller Pablo Quirno.\" title=\"Canciller Pablo Quirno.\"\/><figcaption class=\"wp-element-caption\">Canciller Pablo Quirno.<\/figcaption><\/figure>\n\n\n\n<p>Lo hicieron mediante algo \u201cmuy loco\u201d, seg\u00fan dijo una damnificada: una carta abierta donde le piden su ayuda al titular de la AFA porque&nbsp;<strong>\u201csiento que se me agotaron todos los caminos diplom\u00e1ticos\u201d y Tapia \u201cque puede tener un mont\u00f3n de contactos ac\u00e1, que nos pueden ayudar\u201d<\/strong>, precis\u00f3 Virginia.<\/p>\n\n\n\n<p>Es decir: con la l\u00f3gica implacable de los hechos en la cabeza, ante la&nbsp;<strong>imposibilidad o ineptitud del canciller Pablo Quirno los varados en Medio Oriente ya eligen recurrir a quien ha demostrado ser eficaz a la hora de ayudar a argentinos<\/strong>&nbsp;con dificultades en el exterior.<\/p>\n","protected":false},"excerpt":{"rendered":"<p>Muchos argentinos atrapados en el conflicto b\u00e9lico se siente impotentes y desprotegidos por la Canciller\u00eda y las embajadas, al no obtener ninguna respuesta a sus&hellip; <\/p>\n","protected":false},"author":2,"featured_media":37944,"comment_status":"open","ping_status":"open","sticky":false,"template":"","format":"standard","meta":{"footnotes":""},"categories":[13],"tags":[],"class_list":["post-37943","post","type-post","status-publish","format-standard","has-post-thumbnail","hentry","category-nacionales"],"_links":{"self":[{"href":"https:\/\/lametro989.com\/index.php?rest_route=\/wp\/v2\/posts\/37943","targetHints":{"allow":["GET"]}}],"collection":[{"href":"https:\/\/lametro989.com\/index.php?rest_route=\/wp\/v2\/posts"}],"about":[{"href":"https:\/\/lametro989.com\/index.php?rest_route=\/wp\/v2\/types\/post"}],"author":[{"embeddable":true,"href":"https:\/\/lametro989.com\/index.php?rest_route=\/wp\/v2\/users\/2"}],"replies":[{"embeddable":true,"href":"https:\/\/lametro989.com\/index.php?rest_route=%2Fwp%2Fv2%2Fcomments&post=37943"}],"version-history":[{"count":1,"href":"https:\/\/lametro989.com\/index.php?rest_route=\/wp\/v2\/posts\/37943\/revisions"}],"predecessor-version":[{"id":37945,"href":"https:\/\/lametro989.com\/index.php?rest_route=\/wp\/v2\/posts\/37943\/revisions\/37945"}],"wp:featuredmedia":[{"embeddable":true,"href":"https:\/\/lametro989.com\/index.php?rest_route=\/wp\/v2\/media\/37944"}],"wp:attachment":[{"href":"https:\/\/lametro989.com\/index.php?rest_route=%2Fwp%2Fv2%2Fmedia&parent=37943"}],"wp:term":[{"taxonomy":"category","embeddable":true,"href":"https:\/\/lametro989.com\/index.php?rest_route=%2Fwp%2Fv2%2Fcategories&post=37943"},{"taxonomy":"post_tag","embeddable":true,"href":"https:\/\/lametro989.com\/index.php?rest_route=%2Fwp%2Fv2%2Ftags&post=37943"}],"curies":[{"name":"wp","href":"https:\/\/api.w.org\/{rel}","templated":true}]}}