{"id":37946,"date":"2026-03-06T07:43:21","date_gmt":"2026-03-06T10:43:21","guid":{"rendered":"https:\/\/lametro989.com\/?p=37946"},"modified":"2026-03-06T07:43:21","modified_gmt":"2026-03-06T10:43:21","slug":"el-gobierno-reglamento-la-reforma-laboral-y-ya-rige-en-todo-el-pais","status":"publish","type":"post","link":"https:\/\/lametro989.com\/?p=37946","title":{"rendered":"El Gobierno reglament\u00f3 la reforma laboral y ya rige en todo el pa\u00eds"},"content":{"rendered":"\n<p><em>La denominada\u00a0<strong>&#8220;ley de modernizaci\u00f3n laboral&#8221;<\/strong>\u00a0qued\u00f3 oficialmente reglamentada este viernes tras su publicaci\u00f3n en el Bolet\u00edn Oficial a trav\u00e9s del\u00a0<strong>Decreto 137\/2026<\/strong>, por lo que las nuevas disposiciones comenzaron a regir en todo el pa\u00eds desde este 6 de marzo.<\/em><\/p>\n\n\n\n<figure class=\"wp-block-image size-full\"><img loading=\"lazy\" decoding=\"async\" width=\"850\" height=\"486\" src=\"https:\/\/lametro989.com\/wp-content\/uploads\/2026\/03\/image-51.png\" alt=\"\" class=\"wp-image-37947\" srcset=\"https:\/\/lametro989.com\/wp-content\/uploads\/2026\/03\/image-51.png 850w, https:\/\/lametro989.com\/wp-content\/uploads\/2026\/03\/image-51-300x172.png 300w, https:\/\/lametro989.com\/wp-content\/uploads\/2026\/03\/image-51-768x439.png 768w\" sizes=\"auto, (max-width: 850px) 100vw, 850px\" \/><\/figure>\n\n\n\n<p><strong>La normativa hab\u00eda sido aprobada por el Congreso y fue promulgada con las firmas del presidente Javier Milei, el jefe de Gabinete Manuel Adorni y la ministra de Capital Humano Sandra Pettovello.<\/strong><\/p>\n\n\n\n<p>La reforma introduce&nbsp;<strong>modificaciones en el sistema de indemnizaciones, nuevas reglas sobre salarios y vacaciones<\/strong>, adem\u00e1s de cambios en el funcionamiento y regulaci\u00f3n de los sindicatos, en lo que el Gobierno define como un proceso de modernizaci\u00f3n del mercado laboral argentino.<\/p>\n\n\n\n<h2 class=\"wp-block-heading\">Qu\u00e9 establece la nueva normativa<\/h2>\n\n\n\n<p>Seg\u00fan el texto oficial, la ley establece que su aplicaci\u00f3n depender\u00e1 de que las disposiciones sean compatibles con la actividad y el r\u00e9gimen jur\u00eddico de cada sector. Adem\u00e1s, define una serie de casos en los que no se aplicar\u00e1 la normativa.<\/p>\n\n\n\n<p><strong>Entre ellos se encuentran:<\/strong><\/p>\n\n\n\n<ul class=\"wp-block-list\">\n<li>Empleados de la administraci\u00f3n p\u00fablica nacional, provincial, municipal y de la Ciudad de Buenos Aires, salvo que sean incluidos expresamente.<\/li>\n\n\n\n<li>Trabajadores de casas particulares, excepto en los puntos que la ley espec\u00edfica del sector determine.<\/li>\n\n\n\n<li>Trabajadores agrarios, aunque algunas disposiciones podr\u00e1n aplicarse de manera supletoria si resultan compatibles con el r\u00e9gimen del sector.<\/li>\n\n\n\n<li>Contratos civiles o comerciales, como obra, servicios, transporte o agencia regulados por el C\u00f3digo Civil y Comercial.<\/li>\n\n\n\n<li>Trabajadores independientes y colaboradores, seg\u00fan lo establecido en la Ley de Bases.<\/li>\n\n\n\n<li>Prestadores de plataformas tecnol\u00f3gicas con regulaci\u00f3n espec\u00edfica.<\/li>\n\n\n\n<li>Personal embarcado bajo la Ley de Navegaci\u00f3n.<\/li>\n\n\n\n<li>Personas privadas de libertad que realizan tareas en contextos de encierro.<\/li>\n\n\n\n<li>Cambios en el mercado laboral<\/li>\n<\/ul>\n\n\n\n<p>Con esta reglamentaci\u00f3n, el Gobierno busca avanzar en una<strong>&nbsp;reconfiguraci\u00f3n del esquema laboral argentino,<\/strong>&nbsp;con el objetivo de&nbsp;<strong>flexibilizar algunas normas vigentes y establecer nuevas reglas en materia de contrataci\u00f3n, remuneraciones y organizaci\u00f3n sindical.<\/strong><\/p>\n\n\n\n<p>Desde el Ejecutivo sostienen que la reforma apunta a modernizar las relaciones laborales y promover el empleo formal, mientras que distintos sectores sindicales y pol\u00edticos ya anticiparon debates sobre su impacto en los derechos laborales.<\/p>\n\n\n\n<p>La implementaci\u00f3n de la normativa comenzar\u00e1 a desarrollarse en las pr\u00f3ximas semanas a medida que se reglamenten los distintos aspectos t\u00e9cnicos y operativos que contempla la ley.<\/p>\n","protected":false},"excerpt":{"rendered":"<p>La denominada\u00a0&#8220;ley de modernizaci\u00f3n laboral&#8221;\u00a0qued\u00f3 oficialmente reglamentada este viernes tras su publicaci\u00f3n en el Bolet\u00edn Oficial a trav\u00e9s del\u00a0Decreto 137\/2026, por lo que las nuevas&hellip; <\/p>\n","protected":false},"author":2,"featured_media":37947,"comment_status":"open","ping_status":"open","sticky":false,"template":"","format":"standard","meta":{"footnotes":""},"categories":[9,5],"tags":[],"class_list":["post-37946","post","type-post","status-publish","format-standard","has-post-thumbnail","hentry","category-destacadas","category-politica"],"_links":{"self":[{"href":"https:\/\/lametro989.com\/index.php?rest_route=\/wp\/v2\/posts\/37946","targetHints":{"allow":["GET"]}}],"collection":[{"href":"https:\/\/lametro989.com\/index.php?rest_route=\/wp\/v2\/posts"}],"about":[{"href":"https:\/\/lametro989.com\/index.php?rest_route=\/wp\/v2\/types\/post"}],"author":[{"embeddable":true,"href":"https:\/\/lametro989.com\/index.php?rest_route=\/wp\/v2\/users\/2"}],"replies":[{"embeddable":true,"href":"https:\/\/lametro989.com\/index.php?rest_route=%2Fwp%2Fv2%2Fcomments&post=37946"}],"version-history":[{"count":1,"href":"https:\/\/lametro989.com\/index.php?rest_route=\/wp\/v2\/posts\/37946\/revisions"}],"predecessor-version":[{"id":37948,"href":"https:\/\/lametro989.com\/index.php?rest_route=\/wp\/v2\/posts\/37946\/revisions\/37948"}],"wp:featuredmedia":[{"embeddable":true,"href":"https:\/\/lametro989.com\/index.php?rest_route=\/wp\/v2\/media\/37947"}],"wp:attachment":[{"href":"https:\/\/lametro989.com\/index.php?rest_route=%2Fwp%2Fv2%2Fmedia&parent=37946"}],"wp:term":[{"taxonomy":"category","embeddable":true,"href":"https:\/\/lametro989.com\/index.php?rest_route=%2Fwp%2Fv2%2Fcategories&post=37946"},{"taxonomy":"post_tag","embeddable":true,"href":"https:\/\/lametro989.com\/index.php?rest_route=%2Fwp%2Fv2%2Ftags&post=37946"}],"curies":[{"name":"wp","href":"https:\/\/api.w.org\/{rel}","templated":true}]}}