{"id":37949,"date":"2026-03-06T07:46:04","date_gmt":"2026-03-06T10:46:04","guid":{"rendered":"https:\/\/lametro989.com\/?p=37949"},"modified":"2026-03-06T07:46:04","modified_gmt":"2026-03-06T10:46:04","slug":"quiebra-de-garbarino-la-justicia-ordeno-liquidar-la-historica-cadena-de-electrodomesticos","status":"publish","type":"post","link":"https:\/\/lametro989.com\/?p=37949","title":{"rendered":"Quiebra de Garbarino: la Justicia orden\u00f3 liquidar la hist\u00f3rica cadena de electrodom\u00e9sticos"},"content":{"rendered":"\n<p><em>El juez comercial Fernando D\u2019Alessandro firm\u00f3 el fallo tras el fracaso del concurso preventivo iniciado en 2021. La empresa perder\u00e1 el control de sus bienes y sus autoridades quedaron inhabilitadas para ejercer el comercio.<\/em><\/p>\n\n\n\n<figure class=\"wp-block-image size-full\"><img loading=\"lazy\" decoding=\"async\" width=\"850\" height=\"478\" src=\"https:\/\/lametro989.com\/wp-content\/uploads\/2026\/03\/image-52.png\" alt=\"\" class=\"wp-image-37950\" srcset=\"https:\/\/lametro989.com\/wp-content\/uploads\/2026\/03\/image-52.png 850w, https:\/\/lametro989.com\/wp-content\/uploads\/2026\/03\/image-52-300x169.png 300w, https:\/\/lametro989.com\/wp-content\/uploads\/2026\/03\/image-52-768x432.png 768w\" sizes=\"auto, (max-width: 850px) 100vw, 850px\" \/><\/figure>\n\n\n\n<p><strong>La Justicia comercial decret\u00f3 la quiebra de Garbarino,<\/strong>&nbsp;una de las cadenas de electrodom\u00e9sticos m\u00e1s emblem\u00e1ticas de la Argentina, y dispuso el inicio del proceso de liquidaci\u00f3n total de la empresa luego de que fracasaran los intentos por reestructurar su deuda.<\/p>\n\n\n\n<p>La medida fue adoptada por el Juzgado Nacional en lo Comercial N.\u00ba 7, a cargo del juez&nbsp;<strong>Fernando D\u2019Alessandro,<\/strong>&nbsp;mediante un fallo fechado el 4 de marzo que se conoci\u00f3 p\u00fablicamente este jueves.<\/p>\n\n\n\n<p>El magistrado resolvi\u00f3 avanzar con la quiebra al considerar que no exist\u00edan alternativas viables para la continuidad de la compa\u00f1\u00eda, ya que la firma no logr\u00f3 reunir las mayor\u00edas necesarias para aprobar un acuerdo de pago con sus acreedores dentro del proceso de concurso preventivo iniciado en 2021.<\/p>\n\n\n\n<h2 class=\"wp-block-heading\">P\u00e9rdida de control y liquidaci\u00f3n de bienes<\/h2>\n\n\n\n<p>Con la declaraci\u00f3n de quiebra, Garbarino pierde la administraci\u00f3n de su patrimonio, que quedar\u00e1 bajo la supervisi\u00f3n de una sindicatura designada por la Justicia, encargada de llevar adelante el proceso de inventario, control y liquidaci\u00f3n de activos.<\/p>\n\n\n\n<p>La resoluci\u00f3n judicial tambi\u00e9n dispuso la clausura y verificaci\u00f3n de varios locales comerciales, entre ellos los ubicados en Avenida Cabildo, la calle Uruguay y el barrio porte\u00f1o de Almagro, donde se ordenaron inspecciones para relevar bienes.<\/p>\n\n\n\n<h2 class=\"wp-block-heading\">Inhabilitaci\u00f3n de los directivos<\/h2>\n\n\n\n<p>El fallo incluye adem\u00e1s restricciones para las autoridades de la empresa. El presidente Carlos Rosales, la vicepresidenta Mar\u00eda Marta Facio y el director Gabriel Rosales quedaron inhabilitados para ejercer el comercio.<\/p>\n\n\n\n<p>Adem\u00e1s, la Justicia dispuso que no podr\u00e1n salir del pa\u00eds hasta octubre de 2026, plazo previsto para que la sindicatura presente el informe final sobre la situaci\u00f3n patrimonial de la compa\u00f1\u00eda.<\/p>\n\n\n\n<h2 class=\"wp-block-heading\">Otras empresas alcanzadas<\/h2>\n\n\n\n<p>La decisi\u00f3n judicial no impacta \u00fanicamente sobre Garbarino. El proceso de quiebra tambi\u00e9n se extiende a Tecnosur y Digital Fueguina, dos empresas radicadas en Tierra del Fuego que poseen participaciones societarias vinculadas a la cadena.<\/p>\n\n\n\n<p>Un nuevo golpe para el sector empresario<br>La ca\u00edda definitiva de Garbarino se suma a una serie de conflictos empresariales que atraviesan distintos sectores de la econom\u00eda argentina, con compa\u00f1\u00edas que enfrentan cierres, crisis financieras o disputas laborales.<\/p>\n\n\n\n<p>Entre los casos recientes aparece el de Fate, cuya planta cerr\u00f3 tras m\u00e1s de 80 a\u00f1os de actividad, mientras el Gobierno intenta mediar en el conflicto con el sindicato antes de que venza la conciliaci\u00f3n obligatoria prevista para el 11 de marzo.<\/p>\n","protected":false},"excerpt":{"rendered":"<p>El juez comercial Fernando D\u2019Alessandro firm\u00f3 el fallo tras el fracaso del concurso preventivo iniciado en 2021. La empresa perder\u00e1 el control de sus bienes&hellip; <\/p>\n","protected":false},"author":2,"featured_media":37950,"comment_status":"open","ping_status":"open","sticky":false,"template":"","format":"standard","meta":{"footnotes":""},"categories":[9,2],"tags":[],"class_list":["post-37949","post","type-post","status-publish","format-standard","has-post-thumbnail","hentry","category-destacadas","category-provinciales"],"_links":{"self":[{"href":"https:\/\/lametro989.com\/index.php?rest_route=\/wp\/v2\/posts\/37949","targetHints":{"allow":["GET"]}}],"collection":[{"href":"https:\/\/lametro989.com\/index.php?rest_route=\/wp\/v2\/posts"}],"about":[{"href":"https:\/\/lametro989.com\/index.php?rest_route=\/wp\/v2\/types\/post"}],"author":[{"embeddable":true,"href":"https:\/\/lametro989.com\/index.php?rest_route=\/wp\/v2\/users\/2"}],"replies":[{"embeddable":true,"href":"https:\/\/lametro989.com\/index.php?rest_route=%2Fwp%2Fv2%2Fcomments&post=37949"}],"version-history":[{"count":1,"href":"https:\/\/lametro989.com\/index.php?rest_route=\/wp\/v2\/posts\/37949\/revisions"}],"predecessor-version":[{"id":37951,"href":"https:\/\/lametro989.com\/index.php?rest_route=\/wp\/v2\/posts\/37949\/revisions\/37951"}],"wp:featuredmedia":[{"embeddable":true,"href":"https:\/\/lametro989.com\/index.php?rest_route=\/wp\/v2\/media\/37950"}],"wp:attachment":[{"href":"https:\/\/lametro989.com\/index.php?rest_route=%2Fwp%2Fv2%2Fmedia&parent=37949"}],"wp:term":[{"taxonomy":"category","embeddable":true,"href":"https:\/\/lametro989.com\/index.php?rest_route=%2Fwp%2Fv2%2Fcategories&post=37949"},{"taxonomy":"post_tag","embeddable":true,"href":"https:\/\/lametro989.com\/index.php?rest_route=%2Fwp%2Fv2%2Ftags&post=37949"}],"curies":[{"name":"wp","href":"https:\/\/api.w.org\/{rel}","templated":true}]}}