{"id":37955,"date":"2026-03-06T07:55:26","date_gmt":"2026-03-06T10:55:26","guid":{"rendered":"https:\/\/lametro989.com\/?p=37955"},"modified":"2026-03-06T07:55:26","modified_gmt":"2026-03-06T10:55:26","slug":"con-criticas-a-su-funcionamiento-river-plate-anuncio-que-no-participara-mas-de-las-reuniones-de-comite-ejecutivo-de-la-afa","status":"publish","type":"post","link":"https:\/\/lametro989.com\/?p=37955","title":{"rendered":"Con cr\u00edticas a su funcionamiento, River Plate anunci\u00f3 que no participar\u00e1 m\u00e1s de las reuniones de Comit\u00e9 Ejecutivo de la AFA"},"content":{"rendered":"\n<p>El Millonario oficializ\u00f3 su posici\u00f3n a trav\u00e9s de un comunicado publicado en sus redes sociales. Los motivos<\/p>\n\n\n\n<figure class=\"wp-block-image size-full\"><img loading=\"lazy\" decoding=\"async\" width=\"992\" height=\"661\" src=\"https:\/\/lametro989.com\/wp-content\/uploads\/2026\/03\/image-54.png\" alt=\"\" class=\"wp-image-37956\" srcset=\"https:\/\/lametro989.com\/wp-content\/uploads\/2026\/03\/image-54.png 992w, https:\/\/lametro989.com\/wp-content\/uploads\/2026\/03\/image-54-300x200.png 300w, https:\/\/lametro989.com\/wp-content\/uploads\/2026\/03\/image-54-768x512.png 768w\" sizes=\"auto, (max-width: 992px) 100vw, 992px\" \/><\/figure>\n\n\n\n<p><strong>River Plate\u00a0<\/strong>lanz\u00f3 un comunicado mediante el que confirm\u00f3 que\u00a0<strong>no seguir\u00e1 participando de las reuniones del Comit\u00e9 Ejecutivo de la Asociaci\u00f3n del F\u00fatbol Argentino<\/strong>. La postura, seg\u00fan detall\u00f3 el\u00a0<em>Millonario<\/em>, fue tomada al considerar que los mecanismos en los c\u00f3nclaves no han sido \u201cclaros y previsibles\u201d. \u201cPor este motivo -y&nbsp;<strong>hasta tanto no se corrijan los mecanismos antes mencionados<\/strong>&#8211; el Club ha decidido&nbsp;<strong>no participar de las reuniones del Comit\u00e9 Ejecutivo de la Asociaci\u00f3n del F\u00fatbol Argentino<\/strong>\u201d, subraya el final del comunicado.<\/p>\n\n\n\n<p>En el comienzo del escrito, la entidad remarc\u00f3 su v\u00ednculo con la AFA, aunque destac\u00f3 que desde 2013 supo plantear de manera p\u00fablica y privada la mirada de la dirigencia del club respecto del horizonte del f\u00fatbol argentino. Por ejemplo, \u201c<strong>la necesidad de consolidar una competencia profesional con un torneo de 20 equipos<\/strong>, acompa\u00f1ado por una generaci\u00f3n de recursos que permita el crecimiento del conjunto de los clubes<em>\u201c.<\/em> Luego, hizo hincapi\u00e9 en la transparencia de los procedimientos internos en las reuniones, motivo que signific\u00f3 la gota que rebals\u00f3 el vaso y gener\u00f3 la determinaci\u00f3n.<\/p>\n\n\n\n<p>\u201cNuestra instituci\u00f3n considera que las discusiones sobre el futuro del f\u00fatbol argentino\u00a0<strong>deben darse mediante procedimientos claros y previsibles: con los temas incorporados en el orden del d\u00eda con su debida antelaci\u00f3n y sometidos a votaci\u00f3n de los miembros correspondientes<\/strong>. En reiteradas ocasiones,\u00a0<strong>la din\u00e1mica de funcionamiento observada no ha reflejado esos mecanismos<\/strong>, resultando en procesos menos claros que aquellos a los que River Plate est\u00e1 acostumbrado en el funcionamiento de su propia Comisi\u00f3n Directiva&#8221;, critic\u00f3 la dirigencia de River. El comunicado no puntualiz\u00f3 alg\u00fan ejemplo que haya disparado el malestar. No obstante, en el \u00faltimo tiempo hubo varios temas que fueron planteados en las reuniones de la Liga y el Comit\u00e9 de manera espont\u00e1nea, se sometieron a consulta, y luego provocaron pol\u00e9mica. Por ejemplo, el reconocimiento de Rosario Central como \u201ccampe\u00f3n de Liga\u201d a fines de 2025 por haber sido el equipo que m\u00e1s puntos cosech\u00f3 en el a\u00f1o, cuando no figuraba en el reglamento.<\/p>\n\n\n\n<p>Algo similar sucedi\u00f3 con el paro de este fin de semana y&nbsp;<a rel=\"noreferrer noopener\" href=\"https:\/\/www.infobae.com\/deportes\/2026\/03\/03\/la-afa-ratifico-el-paro-en-el-futbol-argentino-cuando-se-jugara-la-fecha-9-del-torneo-apertura\/\" target=\"_blank\">su ratificaci\u00f3n en la reuni\u00f3n de Comit\u00e9 Ejecutivo desarrollada en Ezeiza este martes<\/a>. En apoyo a la AFA por las denuncias presentadas por el ARCA (Agencia de Recaudaci\u00f3n y Control Aduanero) por presunta evasi\u00f3n impositiva, la fecha 9 del Torneo Apertura ser\u00e1 reprogramada para el primer fin de semana de mayo. A la medida se termin\u00f3 plegando el Ascenso.<\/p>\n\n\n\n<p>Adem\u00e1s, en las \u00faltimas horas, la<strong>\u00a0Liga Profesional de F\u00fatbol (LPF)<\/strong>\u00a0y la AFA confirmaron mediante un comunicado los \u00faltimos\u00a0<a href=\"https:\/\/www.infobae.com\/deportes\/2026\/03\/05\/el-cambio-de-reglamentacion-para-clasificar-a-la-copa-libertadores-y-la-sudamericana-el-comunicado-de-la-liga-profesional\/\" target=\"_blank\" rel=\"noreferrer noopener\">cambios en el reglamento respecto a la clasificaci\u00f3n a las copas\u00a0<strong>Libertadores<\/strong>\u00a0y\u00a0<strong>Sudamericana<\/strong><\/a>.\u00a0<strong>El equipo ubicado en la 9\u00aa posici\u00f3n de la Tabla Anual clasificar\u00e1 a la Fase 2 de la Copa Libertadores de Am\u00e9rica como \u201cArgentina 6\u2033<\/strong>. Mientras que del 3\u00b0 al 8\u00b0 pasar\u00e1n a disputar la Copa Sudamericana del 2028. Estas modificaciones se analizar\u00e1n y aplicar\u00e1n reci\u00e9n en los torneos de 2027 de cara a las competencias internacionales de 2028. <em>Ante la informaci\u00f3n que ha trascendido en las \u00faltimas horas, el Club Atl\u00e9tico River Plate desea dejar en claro ante sus socios, socias, hinchas y ante toda la comunidad del deporte su v\u00ednculo con la Asociaci\u00f3n del F\u00fatbol Argentino.<\/em><\/p>\n\n\n\n<p><em>Desde el a\u00f1o 2013, River Plate ha sostenido una mirada clara sobre el rumbo que debe tomar el f\u00fatbol en nuestro pa\u00eds. En ese sentido, el club ha promovido de forma permanente, entre otras cosas, la necesidad de consolidar una competencia profesional con un torneo de 20 equipos, acompa\u00f1ado por una generaci\u00f3n de recursos que permita el crecimiento del conjunto de los clubes que integran nuestro f\u00fatbol.<\/em><\/p>\n\n\n\n<p><em>Asimismo, River Plate ratifica su hist\u00f3rica defensa del modelo de asociaciones civiles sin fines de lucro y, al mismo tiempo, expresa su reconocimiento a la Asociaci\u00f3n del F\u00fatbol Argentino en la defensa del r\u00e9gimen de aportes previsionales vigente para la actividad.<\/em><\/p>\n\n\n\n<p><em>River Plate cree profundamente en el arm\u00f3nico funcionamiento de las instituciones y en el valor de los \u00f3rganos colegiados para la toma de decisiones. No obstante, entiende que en el actual funcionamiento del Comit\u00e9 Ejecutivo no existen las garant\u00edas procedimentales necesarias para asegurar un proceso claro y previsible en la toma de decisiones de ese cuerpo.<\/em><\/p>\n\n\n\n<p><em>Nuestra instituci\u00f3n considera que las discusiones sobre el futuro del f\u00fatbol argentino deben darse mediante procedimientos claros y previsibles: con los temas incorporados en el orden del d\u00eda con su debida antelaci\u00f3n y sometidos a votaci\u00f3n de los miembros correspondientes. En reiteradas ocasiones, la din\u00e1mica de funcionamiento observada no ha reflejado esos mecanismos, resultando en procesos menos claros que aquellos a los que River Plate est\u00e1 acostumbrado en el funcionamiento de su propia Comisi\u00f3n Directiva.<\/em><\/p>\n\n\n\n<p><em>Por este motivo -y hasta tanto no se corrijan los mecanismos antes mencionados- el Club ha decidido no participar de las reuniones del Comit\u00e9 Ejecutivo de la Asociaci\u00f3n del F\u00fatbol Argentino.<\/em><\/p>\n","protected":false},"excerpt":{"rendered":"<p>El Millonario oficializ\u00f3 su posici\u00f3n a trav\u00e9s de un comunicado publicado en sus redes sociales. Los motivos River Plate\u00a0lanz\u00f3 un comunicado mediante el que confirm\u00f3&hellip; <\/p>\n","protected":false},"author":2,"featured_media":37956,"comment_status":"open","ping_status":"open","sticky":false,"template":"","format":"standard","meta":{"footnotes":""},"categories":[10],"tags":[],"class_list":["post-37955","post","type-post","status-publish","format-standard","has-post-thumbnail","hentry","category-deportes"],"_links":{"self":[{"href":"https:\/\/lametro989.com\/index.php?rest_route=\/wp\/v2\/posts\/37955","targetHints":{"allow":["GET"]}}],"collection":[{"href":"https:\/\/lametro989.com\/index.php?rest_route=\/wp\/v2\/posts"}],"about":[{"href":"https:\/\/lametro989.com\/index.php?rest_route=\/wp\/v2\/types\/post"}],"author":[{"embeddable":true,"href":"https:\/\/lametro989.com\/index.php?rest_route=\/wp\/v2\/users\/2"}],"replies":[{"embeddable":true,"href":"https:\/\/lametro989.com\/index.php?rest_route=%2Fwp%2Fv2%2Fcomments&post=37955"}],"version-history":[{"count":1,"href":"https:\/\/lametro989.com\/index.php?rest_route=\/wp\/v2\/posts\/37955\/revisions"}],"predecessor-version":[{"id":37957,"href":"https:\/\/lametro989.com\/index.php?rest_route=\/wp\/v2\/posts\/37955\/revisions\/37957"}],"wp:featuredmedia":[{"embeddable":true,"href":"https:\/\/lametro989.com\/index.php?rest_route=\/wp\/v2\/media\/37956"}],"wp:attachment":[{"href":"https:\/\/lametro989.com\/index.php?rest_route=%2Fwp%2Fv2%2Fmedia&parent=37955"}],"wp:term":[{"taxonomy":"category","embeddable":true,"href":"https:\/\/lametro989.com\/index.php?rest_route=%2Fwp%2Fv2%2Fcategories&post=37955"},{"taxonomy":"post_tag","embeddable":true,"href":"https:\/\/lametro989.com\/index.php?rest_route=%2Fwp%2Fv2%2Ftags&post=37955"}],"curies":[{"name":"wp","href":"https:\/\/api.w.org\/{rel}","templated":true}]}}