{"id":37958,"date":"2026-03-06T08:03:17","date_gmt":"2026-03-06T11:03:17","guid":{"rendered":"https:\/\/lametro989.com\/?p=37958"},"modified":"2026-03-06T08:03:17","modified_gmt":"2026-03-06T11:03:17","slug":"se-viene-un-aumento-en-el-costo-del-agua-sameep-convoco-a-audiencia-publica-para-actualizar-la-tarifa","status":"publish","type":"post","link":"https:\/\/lametro989.com\/?p=37958","title":{"rendered":"Se viene un aumento en el costo del agua   Sameep convoc\u00f3 a audiencia p\u00fablica para actualizar la tarifa"},"content":{"rendered":"\n<p>El encuentro ser\u00e1 el 9 de marzo en Presidencia Roca. Argumentan atraso tarifario, aumento de costos y que la \u00faltima actualizaci\u00f3n fue en agosto de 2024. <\/p>\n\n\n\n<figure class=\"wp-block-image size-full\"><img loading=\"lazy\" decoding=\"async\" width=\"790\" height=\"534\" src=\"https:\/\/lametro989.com\/wp-content\/uploads\/2026\/03\/image-55.png\" alt=\"\" class=\"wp-image-37959\" srcset=\"https:\/\/lametro989.com\/wp-content\/uploads\/2026\/03\/image-55.png 790w, https:\/\/lametro989.com\/wp-content\/uploads\/2026\/03\/image-55-300x203.png 300w, https:\/\/lametro989.com\/wp-content\/uploads\/2026\/03\/image-55-768x519.png 768w\" sizes=\"auto, (max-width: 790px) 100vw, 790px\" \/><\/figure>\n\n\n\n<p> Sameep convoc\u00f3 a una audiencia p\u00fablica para tratar la actualizaci\u00f3n del cuadro tarifario del servicio de agua potable y saneamiento en el Chaco. El encuentro se realizar\u00e1 el 9 de marzo, a las 10, en el Sal\u00f3n del Consorcio Comunitario 57, ubicado en Capit\u00e1n Solari al 110, en Presidencia Roca. La convocatoria fue formalizada a trav\u00e9s del decreto 113\/2026, publicado el 25 de enero, y prev\u00e9 modalidad presencial y transmisi\u00f3n en vivo, con habilitaci\u00f3n de una plataforma virtual para que usuarios e interesados de distintas localidades puedan participar de manera simult\u00e1nea.<\/p>\n\n\n\n<p><strong>Costos desactualizados y atraso tarifario<\/strong><\/p>\n\n\n\n<p>Seg\u00fan detalla el decreto, la actualizaci\u00f3n responde a la variaci\u00f3n de los costos de producci\u00f3n y distribuci\u00f3n de agua potable, as\u00ed como del servicio de recolecci\u00f3n y tratamiento de efluentes cloacales. El texto sostiene que los valores actuales que emite en sus boletas digitales la empresa de agua provincial, no guardan concordancia con los costos reales del servicio, que dependen tanto del proceso t\u00e9cnico de producci\u00f3n como de las condiciones necesarias para atender la demanda en tiempo y forma.<\/p>\n\n\n\n<p>El documento oficial remarca que la \u00faltima actualizaci\u00f3n tarifaria se realiz\u00f3 en agosto de 2024 y que, desde entonces, los valores quedaron desfasados frente a los costos proyectados para el corriente a\u00f1o. En ese sentido, advierte que la tarifa media presenta un retraso que impide cubrir los costos esenciales para el normal funcionamiento de la empresa y garantizar la prestaci\u00f3n del servicio en condiciones adecuadas para los usuarios chaque\u00f1os.<\/p>\n\n\n\n<p><strong>Revisi\u00f3n integral del esquema<\/strong><\/p>\n\n\n\n<p>Entre los fundamentos, se plantea la necesidad de realizar un an\u00e1lisis integral de los costos del servicio y de las caracter\u00edsticas del mercado consumidor.<\/p>\n\n\n\n<p>El objetivo, seg\u00fan se indica desde Sameep, es determinar nuevos precios unitarios del cargo tarifario espec\u00edfico que permitan sostener el nivel de cobertura de las necesidades de inversi\u00f3n, mantenimiento y equipamiento para brindar una mejor prestaci\u00f3n.<\/p>\n\n\n\n<p><\/p>\n","protected":false},"excerpt":{"rendered":"<p>El encuentro ser\u00e1 el 9 de marzo en Presidencia Roca. Argumentan atraso tarifario, aumento de costos y que la \u00faltima actualizaci\u00f3n fue en agosto de&hellip; <\/p>\n","protected":false},"author":2,"featured_media":37959,"comment_status":"open","ping_status":"open","sticky":false,"template":"","format":"standard","meta":{"footnotes":""},"categories":[9,2],"tags":[],"class_list":["post-37958","post","type-post","status-publish","format-standard","has-post-thumbnail","hentry","category-destacadas","category-provinciales"],"_links":{"self":[{"href":"https:\/\/lametro989.com\/index.php?rest_route=\/wp\/v2\/posts\/37958","targetHints":{"allow":["GET"]}}],"collection":[{"href":"https:\/\/lametro989.com\/index.php?rest_route=\/wp\/v2\/posts"}],"about":[{"href":"https:\/\/lametro989.com\/index.php?rest_route=\/wp\/v2\/types\/post"}],"author":[{"embeddable":true,"href":"https:\/\/lametro989.com\/index.php?rest_route=\/wp\/v2\/users\/2"}],"replies":[{"embeddable":true,"href":"https:\/\/lametro989.com\/index.php?rest_route=%2Fwp%2Fv2%2Fcomments&post=37958"}],"version-history":[{"count":1,"href":"https:\/\/lametro989.com\/index.php?rest_route=\/wp\/v2\/posts\/37958\/revisions"}],"predecessor-version":[{"id":37960,"href":"https:\/\/lametro989.com\/index.php?rest_route=\/wp\/v2\/posts\/37958\/revisions\/37960"}],"wp:featuredmedia":[{"embeddable":true,"href":"https:\/\/lametro989.com\/index.php?rest_route=\/wp\/v2\/media\/37959"}],"wp:attachment":[{"href":"https:\/\/lametro989.com\/index.php?rest_route=%2Fwp%2Fv2%2Fmedia&parent=37958"}],"wp:term":[{"taxonomy":"category","embeddable":true,"href":"https:\/\/lametro989.com\/index.php?rest_route=%2Fwp%2Fv2%2Fcategories&post=37958"},{"taxonomy":"post_tag","embeddable":true,"href":"https:\/\/lametro989.com\/index.php?rest_route=%2Fwp%2Fv2%2Ftags&post=37958"}],"curies":[{"name":"wp","href":"https:\/\/api.w.org\/{rel}","templated":true}]}}