{"id":37971,"date":"2026-03-06T11:22:01","date_gmt":"2026-03-06T14:22:01","guid":{"rendered":"https:\/\/lametro989.com\/?p=37971"},"modified":"2026-03-06T11:22:01","modified_gmt":"2026-03-06T14:22:01","slug":"chaco-corrientes-y-formosa-pediran-a-nacion-extender-el-subsidio-electrico-hasta-marzo","status":"publish","type":"post","link":"https:\/\/lametro989.com\/?p=37971","title":{"rendered":"Chaco, Corrientes y Formosa pedir\u00e1n a Naci\u00f3n extender el subsidio el\u00e9ctrico hasta marzo"},"content":{"rendered":"\n<p>Desde la empresa energ\u00e9tica chaque\u00f1a recordaron que el esquema diferencial para provincias de zonas c\u00e1lidas fue posible gracias a las gestiones realizadas por el gobernador Leandro Zdero junto a los mandatarios del Norte Grande.<\/p>\n\n\n\n<figure class=\"wp-block-image size-full\"><img loading=\"lazy\" decoding=\"async\" width=\"850\" height=\"577\" src=\"https:\/\/lametro989.com\/wp-content\/uploads\/2026\/03\/image-59.png\" alt=\"\" class=\"wp-image-37972\" srcset=\"https:\/\/lametro989.com\/wp-content\/uploads\/2026\/03\/image-59.png 850w, https:\/\/lametro989.com\/wp-content\/uploads\/2026\/03\/image-59-300x204.png 300w, https:\/\/lametro989.com\/wp-content\/uploads\/2026\/03\/image-59-768x521.png 768w\" sizes=\"auto, (max-width: 850px) 100vw, 850px\" \/><\/figure>\n\n\n\n<p>Con el objetivo de aliviar el costo de las facturas de energ\u00eda el\u00e9ctrica durante los meses de mayor consumo, Secheep junto a las distribuidoras de Corrientes y Formosa solicitar\u00e1n a la Secretar\u00eda de Energ\u00eda de la Naci\u00f3n la extensi\u00f3n del subsidio el\u00e9ctrico vigente para diciembre, enero y febrero, incorporando tambi\u00e9n al mes de marzo. La iniciativa surge tras una reuni\u00f3n de trabajo realizada en Resistencia entre representantes de Secheep, la Direcci\u00f3n Provincial de Energ\u00eda de Corrientes (DPEC) y REFSA, donde se elabor\u00f3 un documento conjunto que ser\u00e1 elevado a Naci\u00f3n solicitando la revisi\u00f3n del esquema actual.<\/p>\n\n\n\n<p>Seg\u00fan lo establecido por el nuevo sistema de subsidios el\u00e9ctricos del Gobierno nacional, el Chaco est\u00e1 categorizado como &#8220;zona muy c\u00e1lida&#8221;, lo que permite que el beneficio alcance hasta los 550 kWh de consumo base mensual entre diciembre y febrero. Sin embargo, en marzo el tope baja a 150 kWh, a pesar de que las temperaturas contin\u00faan siendo elevadas.<\/p>\n\n\n\n<p>El presidente de Secheep, Jos\u00e9 Bistoletti, explic\u00f3 que el pedido responde a la realidad clim\u00e1tica de la regi\u00f3n. &#8220;Si tenemos en cuenta los registros de los \u00faltimos a\u00f1os y el de este 2026, las temperaturas de marzo ser\u00e1n tan c\u00e1lidas como en los meses previos. Por eso, junto a las distribuidoras de Corrientes y Formosa vamos a solicitar a la Secretar\u00eda de Energ\u00eda de la Naci\u00f3n una revisi\u00f3n del esquema y la extensi\u00f3n del beneficio&#8221;, se\u00f1al\u00f3.<\/p>\n\n\n\n<p>Durante la reuni\u00f3n tambi\u00e9n participaron los vocales de Secheep, Germ\u00e1n Perelli y Ariel Mu\u00f1oz; el interventor y subinterventor de la Direcci\u00f3n Provincial de Energ\u00eda de Corrientes (DPEC), Pablo Cuenca y Enrique Dur\u00e1n; y por REFSA el gerente de Servicios Benjam\u00edn Villalba y el subgerente V\u00edctor Hugo Matiwiejuk.<\/p>\n\n\n\n<p>Nuevo esquema nacional de subsidios<\/p>\n\n\n\n<p>El nuevo sistema de subsidios el\u00e9ctricos fue implementado por el Gobierno nacional en enero de 2026 mediante el Decreto 943\/2025, que cre\u00f3 el R\u00e9gimen de Subsidios Energ\u00e9ticos Focalizados (SEF) y simplific\u00f3 la segmentaci\u00f3n de usuarios.<\/p>\n\n\n\n<p>De esta manera, el anterior Registro de Acceso a los Subsidios a la Energ\u00eda (RASE) fue reemplazado por el Registro de Subsidios Energ\u00e9ticos Focalizados (ReSEF), estableciendo solo dos categor\u00edas: hogares con subsidio y hogares sin subsidio.<\/p>\n\n\n\n<p>El beneficio alcanza a hogares con ingresos menores a tres canastas b\u00e1sicas totales y a grupos vulnerables como viviendas del ReNaBaP, veteranos de guerra o personas con discapacidad.<\/p>\n\n\n\n<p>C\u00f3mo funciona el subsidio en el Chaco<\/p>\n\n\n\n<p>En la provincia del Chaco, los hogares que califican reciben una bonificaci\u00f3n del 50% sobre el precio de la energ\u00eda correspondiente al consumo base.<\/p>\n\n\n\n<p>Los topes establecidos son:<\/p>\n\n\n\n<p>-550 kWh mensuales en meses de mayor demanda (diciembre, enero y febrero).<br>-300 kWh mensuales en invierno (mayo, junio, julio y agosto).<br>-150 kWh mensuales en meses templados (marzo, abril, septiembre, octubre y noviembre).<\/p>\n\n\n\n<p>Desde SECHEEP aclararon que el consumo que supere esos valores se abonar\u00e1 a precio pleno, sin subsidio.<\/p>\n\n\n\n<p>Adem\u00e1s, durante 2026 se aplicar\u00e1 una bonificaci\u00f3n extraordinaria transitoria de hasta el 25%, con reducci\u00f3n progresiva mes a mes, con el objetivo de garantizar una transici\u00f3n gradual y evitar aumentos bruscos en las facturas el\u00e9ctricas de los usuarios residenciales.<\/p>\n","protected":false},"excerpt":{"rendered":"<p>Desde la empresa energ\u00e9tica chaque\u00f1a recordaron que el esquema diferencial para provincias de zonas c\u00e1lidas fue posible gracias a las gestiones realizadas por el gobernador&hellip; <\/p>\n","protected":false},"author":2,"featured_media":37972,"comment_status":"open","ping_status":"open","sticky":false,"template":"","format":"standard","meta":{"footnotes":""},"categories":[9,2],"tags":[],"class_list":["post-37971","post","type-post","status-publish","format-standard","has-post-thumbnail","hentry","category-destacadas","category-provinciales"],"_links":{"self":[{"href":"https:\/\/lametro989.com\/index.php?rest_route=\/wp\/v2\/posts\/37971","targetHints":{"allow":["GET"]}}],"collection":[{"href":"https:\/\/lametro989.com\/index.php?rest_route=\/wp\/v2\/posts"}],"about":[{"href":"https:\/\/lametro989.com\/index.php?rest_route=\/wp\/v2\/types\/post"}],"author":[{"embeddable":true,"href":"https:\/\/lametro989.com\/index.php?rest_route=\/wp\/v2\/users\/2"}],"replies":[{"embeddable":true,"href":"https:\/\/lametro989.com\/index.php?rest_route=%2Fwp%2Fv2%2Fcomments&post=37971"}],"version-history":[{"count":1,"href":"https:\/\/lametro989.com\/index.php?rest_route=\/wp\/v2\/posts\/37971\/revisions"}],"predecessor-version":[{"id":37973,"href":"https:\/\/lametro989.com\/index.php?rest_route=\/wp\/v2\/posts\/37971\/revisions\/37973"}],"wp:featuredmedia":[{"embeddable":true,"href":"https:\/\/lametro989.com\/index.php?rest_route=\/wp\/v2\/media\/37972"}],"wp:attachment":[{"href":"https:\/\/lametro989.com\/index.php?rest_route=%2Fwp%2Fv2%2Fmedia&parent=37971"}],"wp:term":[{"taxonomy":"category","embeddable":true,"href":"https:\/\/lametro989.com\/index.php?rest_route=%2Fwp%2Fv2%2Fcategories&post=37971"},{"taxonomy":"post_tag","embeddable":true,"href":"https:\/\/lametro989.com\/index.php?rest_route=%2Fwp%2Fv2%2Ftags&post=37971"}],"curies":[{"name":"wp","href":"https:\/\/api.w.org\/{rel}","templated":true}]}}