{"id":37978,"date":"2026-03-09T07:25:13","date_gmt":"2026-03-09T10:25:13","guid":{"rendered":"https:\/\/lametro989.com\/?p=37978"},"modified":"2026-03-09T07:25:13","modified_gmt":"2026-03-09T10:25:13","slug":"calendario-2026-la-particular-combinacion-de-fechas-que-traera-un-nuevo-descanso-extendido","status":"publish","type":"post","link":"https:\/\/lametro989.com\/?p=37978","title":{"rendered":"Calendario 2026: la particular combinaci\u00f3n de fechas que traer\u00e1 un nuevo descanso extendido"},"content":{"rendered":"\n<p>La particular coincidencia de fechas marcar\u00e1 otro de los descansos m\u00e1s esperados del a\u00f1o.<\/p>\n\n\n\n<figure class=\"wp-block-image size-full\"><img loading=\"lazy\" decoding=\"async\" width=\"850\" height=\"478\" src=\"https:\/\/lametro989.com\/wp-content\/uploads\/2026\/03\/image-61.png\" alt=\"\" class=\"wp-image-37979\" srcset=\"https:\/\/lametro989.com\/wp-content\/uploads\/2026\/03\/image-61.png 850w, https:\/\/lametro989.com\/wp-content\/uploads\/2026\/03\/image-61-300x169.png 300w, https:\/\/lametro989.com\/wp-content\/uploads\/2026\/03\/image-61-768x432.png 768w\" sizes=\"auto, (max-width: 850px) 100vw, 850px\" \/><\/figure>\n\n\n\n<p>El calendario oficial de feriados de&nbsp;<strong>Argentina<\/strong>&nbsp;para 2026 ya permite anticipar uno de los descansos m\u00e1s extensos del a\u00f1o. La coincidencia entre la&nbsp;<strong>Semana Santa<\/strong>&nbsp;y el&nbsp;<strong>D\u00eda del Veterano y de los Ca\u00eddos en la Guerra de Malvinas<\/strong>&nbsp;generar\u00e1 un fin de semana largo que se extender\u00e1 durante cuatro d\u00edas consecutivos en todo el pa\u00eds.<\/p>\n\n\n\n<p>En esa ocasi\u00f3n, el jueves 2 de abril tendr\u00e1 un significado doble para los argentinos: adem\u00e1s de la conmemoraci\u00f3n por la&nbsp;<strong>Guerra de Malvinas<\/strong>, tambi\u00e9n se celebrar\u00e1 el&nbsp;<strong>Jueves Santo<\/strong>, una de las fechas centrales del calendario cristiano.<\/p>\n\n\n\n<p>De esta manera, el descanso se extender\u00e1 desde el jueves 2 hasta el domingo 5 de abril, un per\u00edodo que suele ser aprovechado para viajes, turismo interno o actividades religiosas en distintas provincias del pa\u00eds.<\/p>\n\n\n\n<h3 class=\"wp-block-heading\"><strong>Qu\u00e9 d\u00edas abarca Semana Santa en 2026<\/strong><\/h3>\n\n\n\n<ul class=\"wp-block-list\">\n<li><strong>Jueves Santo:<\/strong>\u00a02 de abril (feriado nacional por Malvinas).<\/li>\n\n\n\n<li><strong>Viernes Santo:<\/strong>\u00a03 de abril (feriado nacional).<\/li>\n\n\n\n<li><strong>S\u00e1bado Santo:<\/strong>\u00a04 de abril.<\/li>\n\n\n\n<li><strong>Domingo de Resurrecci\u00f3n:<\/strong>\u00a05 de abril.<\/li>\n<\/ul>\n\n\n\n<h3 class=\"wp-block-heading\"><strong>C\u00f3mo sigue el calendario de feriados en 2026<\/strong><\/h3>\n\n\n\n<p><strong>Mayo<\/strong><\/p>\n\n\n\n<ul class=\"wp-block-list\">\n<li><strong>Viernes 1:<\/strong>\u00a0D\u00eda del Trabajador\u00a0(feriado inamovible).<\/li>\n\n\n\n<li><strong>Lunes 25:<\/strong>\u00a0D\u00eda de la Revoluci\u00f3n de Mayo\u00a0(feriado inamovible).<\/li>\n<\/ul>\n\n\n\n<p><strong>Junio<\/strong><\/p>\n\n\n\n<ul class=\"wp-block-list\">\n<li><strong>Lunes 15:<\/strong>\u00a0Paso a la Inmortalidad de Mart\u00edn Miguel de G\u00fcemes\u00a0(trasladable, se conmemora el 17).<\/li>\n\n\n\n<li><strong>S\u00e1bado 20:<\/strong>\u00a0Paso a la Inmortalidad de Manuel Belgrano\u00a0(inamovible).<\/li>\n<\/ul>\n\n\n\n<p><strong>Julio<\/strong><\/p>\n\n\n\n<ul class=\"wp-block-list\">\n<li><strong>Jueves 9:<\/strong>\u00a0D\u00eda de la Independencia de Argentina\u00a0(inamovible).<\/li>\n\n\n\n<li><strong>Viernes 10:<\/strong>\u00a0d\u00eda no laborable con fines tur\u00edsticos.<\/li>\n<\/ul>\n\n\n\n<p><strong>Agosto<\/strong><\/p>\n\n\n\n<ul class=\"wp-block-list\">\n<li><strong>Lunes 17:<\/strong>\u00a0Paso a la Inmortalidad de Jos\u00e9 de San Mart\u00edn\u00a0(trasladable).<\/li>\n<\/ul>\n\n\n\n<p><strong>Septiembre<\/strong><\/p>\n\n\n\n<ul class=\"wp-block-list\">\n<li>No hay feriados nacionales.<\/li>\n<\/ul>\n\n\n\n<p><strong>Octubre<\/strong><\/p>\n\n\n\n<ul class=\"wp-block-list\">\n<li><strong>Lunes 12:<\/strong>\u00a0D\u00eda del Respeto a la Diversidad Cultural\u00a0(trasladable).<\/li>\n<\/ul>\n\n\n\n<p><strong>Noviembre<\/strong><\/p>\n\n\n\n<ul class=\"wp-block-list\">\n<li><strong>Lunes 23:<\/strong>\u00a0D\u00eda de la Soberan\u00eda Nacional\u00a0(trasladado desde el 20).<\/li>\n<\/ul>\n\n\n\n<p><strong>Diciembre<\/strong><\/p>\n\n\n\n<ul class=\"wp-block-list\">\n<li><strong>Lunes 7:<\/strong>\u00a0d\u00eda no laborable con fines tur\u00edsticos.<\/li>\n\n\n\n<li><strong>Martes 8:<\/strong>\u00a0Inmaculada Concepci\u00f3n de Mar\u00eda\u00a0(inamovible).<\/li>\n\n\n\n<li><strong>Viernes 25:<\/strong>\u00a0Navidad\u00a0(inamovible).<\/li>\n<\/ul>\n\n\n\n<h3 class=\"wp-block-heading\"><strong>Feriado o d\u00eda no laborable: cu\u00e1l es la diferencia<\/strong><\/h3>\n\n\n\n<p>En el calendario argentino no todos los descansos tienen el mismo r\u00e9gimen laboral.<\/p>\n\n\n\n<ul class=\"wp-block-list\">\n<li><strong>Feriado nacional:<\/strong>\u00a0el descanso es obligatorio. Si una persona trabaja, debe cobrar el doble de la jornada habitual.<\/li>\n\n\n\n<li><strong>D\u00eda no laborable:<\/strong>\u00a0la decisi\u00f3n queda en manos del empleador. Si se trabaja, se paga como un d\u00eda normal.<\/li>\n<\/ul>\n","protected":false},"excerpt":{"rendered":"<p>La particular coincidencia de fechas marcar\u00e1 otro de los descansos m\u00e1s esperados del a\u00f1o. El calendario oficial de feriados de&nbsp;Argentina&nbsp;para 2026 ya permite anticipar uno&hellip; <\/p>\n","protected":false},"author":2,"featured_media":37979,"comment_status":"open","ping_status":"open","sticky":false,"template":"","format":"standard","meta":{"footnotes":""},"categories":[13],"tags":[],"class_list":["post-37978","post","type-post","status-publish","format-standard","has-post-thumbnail","hentry","category-nacionales"],"_links":{"self":[{"href":"https:\/\/lametro989.com\/index.php?rest_route=\/wp\/v2\/posts\/37978","targetHints":{"allow":["GET"]}}],"collection":[{"href":"https:\/\/lametro989.com\/index.php?rest_route=\/wp\/v2\/posts"}],"about":[{"href":"https:\/\/lametro989.com\/index.php?rest_route=\/wp\/v2\/types\/post"}],"author":[{"embeddable":true,"href":"https:\/\/lametro989.com\/index.php?rest_route=\/wp\/v2\/users\/2"}],"replies":[{"embeddable":true,"href":"https:\/\/lametro989.com\/index.php?rest_route=%2Fwp%2Fv2%2Fcomments&post=37978"}],"version-history":[{"count":1,"href":"https:\/\/lametro989.com\/index.php?rest_route=\/wp\/v2\/posts\/37978\/revisions"}],"predecessor-version":[{"id":37980,"href":"https:\/\/lametro989.com\/index.php?rest_route=\/wp\/v2\/posts\/37978\/revisions\/37980"}],"wp:featuredmedia":[{"embeddable":true,"href":"https:\/\/lametro989.com\/index.php?rest_route=\/wp\/v2\/media\/37979"}],"wp:attachment":[{"href":"https:\/\/lametro989.com\/index.php?rest_route=%2Fwp%2Fv2%2Fmedia&parent=37978"}],"wp:term":[{"taxonomy":"category","embeddable":true,"href":"https:\/\/lametro989.com\/index.php?rest_route=%2Fwp%2Fv2%2Fcategories&post=37978"},{"taxonomy":"post_tag","embeddable":true,"href":"https:\/\/lametro989.com\/index.php?rest_route=%2Fwp%2Fv2%2Ftags&post=37978"}],"curies":[{"name":"wp","href":"https:\/\/api.w.org\/{rel}","templated":true}]}}