{"id":37981,"date":"2026-03-09T07:27:34","date_gmt":"2026-03-09T10:27:34","guid":{"rendered":"https:\/\/lametro989.com\/?p=37981"},"modified":"2026-03-09T07:27:34","modified_gmt":"2026-03-09T10:27:34","slug":"colapinto-remonto-tras-una-sancion-y-termino-14-en-el-gran-premio-de-australia","status":"publish","type":"post","link":"https:\/\/lametro989.com\/?p=37981","title":{"rendered":"Colapinto remont\u00f3 tras una sanci\u00f3n y termin\u00f3 14\u00b0 en el Gran Premio de Australia"},"content":{"rendered":"\n<p>El piloto argentino tuvo un inicio exigente en la temporada pero logr\u00f3 completar la carrera y ya piensa en la pr\u00f3xima fecha.<\/p>\n\n\n\n<figure class=\"wp-block-image size-full\"><img loading=\"lazy\" decoding=\"async\" width=\"850\" height=\"429\" src=\"https:\/\/lametro989.com\/wp-content\/uploads\/2026\/03\/image-62.png\" alt=\"\" class=\"wp-image-37982\" srcset=\"https:\/\/lametro989.com\/wp-content\/uploads\/2026\/03\/image-62.png 850w, https:\/\/lametro989.com\/wp-content\/uploads\/2026\/03\/image-62-300x151.png 300w, https:\/\/lametro989.com\/wp-content\/uploads\/2026\/03\/image-62-768x388.png 768w\" sizes=\"auto, (max-width: 850px) 100vw, 850px\" \/><\/figure>\n\n\n\n<p>El piloto argentino&nbsp;<strong>Franco Colapinto<\/strong>&nbsp;finaliz\u00f3 en el puesto 14 del&nbsp;<strong>Gran Premio de Australia<\/strong>, carrera que marc\u00f3 el inicio de la temporada 2026 de la&nbsp;<strong>F\u00f3rmula 1<\/strong>. La competencia se disput\u00f3 en el circuito de&nbsp;<strong>Albert Park<\/strong>, donde el brit\u00e1nico&nbsp;<strong>George Russell<\/strong>&nbsp;se qued\u00f3 con la victoria para&nbsp;<strong>Mercedes-AMG Petronas Formula One Team<\/strong>.<\/p>\n\n\n\n<p>La escuder\u00eda alemana domin\u00f3 el estreno del campeonato con un contundente 1-2, ya que el joven&nbsp;<strong>Kimi Antonelli<\/strong>&nbsp;termin\u00f3 segundo. Detr\u00e1s se ubicaron los pilotos de&nbsp;<strong>Scuderia Ferrari<\/strong>, con&nbsp;<strong>Charles Leclerc<\/strong>&nbsp;en el tercer lugar y&nbsp;<strong>Lewis Hamilton<\/strong>&nbsp;en el cuarto puesto.<\/p>\n\n\n\n<p>Para Colapinto, que compite con&nbsp;<strong>BWT Alpine F1 Team<\/strong>, la carrera comenz\u00f3 cuesta arriba. Una penalidad de tipo \u201cstop and go\u201d recibida tras la largada condicion\u00f3 su estrategia y lo oblig\u00f3 a recuperar terreno desde el fondo de la parrilla.<\/p>\n\n\n\n<p>A pesar de ese contratiempo, el piloto argentino logr\u00f3 sostener un buen ritmo durante gran parte de la competencia y complet\u00f3 m\u00e1s de 40 vueltas con el mismo juego de neum\u00e1ticos. En el tramo final incluso resisti\u00f3 la presi\u00f3n del espa\u00f1ol&nbsp;<strong>Carlos Sainz Jr.<\/strong>, asegurando el 14\u00b0 puesto al cruzar la bandera a cuadros.<\/p>\n\n\n\n<p>En tanto, su compa\u00f1ero de equipo&nbsp;<strong>Pierre Gasly<\/strong>&nbsp;finaliz\u00f3 d\u00e9cimo y sum\u00f3 un punto para Alpine. Tambi\u00e9n se destac\u00f3 la remontada del neerland\u00e9s&nbsp;<strong>Max Verstappen<\/strong>, que larg\u00f3 desde el \u00faltimo lugar y termin\u00f3 sexto tras protagonizar una intensa pelea con&nbsp;<strong>Lando Norris<\/strong>.<\/p>\n\n\n\n<p>Tras la carrera, Colapinto se mostr\u00f3 optimista pese a las dificultades del fin de semana. En sus redes sociales asegur\u00f3 que el inicio fue \u201clargo y duro\u201d, aunque destac\u00f3 el apoyo de los fan\u00e1ticos y anticip\u00f3 que el equipo buscar\u00e1 mejorar r\u00e1pidamente el rendimiento.<\/p>\n\n\n\n<figure class=\"wp-block-image\"><a href=\"https:\/\/i0.wp.com\/facundoquiroga.com\/wp-content\/uploads\/2026\/03\/WhatsApp-Image-2026-03-08-at-12.30.23-PM.jpeg?quality=95&amp;ssl=1\"><img decoding=\"async\" src=\"https:\/\/i0.wp.com\/facundoquiroga.com\/wp-content\/uploads\/2026\/03\/WhatsApp-Image-2026-03-08-at-12.30.23-PM.jpeg?resize=696%2C443&amp;quality=95&amp;ssl=1\" alt=\"\" class=\"wp-image-237558\"\/><\/a><\/figure>\n\n\n\n<p>La pr\u00f3xima cita del calendario ser\u00e1 el&nbsp;<strong>Gran Premio de China<\/strong>, que se disputar\u00e1 el pr\u00f3ximo fin de semana en el circuito internacional de&nbsp;<strong>Shanghai International Circuit<\/strong>, donde el piloto argentino intentar\u00e1 dar un paso adelante en el campeonato.<\/p>\n","protected":false},"excerpt":{"rendered":"<p>El piloto argentino tuvo un inicio exigente en la temporada pero logr\u00f3 completar la carrera y ya piensa en la pr\u00f3xima fecha. El piloto argentino&nbsp;Franco&hellip; <\/p>\n","protected":false},"author":2,"featured_media":37982,"comment_status":"open","ping_status":"open","sticky":false,"template":"","format":"standard","meta":{"footnotes":""},"categories":[10,9],"tags":[],"class_list":["post-37981","post","type-post","status-publish","format-standard","has-post-thumbnail","hentry","category-deportes","category-destacadas"],"_links":{"self":[{"href":"https:\/\/lametro989.com\/index.php?rest_route=\/wp\/v2\/posts\/37981","targetHints":{"allow":["GET"]}}],"collection":[{"href":"https:\/\/lametro989.com\/index.php?rest_route=\/wp\/v2\/posts"}],"about":[{"href":"https:\/\/lametro989.com\/index.php?rest_route=\/wp\/v2\/types\/post"}],"author":[{"embeddable":true,"href":"https:\/\/lametro989.com\/index.php?rest_route=\/wp\/v2\/users\/2"}],"replies":[{"embeddable":true,"href":"https:\/\/lametro989.com\/index.php?rest_route=%2Fwp%2Fv2%2Fcomments&post=37981"}],"version-history":[{"count":1,"href":"https:\/\/lametro989.com\/index.php?rest_route=\/wp\/v2\/posts\/37981\/revisions"}],"predecessor-version":[{"id":37983,"href":"https:\/\/lametro989.com\/index.php?rest_route=\/wp\/v2\/posts\/37981\/revisions\/37983"}],"wp:featuredmedia":[{"embeddable":true,"href":"https:\/\/lametro989.com\/index.php?rest_route=\/wp\/v2\/media\/37982"}],"wp:attachment":[{"href":"https:\/\/lametro989.com\/index.php?rest_route=%2Fwp%2Fv2%2Fmedia&parent=37981"}],"wp:term":[{"taxonomy":"category","embeddable":true,"href":"https:\/\/lametro989.com\/index.php?rest_route=%2Fwp%2Fv2%2Fcategories&post=37981"},{"taxonomy":"post_tag","embeddable":true,"href":"https:\/\/lametro989.com\/index.php?rest_route=%2Fwp%2Fv2%2Ftags&post=37981"}],"curies":[{"name":"wp","href":"https:\/\/api.w.org\/{rel}","templated":true}]}}