{"id":37984,"date":"2026-03-09T07:29:06","date_gmt":"2026-03-09T10:29:06","guid":{"rendered":"https:\/\/lametro989.com\/?p=37984"},"modified":"2026-03-09T07:29:06","modified_gmt":"2026-03-09T10:29:06","slug":"con-reclamos-por-salarios-y-recursos-trabajadoras-de-la-salud-convocan-a-protestar-frente-al-pediatrico","status":"publish","type":"post","link":"https:\/\/lametro989.com\/?p=37984","title":{"rendered":"Con reclamos por salarios y recursos, trabajadoras de la salud convocan a protestar frente al Pedi\u00e1trico"},"content":{"rendered":"\n<p>Con reclamos por salarios y recursos, trabajadoras de la salud convocan a protestar frente al Pedi\u00e1trico<\/p>\n\n\n\n<figure class=\"wp-block-image size-full\"><img loading=\"lazy\" decoding=\"async\" width=\"850\" height=\"445\" src=\"https:\/\/lametro989.com\/wp-content\/uploads\/2026\/03\/image-63.png\" alt=\"\" class=\"wp-image-37985\" srcset=\"https:\/\/lametro989.com\/wp-content\/uploads\/2026\/03\/image-63.png 850w, https:\/\/lametro989.com\/wp-content\/uploads\/2026\/03\/image-63-300x157.png 300w, https:\/\/lametro989.com\/wp-content\/uploads\/2026\/03\/image-63-768x402.png 768w\" sizes=\"auto, (max-width: 850px) 100vw, 850px\" \/><\/figure>\n\n\n\n<p>En el marco del&nbsp;<strong>D\u00eda Internacional de la Mujer<\/strong>, trabajadoras del sistema sanitario convocaron a una concentraci\u00f3n este lunes 9 de marzo frente al&nbsp;<strong>Hospital Pedi\u00e1trico Dr. Avelino L. Castel\u00e1n<\/strong>, con el objetivo de visibilizar una serie de reclamos vinculados a las condiciones laborales y al funcionamiento de la salud p\u00fablica.<\/p>\n\n\n\n<p>La convocatoria est\u00e1 prevista para las 11 de la ma\u00f1ana frente al m\u00e1stil del hospital, donde el personal busca expresar su preocupaci\u00f3n por distintas problem\u00e1ticas que, seg\u00fan se\u00f1alan, afectan tanto a los trabajadores como a la calidad de la atenci\u00f3n a los pacientes.<\/p>\n\n\n\n<figure class=\"wp-block-image\"><a href=\"https:\/\/i0.wp.com\/facundoquiroga.com\/wp-content\/uploads\/2026\/03\/WhatsApp-Image-2026-03-08-at-12.04.02-PM.jpeg?quality=95&amp;ssl=1\"><img decoding=\"async\" src=\"https:\/\/i0.wp.com\/facundoquiroga.com\/wp-content\/uploads\/2026\/03\/WhatsApp-Image-2026-03-08-at-12.04.02-PM.jpeg?resize=696%2C1044&amp;quality=95&amp;ssl=1\" alt=\"\" class=\"wp-image-237569\"\/><\/a><\/figure>\n\n\n\n<p>Entre los principales reclamos se encuentran la necesidad de un aumento salarial \u201creal y urgente\u201d, la actualizaci\u00f3n del valor de la hora de guardia y la incorporaci\u00f3n de m\u00e1s personal para cubrir la creciente demanda en los servicios de salud.<\/p>\n\n\n\n<p>Tambi\u00e9n plantean la necesidad de mejorar las condiciones edilicias y la infraestructura del hospital, adem\u00e1s de garantizar la provisi\u00f3n de medicamentos e insumos esenciales para la atenci\u00f3n diaria de los pacientes.<\/p>\n\n\n\n<p>Otro de los puntos se\u00f1alados por las trabajadoras es la seguridad durante las guardias, un tema que consideran clave para el desarrollo de sus tareas. En ese sentido, remarcaron que \u201csin condiciones dignas no hay atenci\u00f3n segura\u201d.<\/p>\n\n\n\n<p>Desde la organizaci\u00f3n de la convocatoria sostienen que el objetivo de la movilizaci\u00f3n es visibilizar la situaci\u00f3n del sector y remarcar que defender los derechos de las trabajadoras tambi\u00e9n implica fortalecer el sistema de salud p\u00fablica.<\/p>\n","protected":false},"excerpt":{"rendered":"<p>Con reclamos por salarios y recursos, trabajadoras de la salud convocan a protestar frente al Pedi\u00e1trico En el marco del&nbsp;D\u00eda Internacional de la Mujer, trabajadoras&hellip; <\/p>\n","protected":false},"author":2,"featured_media":37985,"comment_status":"open","ping_status":"open","sticky":false,"template":"","format":"standard","meta":{"footnotes":""},"categories":[9,2],"tags":[],"class_list":["post-37984","post","type-post","status-publish","format-standard","has-post-thumbnail","hentry","category-destacadas","category-provinciales"],"_links":{"self":[{"href":"https:\/\/lametro989.com\/index.php?rest_route=\/wp\/v2\/posts\/37984","targetHints":{"allow":["GET"]}}],"collection":[{"href":"https:\/\/lametro989.com\/index.php?rest_route=\/wp\/v2\/posts"}],"about":[{"href":"https:\/\/lametro989.com\/index.php?rest_route=\/wp\/v2\/types\/post"}],"author":[{"embeddable":true,"href":"https:\/\/lametro989.com\/index.php?rest_route=\/wp\/v2\/users\/2"}],"replies":[{"embeddable":true,"href":"https:\/\/lametro989.com\/index.php?rest_route=%2Fwp%2Fv2%2Fcomments&post=37984"}],"version-history":[{"count":1,"href":"https:\/\/lametro989.com\/index.php?rest_route=\/wp\/v2\/posts\/37984\/revisions"}],"predecessor-version":[{"id":37986,"href":"https:\/\/lametro989.com\/index.php?rest_route=\/wp\/v2\/posts\/37984\/revisions\/37986"}],"wp:featuredmedia":[{"embeddable":true,"href":"https:\/\/lametro989.com\/index.php?rest_route=\/wp\/v2\/media\/37985"}],"wp:attachment":[{"href":"https:\/\/lametro989.com\/index.php?rest_route=%2Fwp%2Fv2%2Fmedia&parent=37984"}],"wp:term":[{"taxonomy":"category","embeddable":true,"href":"https:\/\/lametro989.com\/index.php?rest_route=%2Fwp%2Fv2%2Fcategories&post=37984"},{"taxonomy":"post_tag","embeddable":true,"href":"https:\/\/lametro989.com\/index.php?rest_route=%2Fwp%2Fv2%2Ftags&post=37984"}],"curies":[{"name":"wp","href":"https:\/\/api.w.org\/{rel}","templated":true}]}}