{"id":37987,"date":"2026-03-09T10:22:41","date_gmt":"2026-03-09T13:22:41","guid":{"rendered":"https:\/\/lametro989.com\/?p=37987"},"modified":"2026-03-09T10:22:41","modified_gmt":"2026-03-09T13:22:41","slug":"general-san-martin-demoraron-a-un-hombre-y-secuestraron-un-cuchillo-tras-un-desorden","status":"publish","type":"post","link":"https:\/\/lametro989.com\/?p=37987","title":{"rendered":"GENERAL SAN MART\u00cdN: DEMORARON A UN HOMBRE Y SECUESTRARON UN CUCHILLO TRAS UN DESORDEN"},"content":{"rendered":"\n<p><strong>Efectivos de la Polic\u00eda del Chaco demoraron a un hombre durante un procedimiento realizado en el barrio Federico Schulz de General Jos\u00e9 de San Mart\u00edn.<\/strong><\/p>\n\n\n\n<figure class=\"wp-block-image size-large\"><img loading=\"lazy\" decoding=\"async\" width=\"768\" height=\"1024\" src=\"https:\/\/lametro989.com\/wp-content\/uploads\/2026\/03\/image-64-768x1024.png\" alt=\"\" class=\"wp-image-37988\" srcset=\"https:\/\/lametro989.com\/wp-content\/uploads\/2026\/03\/image-64-768x1024.png 768w, https:\/\/lametro989.com\/wp-content\/uploads\/2026\/03\/image-64-225x300.png 225w, https:\/\/lametro989.com\/wp-content\/uploads\/2026\/03\/image-64-1152x1536.png 1152w, https:\/\/lametro989.com\/wp-content\/uploads\/2026\/03\/image-64.png 1200w\" sizes=\"auto, (max-width: 768px) 100vw, 768px\" \/><\/figure>\n\n\n\n<p>El hecho ocurri\u00f3 en el marco de un operativo de seguridad preventiva, cuando el personal fue alertado sobre un desorden en la v\u00eda p\u00fablica. Al arribar al lugar, los agentes observaron a un hombre en aparente estado de ebriedad que portaba un ca\u00f1o de metal y se mostraba agresivo.<\/p>\n\n\n\n<p>Tras reducirlo, los efectivos constataron que llevaba entre sus prendas un cuchillo, el cual fue secuestrado junto con el elemento met\u00e1lico.<\/p>\n\n\n\n<p>En el lugar tambi\u00e9n se entrevist\u00f3 a otro hombre que presentaba lesiones y manifest\u00f3 haber mantenido un inconveniente previo con el demorado. El lesionado fue trasladado en ambulancia para su atenci\u00f3n m\u00e9dica, mientras que el conducido fue puesto a disposici\u00f3n de las autoridades correspondientes junto con los secuestros.<\/p>\n","protected":false},"excerpt":{"rendered":"<p>Efectivos de la Polic\u00eda del Chaco demoraron a un hombre durante un procedimiento realizado en el barrio Federico Schulz de General Jos\u00e9 de San Mart\u00edn.&hellip; <\/p>\n","protected":false},"author":2,"featured_media":37988,"comment_status":"open","ping_status":"open","sticky":false,"template":"","format":"standard","meta":{"footnotes":""},"categories":[9,2],"tags":[],"class_list":["post-37987","post","type-post","status-publish","format-standard","has-post-thumbnail","hentry","category-destacadas","category-provinciales"],"_links":{"self":[{"href":"https:\/\/lametro989.com\/index.php?rest_route=\/wp\/v2\/posts\/37987","targetHints":{"allow":["GET"]}}],"collection":[{"href":"https:\/\/lametro989.com\/index.php?rest_route=\/wp\/v2\/posts"}],"about":[{"href":"https:\/\/lametro989.com\/index.php?rest_route=\/wp\/v2\/types\/post"}],"author":[{"embeddable":true,"href":"https:\/\/lametro989.com\/index.php?rest_route=\/wp\/v2\/users\/2"}],"replies":[{"embeddable":true,"href":"https:\/\/lametro989.com\/index.php?rest_route=%2Fwp%2Fv2%2Fcomments&post=37987"}],"version-history":[{"count":1,"href":"https:\/\/lametro989.com\/index.php?rest_route=\/wp\/v2\/posts\/37987\/revisions"}],"predecessor-version":[{"id":37989,"href":"https:\/\/lametro989.com\/index.php?rest_route=\/wp\/v2\/posts\/37987\/revisions\/37989"}],"wp:featuredmedia":[{"embeddable":true,"href":"https:\/\/lametro989.com\/index.php?rest_route=\/wp\/v2\/media\/37988"}],"wp:attachment":[{"href":"https:\/\/lametro989.com\/index.php?rest_route=%2Fwp%2Fv2%2Fmedia&parent=37987"}],"wp:term":[{"taxonomy":"category","embeddable":true,"href":"https:\/\/lametro989.com\/index.php?rest_route=%2Fwp%2Fv2%2Fcategories&post=37987"},{"taxonomy":"post_tag","embeddable":true,"href":"https:\/\/lametro989.com\/index.php?rest_route=%2Fwp%2Fv2%2Ftags&post=37987"}],"curies":[{"name":"wp","href":"https:\/\/api.w.org\/{rel}","templated":true}]}}