{"id":37993,"date":"2026-03-09T13:19:12","date_gmt":"2026-03-09T16:19:12","guid":{"rendered":"https:\/\/lametro989.com\/?p=37993"},"modified":"2026-03-09T13:19:12","modified_gmt":"2026-03-09T16:19:12","slug":"detuvieron-a-la-directora-de-la-biblioteca-del-ex-barrio-emerenciano-habria-cambiado-la-cerradura-para-que-los-alumnos-y-docentes-no-entren","status":"publish","type":"post","link":"https:\/\/lametro989.com\/?p=37993","title":{"rendered":"Detuvieron a la directora de la Biblioteca del ex Barrio Emerenciano: habr\u00eda cambiado la cerradura para que los alumnos y docentes no entren"},"content":{"rendered":"\n<p>En un hecho que gener\u00f3 gran conmoci\u00f3n en la comunidad educativa, la ex directora de la Biblioteca del ex Barrio Emerenciano, Nancy Gonz\u00e1lez, fue detenida tras impedir el ingreso de alumnos y docentes al edificio que funcionaba como espacio educativo.<\/p>\n\n\n\n<figure class=\"wp-block-image size-large is-resized\"><img loading=\"lazy\" decoding=\"async\" width=\"819\" height=\"1024\" src=\"https:\/\/lametro989.com\/wp-content\/uploads\/2026\/03\/image-66-819x1024.png\" alt=\"\" class=\"wp-image-37994\" style=\"aspect-ratio:0.7998068099492877;width:763px;height:auto\" srcset=\"https:\/\/lametro989.com\/wp-content\/uploads\/2026\/03\/image-66-819x1024.png 819w, https:\/\/lametro989.com\/wp-content\/uploads\/2026\/03\/image-66-240x300.png 240w, https:\/\/lametro989.com\/wp-content\/uploads\/2026\/03\/image-66-768x960.png 768w, https:\/\/lametro989.com\/wp-content\/uploads\/2026\/03\/image-66.png 1000w\" sizes=\"auto, (max-width: 819px) 100vw, 819px\" \/><\/figure>\n\n\n\n<p>Seg\u00fan fuentes oficiales, Nancy Gonz\u00e1lez habr\u00eda cambiado las cerraduras del predio, impidiendo el ingreso de estudiantes del nivel secundario y los docentes.<\/p>\n\n\n\n<p>El hecho ocurri\u00f3 cuando alumnos y profesores se presentaron para retomar las actividades.&nbsp;<strong>Este lunes, al llegar al espacio educativo, Gonz\u00e1lez no les permiti\u00f3 el acceso.<\/strong><\/p>\n\n\n\n<p>A<strong>&nbsp;NG Federal confirmaron que los afectados realizaron la denuncia correspondiente, ya que los menores de edad y los docentes quedaron afuera del lugar.<\/strong><\/p>\n\n\n\n<p>La fiscal\u00eda intervino de manera inmediata, dado que el predio pertenece al Gobierno y no es propiedad privada.&nbsp;<strong>Seg\u00fan testigos, \u201cella dijo que es la due\u00f1a\u201d, aunque no contaba con ning\u00fan documento que respalde esa afirmaci\u00f3n.<\/strong><\/p>\n\n\n\n<p><strong>\u201cTodos los papeles est\u00e1n en el Gobierno, en el Ministerio de Educaci\u00f3n; eso est\u00e1 ocupado y son espacios destinados exclusivamente a la escuela\u201d<\/strong>, explicaron desde la instituci\u00f3n.<\/p>\n\n\n\n<p>Cabe recordar que<strong>&nbsp;Nancy Gonz\u00e1lez&nbsp;<\/strong>ya no ocupaba el cargo de directora desde noviembre del a\u00f1o pasado. \u201cTambi\u00e9n, ella ya no tiene m\u00e1s el cargo de directora de biblioteca, ella ya no es personal de la instituci\u00f3n, dej\u00f3 de serlo desde noviembre\u201d, concluyeron las fuentes.<\/p>\n","protected":false},"excerpt":{"rendered":"<p>En un hecho que gener\u00f3 gran conmoci\u00f3n en la comunidad educativa, la ex directora de la Biblioteca del ex Barrio Emerenciano, Nancy Gonz\u00e1lez, fue detenida&hellip; <\/p>\n","protected":false},"author":2,"featured_media":37994,"comment_status":"open","ping_status":"open","sticky":false,"template":"","format":"standard","meta":{"footnotes":""},"categories":[9,2],"tags":[],"class_list":["post-37993","post","type-post","status-publish","format-standard","has-post-thumbnail","hentry","category-destacadas","category-provinciales"],"_links":{"self":[{"href":"https:\/\/lametro989.com\/index.php?rest_route=\/wp\/v2\/posts\/37993","targetHints":{"allow":["GET"]}}],"collection":[{"href":"https:\/\/lametro989.com\/index.php?rest_route=\/wp\/v2\/posts"}],"about":[{"href":"https:\/\/lametro989.com\/index.php?rest_route=\/wp\/v2\/types\/post"}],"author":[{"embeddable":true,"href":"https:\/\/lametro989.com\/index.php?rest_route=\/wp\/v2\/users\/2"}],"replies":[{"embeddable":true,"href":"https:\/\/lametro989.com\/index.php?rest_route=%2Fwp%2Fv2%2Fcomments&post=37993"}],"version-history":[{"count":1,"href":"https:\/\/lametro989.com\/index.php?rest_route=\/wp\/v2\/posts\/37993\/revisions"}],"predecessor-version":[{"id":37995,"href":"https:\/\/lametro989.com\/index.php?rest_route=\/wp\/v2\/posts\/37993\/revisions\/37995"}],"wp:featuredmedia":[{"embeddable":true,"href":"https:\/\/lametro989.com\/index.php?rest_route=\/wp\/v2\/media\/37994"}],"wp:attachment":[{"href":"https:\/\/lametro989.com\/index.php?rest_route=%2Fwp%2Fv2%2Fmedia&parent=37993"}],"wp:term":[{"taxonomy":"category","embeddable":true,"href":"https:\/\/lametro989.com\/index.php?rest_route=%2Fwp%2Fv2%2Fcategories&post=37993"},{"taxonomy":"post_tag","embeddable":true,"href":"https:\/\/lametro989.com\/index.php?rest_route=%2Fwp%2Fv2%2Ftags&post=37993"}],"curies":[{"name":"wp","href":"https:\/\/api.w.org\/{rel}","templated":true}]}}