{"id":38007,"date":"2026-03-10T07:33:41","date_gmt":"2026-03-10T10:33:41","guid":{"rendered":"https:\/\/lametro989.com\/?p=38007"},"modified":"2026-03-10T07:33:41","modified_gmt":"2026-03-10T10:33:41","slug":"se-registraron-incidentes-frente-a-la-casa-de-gobierno-de-jujuy-por-un-reclamo-salarial-policial","status":"publish","type":"post","link":"https:\/\/lametro989.com\/?p=38007","title":{"rendered":"Se registraron incidentes frente a la Casa de Gobierno de Jujuy por un reclamo salarial policial"},"content":{"rendered":"\n<p>Los manifestantes quemaron gomas, lanzaron piedras y pirot\u00e9cnia, y quisieron tirar las rejas que rodean a la sede oficial de la Provincia. <\/p>\n\n\n\n<figure class=\"wp-block-image size-large\"><img loading=\"lazy\" decoding=\"async\" width=\"876\" height=\"1024\" src=\"https:\/\/lametro989.com\/wp-content\/uploads\/2026\/03\/image-70-876x1024.png\" alt=\"\" class=\"wp-image-38008\" srcset=\"https:\/\/lametro989.com\/wp-content\/uploads\/2026\/03\/image-70-876x1024.png 876w, https:\/\/lametro989.com\/wp-content\/uploads\/2026\/03\/image-70-257x300.png 257w, https:\/\/lametro989.com\/wp-content\/uploads\/2026\/03\/image-70-768x898.png 768w, https:\/\/lametro989.com\/wp-content\/uploads\/2026\/03\/image-70.png 992w\" sizes=\"auto, (max-width: 876px) 100vw, 876px\" \/><\/figure>\n\n\n\n<p>Un tenso momento se vivi\u00f3 este lunes en los alrededores de la\u00a0<strong>Casa de Gobierno de Jujuy<\/strong>, cuando un grupo de efectivos policiales y familiares de los mismos se manifestaron en\u00a0<strong>Plaza Belgrano\u00a0<\/strong>en el marco de un conflicto salarial que comenz\u00f3 hace unas semanas. La protesta era en respuesta al\u00a0<strong>acuerdo anunciado\u00a0<\/strong>por la administraci\u00f3n provincial en relaci\u00f3n a los\u00a0<strong>reclamos salariales\u00a0<\/strong>de las fuerzas de seguridad, de acuerdo con lo informado por\u00a0<em>Todo Jujuy<\/em>. Lo que, en horas de la tarde, empez\u00f3 con una protesta pac\u00edfica frente a las rejas que rodean la sede del Poder Ejecutivo, pronto se convirti\u00f3 en violentos incidentes, durante la noche.<\/p>\n\n\n\n<p>La concentraci\u00f3n reuni\u00f3 a manifestantes que llevaban carteles y algunos ten\u00edan parte del rostro cubierto. En las videos que circularon en las redes sociales, se observa a una parte de los presentes arrojando\u00a0<strong>pirotecnia\u00a0<\/strong>hacia el edificio gubernamental, lo que gener\u00f3 la formaci\u00f3n de un cord\u00f3n policial en en el acceso al edificio y la infanter\u00eda sobre la calle Sarmiento. Parte de los familiares y allegados a los agentes expresaron su&nbsp;<strong>rechazo al acuerdo<\/strong>, al considerar que no respond\u00eda a las demandas originales, especialmente, en relaci\u00f3n con el pedido de un&nbsp;<strong>aumento salarial del 50 por ciento<\/strong>.<\/p>\n\n\n\n<p>En el transcurso de la movilizaci\u00f3n, un grupo de personas intent\u00f3\u00a0<strong>derribar una de las rejas\u00a0<\/strong>del port\u00f3n. Este hecho increment\u00f3 el clima de tensi\u00f3n, aunque no se produjeron\u00a0<strong>enfrentamientos directos\u00a0<\/strong>entre los manifestantes y la Polic\u00eda apostada en el lugar. La protesta se mantuvo durante varias horas. \u201cYa est\u00e1 encaminada la situaci\u00f3n. Se tocaron todos los puntos que fueron reclamados tanto por el personal activo como por el personal que se encuentra en situaci\u00f3n de retiro\u201d, explic\u00f3 un referente del personal activo del Servicio Penitenciario. \u201cSe lleg\u00f3 al mejor acuerdo posible\u201d, a\u00f1adi\u00f3 lo que posteriormente desat\u00f3 los incidentes.<\/p>\n\n\n\n<p>El conflicto salarial en las fuerzas de seguridad comenz\u00f3 cuando efectivos de la\u00a0<strong>Polic\u00eda de Jujuy<\/strong>\u00a0salieron a las calles para exigir un\u00a0<strong>aumento del salario b\u00e1sico<\/strong>, de acuerdo con lo informado por\u00a0<em>Noticias (d) Jujuy<\/em>. Adem\u00e1s del reclamo por la actualizaci\u00f3n salarial pidieron\u00a0<strong>mejoras en las condiciones de trabajo<\/strong>, se\u00f1alando la necesidad de revisar aspectos vinculados a la jornada laboral, los recursos disponibles y la infraestructura en dependencias policiales. El malestar dentro de la fuerza se profundiz\u00f3 luego de que se conocieran&nbsp;<strong>aumentos diferenciados<\/strong>&nbsp;otorgados a la plana mayor de la&nbsp;<strong>Polic\u00eda<\/strong>, que alcanzaron el 70%, y a sectores espec\u00edficos como los custodios de las autoridades de Gobierno y el Cuerpo Especial de Operaciones Policiales (<strong>CEOP<\/strong>), seg\u00fan a\u00f1adi\u00f3 el mismo medio. Esta decisi\u00f3n gener\u00f3 un fuerte rechazo entre el personal de menor rango. En respuesta, el secretario de Seguridad provincial,&nbsp;<strong>Juan Manuel Pulleiro<\/strong>, anunci\u00f3 que las resoluciones que establec\u00edan esos incrementos quedar\u00edan sin efecto, lo que permiti\u00f3 descomprimir la protesta de manera moment\u00e1nea.<\/p>\n\n\n\n<p>El viernes pasado, una delegaci\u00f3n de&nbsp;<strong>polic\u00edas retirados<\/strong>&nbsp;fue recibida por el ministro de Hacienda,&nbsp;<strong>Federico Cardozo<\/strong>, en un encuentro en el que tambi\u00e9n participaron representantes de la&nbsp;<strong>Jefatura de Polic\u00eda<\/strong>&nbsp;y del&nbsp;<strong>Servicio Penitenciario<\/strong>. En esa reuni\u00f3n se acord\u00f3 la conformaci\u00f3n de una&nbsp;<strong>mesa de di\u00e1logo<\/strong>&nbsp;para tratar la situaci\u00f3n salarial y las demandas del sector. Los delegados adelantaron que presentar\u00e1n un&nbsp;<strong>pedido formal de aumento del 50%<\/strong>&nbsp;para el personal policial y penitenciario, en l\u00ednea con la magnitud de los reclamos expresados durante las recientes movilizaciones. El conflicto permanece abierto.<\/p>\n\n\n\n<p>Una situaci\u00f3n similar se vivi\u00f3 semanas atr\u00e1s en\u00a0<a href=\"https:\/\/www.infobae.com\/sociedad\/policiales\/2026\/02\/10\/santa-fe-policias-protestaron-por-mejoras-salariales-y-hubo-enfrentamientos-internos\/\" target=\"_blank\" rel=\"noreferrer noopener\"><em><strong>Rosario, Santa Fe en donde una protesta policial termin\u00f3 en enfrentamientos internos<\/strong><\/em><\/a>. Los agentes de la fuerza provincial vestidos de civil y con los rostros cubiertos, junto a familiares, se reunieron frente a la\u00a0<strong>Jefatura de Polic\u00eda<\/strong>\u00a0para reclamar\u00a0<strong>mejoras salariales y condiciones laborales.<\/strong> La situaci\u00f3n escal\u00f3 pasada la medianoche del 10 de febrero, cuando efectivos en actividad recibieron la orden de intervenir contra los manifestantes. Esto llev\u00f3 a que varios efectivos se sumaran a la protesta, abandonando sus funciones y bloqueando las calles con patrulleros y motos oficiales.<\/p>\n\n\n\n<p>El reclamo original exig\u00eda una&nbsp;<strong>urgente recomposici\u00f3n salarial&nbsp;<\/strong>ante la p\u00e9rdida de poder adquisitivo. Tras la intervenci\u00f3n oficial, la protesta se radicaliz\u00f3 y se replic\u00f3 en otros puntos de Rosario y en la capital provincial.<\/p>\n","protected":false},"excerpt":{"rendered":"<p>Los manifestantes quemaron gomas, lanzaron piedras y pirot\u00e9cnia, y quisieron tirar las rejas que rodean a la sede oficial de la Provincia. Un tenso momento&hellip; <\/p>\n","protected":false},"author":2,"featured_media":38008,"comment_status":"open","ping_status":"open","sticky":false,"template":"","format":"standard","meta":{"footnotes":""},"categories":[9,5],"tags":[],"class_list":["post-38007","post","type-post","status-publish","format-standard","has-post-thumbnail","hentry","category-destacadas","category-politica"],"_links":{"self":[{"href":"https:\/\/lametro989.com\/index.php?rest_route=\/wp\/v2\/posts\/38007","targetHints":{"allow":["GET"]}}],"collection":[{"href":"https:\/\/lametro989.com\/index.php?rest_route=\/wp\/v2\/posts"}],"about":[{"href":"https:\/\/lametro989.com\/index.php?rest_route=\/wp\/v2\/types\/post"}],"author":[{"embeddable":true,"href":"https:\/\/lametro989.com\/index.php?rest_route=\/wp\/v2\/users\/2"}],"replies":[{"embeddable":true,"href":"https:\/\/lametro989.com\/index.php?rest_route=%2Fwp%2Fv2%2Fcomments&post=38007"}],"version-history":[{"count":1,"href":"https:\/\/lametro989.com\/index.php?rest_route=\/wp\/v2\/posts\/38007\/revisions"}],"predecessor-version":[{"id":38009,"href":"https:\/\/lametro989.com\/index.php?rest_route=\/wp\/v2\/posts\/38007\/revisions\/38009"}],"wp:featuredmedia":[{"embeddable":true,"href":"https:\/\/lametro989.com\/index.php?rest_route=\/wp\/v2\/media\/38008"}],"wp:attachment":[{"href":"https:\/\/lametro989.com\/index.php?rest_route=%2Fwp%2Fv2%2Fmedia&parent=38007"}],"wp:term":[{"taxonomy":"category","embeddable":true,"href":"https:\/\/lametro989.com\/index.php?rest_route=%2Fwp%2Fv2%2Fcategories&post=38007"},{"taxonomy":"post_tag","embeddable":true,"href":"https:\/\/lametro989.com\/index.php?rest_route=%2Fwp%2Fv2%2Ftags&post=38007"}],"curies":[{"name":"wp","href":"https:\/\/api.w.org\/{rel}","templated":true}]}}