{"id":38020,"date":"2026-03-10T13:19:52","date_gmt":"2026-03-10T16:19:52","guid":{"rendered":"https:\/\/lametro989.com\/?p=38020"},"modified":"2026-03-10T13:19:52","modified_gmt":"2026-03-10T16:19:52","slug":"reforma-del-regimen-penal-juvenil-como-sera-el-protocolo-de-detencion-en-chaco","status":"publish","type":"post","link":"https:\/\/lametro989.com\/?p=38020","title":{"rendered":"Reforma del R\u00e9gimen Penal Juvenil: \u00bfC\u00f3mo ser\u00e1 el protocolo de detenci\u00f3n en Chaco?"},"content":{"rendered":"\n<p>El comisario general Fernando Romero cont\u00f3 en Radio Facundo Quiroga que la provincia coordina con justicia y seguridad los pasos a seguir frente a la baja de la imputabilidad.<\/p>\n\n\n\n<figure class=\"wp-block-image size-full\"><img loading=\"lazy\" decoding=\"async\" width=\"850\" height=\"478\" src=\"https:\/\/lametro989.com\/wp-content\/uploads\/2026\/03\/image-74.png\" alt=\"\" class=\"wp-image-38021\" srcset=\"https:\/\/lametro989.com\/wp-content\/uploads\/2026\/03\/image-74.png 850w, https:\/\/lametro989.com\/wp-content\/uploads\/2026\/03\/image-74-300x169.png 300w, https:\/\/lametro989.com\/wp-content\/uploads\/2026\/03\/image-74-768x432.png 768w\" sizes=\"auto, (max-width: 850px) 100vw, 850px\" \/><\/figure>\n\n\n\n<p>Con la reciente sanci\u00f3n y reglamentaci\u00f3n de la Reforma del R\u00e9gimen Penal Juvenil, las provincias deben adherir y definir protocolos de actuaci\u00f3n frente a menores en conflicto con la ley. En comunicaci\u00f3n con&nbsp;Radio Facundo Quiroga, el comisario general&nbsp;Fernando Romero, jefe de la Polic\u00eda del Chaco, explic\u00f3:&nbsp;\u201cNo nos hemos reunido con el poder judicial, pero seguramente tenemos que aunar criterio con respecto a la baja de la ley de imputabilidad para solicitar los temperamentos a adoptar de ahora en m\u00e1s con los se\u00f1ores fiscales. Seguramente con el procurador general, con el presidente del Superior Tribunal de Justicia y el Ministerio de Seguridad, alguna reuni\u00f3n vamos a tener para solicitar los temperamentos a adoptar en ese sentido\u201d.<\/p>\n\n\n\n<p>Sobre el traslado de condenados para liberar las comisar\u00edas, Romero indic\u00f3:&nbsp;\u201cNo guarda relaci\u00f3n con esto. Tiene que ver con una cuesti\u00f3n de orden de la justicia federal o provincial y, en la medida que el servicio penitenciario provincial y federal nos otorgue los cupos, vamos trasladando condenados hacia las prisiones federales o provinciales. Eso descomprime la comisar\u00eda de condenados y nos viene muy bien\u201d.<\/p>\n\n\n\n<p>Respecto a la preparaci\u00f3n de la provincia ante la entrada en vigencia de la ley, el jefe policial destac\u00f3:&nbsp;\u201cLa justicia chaque\u00f1a hace muchos a\u00f1os ya viene trabajando con nosotros, y cuando tenemos menores en conflicto con la ley de determinada peligrosidad o perfil, son alojados en Tres Orquestas, a cargo del Servicio Penitenciario Provincial y de desarrollo social de la provincia. Seguramente ser\u00e1 ese el lugar que tendremos para cuando se torne operativa la ley\u201d.<\/p>\n\n\n\n<p>Acerca de los casos que contempla la baja de la imputabilidad, Romero se\u00f1al\u00f3:&nbsp;\u201cEs para delitos graves como robo, abuso sexual, homicidios, narcotr\u00e1fico. Para esos casos, a partir de los 14 a\u00f1os inclusive ya son punibles\u201d.<\/p>\n\n\n\n<p>Finalmente, sobre el protocolo policial frente a menores, el comisario aclar\u00f3:&nbsp;\u201cNosotros actuamos conforme flagrancia cuando se comete el delito y se detiene al autor. Despu\u00e9s, si es menor, se determina con el documento nacional de identidad, se corre vista al fiscal y al juez de menor en turno y se dispone la medida o el temperamento a adoptar\u201d.<\/p>\n","protected":false},"excerpt":{"rendered":"<p>El comisario general Fernando Romero cont\u00f3 en Radio Facundo Quiroga que la provincia coordina con justicia y seguridad los pasos a seguir frente a la&hellip; <\/p>\n","protected":false},"author":2,"featured_media":38021,"comment_status":"open","ping_status":"open","sticky":false,"template":"","format":"standard","meta":{"footnotes":""},"categories":[9,2],"tags":[],"class_list":["post-38020","post","type-post","status-publish","format-standard","has-post-thumbnail","hentry","category-destacadas","category-provinciales"],"_links":{"self":[{"href":"https:\/\/lametro989.com\/index.php?rest_route=\/wp\/v2\/posts\/38020","targetHints":{"allow":["GET"]}}],"collection":[{"href":"https:\/\/lametro989.com\/index.php?rest_route=\/wp\/v2\/posts"}],"about":[{"href":"https:\/\/lametro989.com\/index.php?rest_route=\/wp\/v2\/types\/post"}],"author":[{"embeddable":true,"href":"https:\/\/lametro989.com\/index.php?rest_route=\/wp\/v2\/users\/2"}],"replies":[{"embeddable":true,"href":"https:\/\/lametro989.com\/index.php?rest_route=%2Fwp%2Fv2%2Fcomments&post=38020"}],"version-history":[{"count":1,"href":"https:\/\/lametro989.com\/index.php?rest_route=\/wp\/v2\/posts\/38020\/revisions"}],"predecessor-version":[{"id":38022,"href":"https:\/\/lametro989.com\/index.php?rest_route=\/wp\/v2\/posts\/38020\/revisions\/38022"}],"wp:featuredmedia":[{"embeddable":true,"href":"https:\/\/lametro989.com\/index.php?rest_route=\/wp\/v2\/media\/38021"}],"wp:attachment":[{"href":"https:\/\/lametro989.com\/index.php?rest_route=%2Fwp%2Fv2%2Fmedia&parent=38020"}],"wp:term":[{"taxonomy":"category","embeddable":true,"href":"https:\/\/lametro989.com\/index.php?rest_route=%2Fwp%2Fv2%2Fcategories&post=38020"},{"taxonomy":"post_tag","embeddable":true,"href":"https:\/\/lametro989.com\/index.php?rest_route=%2Fwp%2Fv2%2Ftags&post=38020"}],"curies":[{"name":"wp","href":"https:\/\/api.w.org\/{rel}","templated":true}]}}