{"id":38023,"date":"2026-03-10T13:21:02","date_gmt":"2026-03-10T16:21:02","guid":{"rendered":"https:\/\/lametro989.com\/?p=38023"},"modified":"2026-03-10T13:21:02","modified_gmt":"2026-03-10T16:21:02","slug":"arranca-la-campana-de-vacunacion-antigripal-en-todo-el-pais","status":"publish","type":"post","link":"https:\/\/lametro989.com\/?p=38023","title":{"rendered":"Arranca la campa\u00f1a de vacunaci\u00f3n antigripal en todo el pa\u00eds"},"content":{"rendered":"\n<p>El Ministerio de Salud de la Naci\u00f3n pondr\u00e1 en marcha este\u00a0mi\u00e9rcoles 11 de marzo\u00a0la campa\u00f1a de vacunaci\u00f3n antigripal 2026 en todo el pa\u00eds, con un inicio tres semanas antes que el a\u00f1o pasado ante el adelantamiento de la temporada de virus respiratorios y la circulaci\u00f3n de una nueva variante de influenza A (H3N2), que presenta mayor transmisibilidad.<\/p>\n\n\n\n<figure class=\"wp-block-image size-full\"><img loading=\"lazy\" decoding=\"async\" width=\"850\" height=\"474\" src=\"https:\/\/lametro989.com\/wp-content\/uploads\/2026\/03\/image-75.png\" alt=\"\" class=\"wp-image-38024\" srcset=\"https:\/\/lametro989.com\/wp-content\/uploads\/2026\/03\/image-75.png 850w, https:\/\/lametro989.com\/wp-content\/uploads\/2026\/03\/image-75-300x167.png 300w, https:\/\/lametro989.com\/wp-content\/uploads\/2026\/03\/image-75-768x428.png 768w\" sizes=\"auto, (max-width: 850px) 100vw, 850px\" \/><\/figure>\n\n\n\n<p>Desde la cartera sanitaria explicaron que la decisi\u00f3n apunta a&nbsp;fortalecer la inmunidad de los grupos de riesgo, reducir complicaciones y amortiguar el impacto de la enfermedad sobre el sistema de salud en las semanas de mayor circulaci\u00f3n viral, seg\u00fan pudo saber la&nbsp;Agencia Noticias Argentinas.<\/p>\n\n\n\n<p>Para la campa\u00f1a, la Naci\u00f3n adquiri\u00f3&nbsp;8.160.000 dosis: 4.700.000 de vacuna antigripal para adultos, 2.300.000 de vacuna adyuvantada y 1.160.000 de dosis pedi\u00e1tricas. Adem\u00e1s, ya fueron distribuidas m\u00e1s de&nbsp;1.800.000 dosis&nbsp;en todo el pa\u00eds y est\u00e1 previsto un nuevo env\u00edo de&nbsp;1.018.640&nbsp;antes de que finalice marzo.<\/p>\n\n\n\n<p>La vacunaci\u00f3n est\u00e1 destinada a ni\u00f1os de entre 6 y 24 meses, personal de salud, mayores de 65 a\u00f1os, embarazadas, pu\u00e9rperas y personas con factores de riesgo. Seg\u00fan se inform\u00f3 oficialmente, la dosis podr\u00e1 aplicarse en hospitales p\u00fablicos, centros de salud y vacunatorios de todo el pa\u00eds, incluso de manera simult\u00e1nea con otras vacunas del Calendario Nacional.<\/p>\n\n\n\n<p>En paralelo, el Ministerio indic\u00f3 que ya&nbsp;capacit\u00f3 equipos sanitarios, public\u00f3 los lineamientos t\u00e9cnicos para la campa\u00f1a 2026 y puso en marcha un&nbsp;tablero de monitoreo en tiempo real&nbsp;para seguir el avance de la vacunaci\u00f3n y detectar posibles brechas de cobertura en cada jurisdicci\u00f3n.<\/p>\n","protected":false},"excerpt":{"rendered":"<p>El Ministerio de Salud de la Naci\u00f3n pondr\u00e1 en marcha este\u00a0mi\u00e9rcoles 11 de marzo\u00a0la campa\u00f1a de vacunaci\u00f3n antigripal 2026 en todo el pa\u00eds, con un&hellip; <\/p>\n","protected":false},"author":2,"featured_media":38024,"comment_status":"open","ping_status":"open","sticky":false,"template":"","format":"standard","meta":{"footnotes":""},"categories":[9,13],"tags":[],"class_list":["post-38023","post","type-post","status-publish","format-standard","has-post-thumbnail","hentry","category-destacadas","category-nacionales"],"_links":{"self":[{"href":"https:\/\/lametro989.com\/index.php?rest_route=\/wp\/v2\/posts\/38023","targetHints":{"allow":["GET"]}}],"collection":[{"href":"https:\/\/lametro989.com\/index.php?rest_route=\/wp\/v2\/posts"}],"about":[{"href":"https:\/\/lametro989.com\/index.php?rest_route=\/wp\/v2\/types\/post"}],"author":[{"embeddable":true,"href":"https:\/\/lametro989.com\/index.php?rest_route=\/wp\/v2\/users\/2"}],"replies":[{"embeddable":true,"href":"https:\/\/lametro989.com\/index.php?rest_route=%2Fwp%2Fv2%2Fcomments&post=38023"}],"version-history":[{"count":1,"href":"https:\/\/lametro989.com\/index.php?rest_route=\/wp\/v2\/posts\/38023\/revisions"}],"predecessor-version":[{"id":38025,"href":"https:\/\/lametro989.com\/index.php?rest_route=\/wp\/v2\/posts\/38023\/revisions\/38025"}],"wp:featuredmedia":[{"embeddable":true,"href":"https:\/\/lametro989.com\/index.php?rest_route=\/wp\/v2\/media\/38024"}],"wp:attachment":[{"href":"https:\/\/lametro989.com\/index.php?rest_route=%2Fwp%2Fv2%2Fmedia&parent=38023"}],"wp:term":[{"taxonomy":"category","embeddable":true,"href":"https:\/\/lametro989.com\/index.php?rest_route=%2Fwp%2Fv2%2Fcategories&post=38023"},{"taxonomy":"post_tag","embeddable":true,"href":"https:\/\/lametro989.com\/index.php?rest_route=%2Fwp%2Fv2%2Ftags&post=38023"}],"curies":[{"name":"wp","href":"https:\/\/api.w.org\/{rel}","templated":true}]}}