{"id":38029,"date":"2026-03-10T13:25:49","date_gmt":"2026-03-10T16:25:49","guid":{"rendered":"https:\/\/lametro989.com\/?p=38029"},"modified":"2026-03-10T13:25:49","modified_gmt":"2026-03-10T16:25:49","slug":"revelaron-de-que-operaron-a-eva-de-dominici-y-por-que-se-complico-su-salud","status":"publish","type":"post","link":"https:\/\/lametro989.com\/?p=38029","title":{"rendered":"Revelaron de qu\u00e9 operaron a Eva De Dominici y por qu\u00e9 se complic\u00f3 su salud"},"content":{"rendered":"\n<p>La actriz ya est\u00e1 bien y pudo viajar de vuelta a Los \u00c1ngeles, pero durante su \u00faltima visita a la Argentina aprovech\u00f3 para solucionar un tema de salud pendiente.<\/p>\n\n\n\n<figure class=\"wp-block-image size-full\"><img loading=\"lazy\" decoding=\"async\" width=\"610\" height=\"457\" src=\"https:\/\/lametro989.com\/wp-content\/uploads\/2026\/03\/image-77.png\" alt=\"\" class=\"wp-image-38030\" srcset=\"https:\/\/lametro989.com\/wp-content\/uploads\/2026\/03\/image-77.png 610w, https:\/\/lametro989.com\/wp-content\/uploads\/2026\/03\/image-77-300x225.png 300w\" sizes=\"auto, (max-width: 610px) 100vw, 610px\" \/><\/figure>\n\n\n\n<p><strong>Eva de Dominici ya se encuentra en v\u00edas de recuperaci\u00f3n en su casa de Los \u00c1ngeles, en Estados Unidos<\/strong>, tras pasar&nbsp;<a href=\"https:\/\/www.minutouno.com\/c6179099\" target=\"_blank\" rel=\"noreferrer noopener\">unas semanas en la Argentina<\/a>&nbsp;que tuvieron momentos dif\u00edciles por su salud: la modelo y actriz se<strong>&nbsp;someti\u00f3 a una cirug\u00eda programada que tuvo un postoperatorio complicado por una infecci\u00f3n.<\/strong><\/p>\n\n\n\n<p>La explicaci\u00f3n la ofreci\u00f3 esta semana la periodista Fernanda Iglesias a trav\u00e9s de X, donde cont\u00f3 el motivo por el que hace unos d\u00edas se la vio a la actriz de 30 a\u00f1os en una silla de ruedas en el aeropuerto de Ezeiza antes de partir a los Estados Unidos. &#8220;<strong>Eva de Dominici viaj\u00f3 en febrero a Buenos Aires a filmar un comercial y aprovech\u00f3 su estad\u00eda para realizarse una mastopexia<\/strong>. Se trata de una operaci\u00f3n reconstructiva de mamas. La actriz tuvo gigantomastitis durante el embarazo y esta intervenci\u00f3n es la adecuada para esos casos&#8221;, cont\u00f3 Iglesias. De Dominici tuvo en 2019 a Cairo, su hijo con Eduardo Cruz. La pareja recibi\u00f3 al peque\u00f1o en Los \u00c1ngeles, donde ella pasa gran parte del a\u00f1o a menos de que se le presenten oportunidades laborales en Argentina u otro pa\u00eds.<\/p>\n\n\n\n<p>&#8220;Lamentablemente, se complic\u00f3 el cuadro porque se contagi\u00f3 de bronquitis y tuvo que ser asistida -m\u00e1s tiempo de lo esperado- por personal sanitario, en el hotel&#8221;, relat\u00f3 Iglesias.<\/p>\n\n\n\n<p>&#8220;Como ten\u00eda compromisos laborales en Los Angeles, tuvo que regresar sin estar del todo recuperada<strong>. Por eso se la vio en silla de ruedas en el aeropuerto<\/strong>&#8220;, agreg\u00f3.<\/p>\n\n\n\n<p>El problema de la agenda laboral apretada viene a cuento de los pasos que la actriz est\u00e1 dando en Hollywood y en la industria del cine estadounidense. Por estos d\u00edas<strong>\u00a0la modelo y actriz, &#8220;ya est\u00e1 bien y retornando a su vida cotidiana en su casa de Estados Unidos&#8221;<\/strong>, se\u00f1al\u00f3 Iglesias antes de aclarar que &#8220;est\u00e1 presentando una pel\u00edcula s\u00faper importante, Balls up, donde es la antagonista de Mark Walberg, algo que la tiene feliz&#8221;.<\/p>\n","protected":false},"excerpt":{"rendered":"<p>La actriz ya est\u00e1 bien y pudo viajar de vuelta a Los \u00c1ngeles, pero durante su \u00faltima visita a la Argentina aprovech\u00f3 para solucionar un&hellip; <\/p>\n","protected":false},"author":2,"featured_media":38030,"comment_status":"open","ping_status":"open","sticky":false,"template":"","format":"standard","meta":{"footnotes":""},"categories":[9,13],"tags":[],"class_list":["post-38029","post","type-post","status-publish","format-standard","has-post-thumbnail","hentry","category-destacadas","category-nacionales"],"_links":{"self":[{"href":"https:\/\/lametro989.com\/index.php?rest_route=\/wp\/v2\/posts\/38029","targetHints":{"allow":["GET"]}}],"collection":[{"href":"https:\/\/lametro989.com\/index.php?rest_route=\/wp\/v2\/posts"}],"about":[{"href":"https:\/\/lametro989.com\/index.php?rest_route=\/wp\/v2\/types\/post"}],"author":[{"embeddable":true,"href":"https:\/\/lametro989.com\/index.php?rest_route=\/wp\/v2\/users\/2"}],"replies":[{"embeddable":true,"href":"https:\/\/lametro989.com\/index.php?rest_route=%2Fwp%2Fv2%2Fcomments&post=38029"}],"version-history":[{"count":1,"href":"https:\/\/lametro989.com\/index.php?rest_route=\/wp\/v2\/posts\/38029\/revisions"}],"predecessor-version":[{"id":38031,"href":"https:\/\/lametro989.com\/index.php?rest_route=\/wp\/v2\/posts\/38029\/revisions\/38031"}],"wp:featuredmedia":[{"embeddable":true,"href":"https:\/\/lametro989.com\/index.php?rest_route=\/wp\/v2\/media\/38030"}],"wp:attachment":[{"href":"https:\/\/lametro989.com\/index.php?rest_route=%2Fwp%2Fv2%2Fmedia&parent=38029"}],"wp:term":[{"taxonomy":"category","embeddable":true,"href":"https:\/\/lametro989.com\/index.php?rest_route=%2Fwp%2Fv2%2Fcategories&post=38029"},{"taxonomy":"post_tag","embeddable":true,"href":"https:\/\/lametro989.com\/index.php?rest_route=%2Fwp%2Fv2%2Ftags&post=38029"}],"curies":[{"name":"wp","href":"https:\/\/api.w.org\/{rel}","templated":true}]}}