{"id":38035,"date":"2026-03-10T13:30:23","date_gmt":"2026-03-10T16:30:23","guid":{"rendered":"https:\/\/lametro989.com\/?p=38035"},"modified":"2026-03-10T13:30:23","modified_gmt":"2026-03-10T16:30:23","slug":"javier-milei-aseguro-que-los-empresarios-que-defienden-la-industria-nacional-son-unos-chorros-y-reitero-en-nueva-york-duras-criticas-a-rocca-y-madanes-quintanilla","status":"publish","type":"post","link":"https:\/\/lametro989.com\/?p=38035","title":{"rendered":"Javier Milei asegur\u00f3 que los empresarios que defienden la industria nacional son \u201cunos chorros\u201d y reiter\u00f3 en Nueva York duras cr\u00edticas a Rocca y Madanes Quintanilla"},"content":{"rendered":"\n<p>El Presidente apunt\u00f3 contra los due\u00f1os de Techint y de Aluar en la apertura de la Argentina Week. Al segundo, tambi\u00e9n propietario de Fate, lo acus\u00f3 de extorsionar al Gobierno y \u201ctirar 900 trabajadores a la calle\u201d un d\u00eda antes del debate de la reforma laboral.<\/p>\n\n\n\n<figure class=\"wp-block-image size-full\"><img loading=\"lazy\" decoding=\"async\" width=\"992\" height=\"743\" src=\"https:\/\/lametro989.com\/wp-content\/uploads\/2026\/03\/image-79.png\" alt=\"\" class=\"wp-image-38036\" srcset=\"https:\/\/lametro989.com\/wp-content\/uploads\/2026\/03\/image-79.png 992w, https:\/\/lametro989.com\/wp-content\/uploads\/2026\/03\/image-79-300x225.png 300w, https:\/\/lametro989.com\/wp-content\/uploads\/2026\/03\/image-79-768x575.png 768w\" sizes=\"auto, (max-width: 992px) 100vw, 992px\" \/><\/figure>\n\n\n\n<p> El \u201criesgo kuka\u201d sigue generando da\u00f1os, agreg\u00f3 . <strong>Javier Milei<\/strong>\u00a0llev\u00f3 su ataque a los empresarios\u00a0<strong>Paolo Rocca y Javier Madanes Quintanilla<\/strong>\u00a0a Nueva York. En la apertura de la Argentina Week, el evento organizado para atraer inversores de todo el mundo,\u00a0<strong>el Presidente apunt\u00f3 contra los due\u00f1os de Techint y Fate.<\/strong>\u00a0Adem\u00e1s, durante su discurso, consider\u00f3\u00a0<strong>que los que \u201cdefienden la industria nacional son unos chorros\u201d.<\/strong><\/p>\n\n\n\n<p>\u201cTodos saben que en las \u00faltimas semanas tuve confrontaciones abiertas con\u00a0<strong>Paolo Rocca<\/strong>, con<strong>\u00a0Javier Madanes Quintanilla<\/strong>\u00a0y con el sector textil\u201d, dijo Milei durante su exposici\u00f3n y agreg\u00f3:<strong>\u00a0\u201cAlg\u00fan trasnochado quiso mostrar como que nosotros somos antiempresa.\u00a0<\/strong>Verdaderamente algo que nunca se me hubiera ocurrido, que fuera el ataque a un liberal\u201d, afirm\u00f3. \u201cPero tenemos enfrente gente mala y adem\u00e1s creativa para el mal\u201d. Durante su exposici\u00f3n, el mandatario afirm\u00f3 que Rocca y Madanes Quintanilla se beneficiaron durante a\u00f1os de un sistema de protecci\u00f3n estatal y los defini\u00f3 como&nbsp;<strong>\u201cempresarios prebendarios\u201d<\/strong>.<\/p>\n\n\n\n<p>\u201c<strong>Rocca y Madanes en connivencia con pol\u00edticos ladrones atacaron a los argentinos, pero eso se termin\u00f3 la Argentina corrupta<\/strong>\u201d, dijo Milei en la sede del JP Morgan en los Estados Unidos.<\/p>\n\n\n\n<p>Sobre Madanes, en particular, denunci\u00f3 que apret\u00f3 al Gobierno y extorsion\u00f3 a cambio de mantener una protecci\u00f3n que favorec\u00eda a la principal f\u00e1brica de aluminio del pa\u00eds, Aluar. \u201c<strong>Si no le manten\u00edamos la barrera, nos iba a tirar 920 trabajadores a la calle un d\u00eda antes de tratar la reforma laboral.. y nos tir\u00f3 920 trabajadores a la calle, esto no es un juego de ni\u00f1os<\/strong>\u201d, dijo. \u201cSi los neum\u00e1ticos costaban 100 d\u00f3lares y el pol\u00edtico pone una pared enorme para que no se puedan importar y hay que pagarlos 400, eso es un problema\u201d, sostuvo. Seg\u00fan explic\u00f3, cuando se eliminan esas barreras los consumidores pueden comprar m\u00e1s barato y el dinero restante se destina a otros sectores de la econom\u00eda.<\/p>\n\n\n\n<p>En ese marco, el mandatario defendi\u00f3 la apertura comercial y plante\u00f3 que las protecciones arancelarias implican un costo para el conjunto de los consumidores.<\/p>\n\n\n\n<p>\u201cCuando hablan de apertura indiscriminada son una manga de&#8230; bueno, pongan ustedes el t\u00edtulo.&nbsp;<strong>Est\u00e1n reclamando por cazar en el zool\u00f3gico\u201d<\/strong>, sostuvo.<\/p>\n\n\n\n<p>Milei vincul\u00f3 esas posiciones con sectores empresariales que, seg\u00fan dijo, se beneficiaron durante a\u00f1os de la protecci\u00f3n estatal.&nbsp;<strong>\u201cEl principio de revelaci\u00f3n dice que aquellos que defienden la industria nacional son unos chorros\u201d,<\/strong>&nbsp;afirm\u00f3.<img loading=\"lazy\" decoding=\"async\" alt=\"Javier Milei, presidente de Argentina,\" height=\"1080\" src=\"https:\/\/www.infobae.com\/resizer\/v2\/AXOLNPR3AFGWLME7KK5BAIDILM.jpeg?auth=ae4bb3d0a8d7a0025d92b81c353e16117e19c2061a3141687fb2039fce7f2302&amp;smart=true&amp;width=350&amp;height=197&amp;quality=85\" width=\"1920\">Javier Milei, presidente de Argentina, ante el seminario Argentina Week en Nueva York ante una audiencia de empresarios y l\u00edderes econ\u00f3micos. (Presidencia)<\/p>\n\n\n\n<p>El Presidente tambi\u00e9n sostuvo que su gobierno busca terminar con ese esquema de relaci\u00f3n entre pol\u00edtica y empresas. \u201cPor suerte nosotros&nbsp;<strong>nos estamos sacando de encima a los que usan el nacionalismo berreta de pacotilla&nbsp;<\/strong>para defender el robo de pol\u00edticos y empresarios prebendarios\u201d, dijo.<\/p>\n\n\n\n<p>\u201cSi la cuenta muestra que la eficiencia es que est\u00e9n bien 48 millones de argentinos, entonces la pregunta es por qu\u00e9 un pol\u00edtico sigue sosteniendo ese sistema. Es obvio: es corrupci\u00f3n\u201d, afirm\u00f3.<\/p>\n\n\n\n<p>Tambi\u00e9n apunt\u00f3 contra el kirchnerismo al referirse a la relaci\u00f3n entre el Estado y algunos grupos empresarios.&nbsp;<strong>\u201cLos Kirchner, cuando insultaban a Rocca, no lo insultaban porque lo odiaran,&nbsp;<\/strong>sino porque estaban negociando la coima\u201d, dijo.<\/p>\n\n\n\n<p>En otro tramo de su exposici\u00f3n, el Presidente sostuvo que su administraci\u00f3n enfrenta todav\u00eda lo que denomin\u00f3&nbsp;<strong>\u201criesgo kuka\u201d<\/strong>, en referencia al impacto pol\u00edtico que, seg\u00fan afirm\u00f3, genera la posibilidad de un regreso del kirchnerismo al poder.<img loading=\"lazy\" decoding=\"async\" alt=\"El presidente argentino Javier Milei\" height=\"1080\" src=\"https:\/\/www.infobae.com\/resizer\/v2\/SEUXAUME7RAPLC4CT6TS2AMOPM.jpeg?auth=aad4aa770fa7800192ba585016f905b22579b9481d2d7859fd000f64934afbce&amp;smart=true&amp;width=350&amp;height=197&amp;quality=85\" width=\"1920\">El presidente argentino Javier Milei camina junto a Jamie Dimon, CEO de JPMorgan Chase, en un pasillo durante el evento Argentina Week en Nueva York. (Presidencia)<\/p>\n\n\n\n<p>\u201cCuando fue la elecci\u00f3n el riesgo pa\u00eds estaba en 2500 puntos b\u00e1sicos. Hoy est\u00e1 en 550. Pero todav\u00eda el riesgo kuka, ese escenario cat\u00e1strofe, ese cisne negro, sigue causando da\u00f1o para lo que ser\u00edan las colocaciones m\u00e1s all\u00e1 de 2027\u201d, afirm\u00f3.<\/p>\n\n\n\n<p>Seg\u00fan explic\u00f3, ese factor incide en el costo del financiamiento internacional para la Argentina.&nbsp;<strong>\u201cEstamos haciendo todo para terminar de una vez por todas con el populismo&nbsp;<\/strong>y en especial con el kirchnerismo\u201d, agreg\u00f3.<\/p>\n\n\n\n<p>El mandatario se\u00f1al\u00f3 que, si el riesgo pa\u00eds se mantiene en niveles cercanos a los 550 puntos, la econom\u00eda podr\u00eda crecer entre 4% y 5% anual. Y plante\u00f3 que si se redujera a niveles de 220 puntos, el crecimiento podr\u00eda alcanzar tasas de entre 7% y 8%.<\/p>\n\n\n\n<p><strong>\u201cEso implicar\u00eda que la Argentina podr\u00eda estar duplicando el PBI cada nueve o diez a\u00f1os\u201d,<\/strong>&nbsp;sostuvo.<\/p>\n\n\n\n<p>La exposici\u00f3n de Milei incluy\u00f3 adem\u00e1s una explicaci\u00f3n sobre el marco conceptual que, seg\u00fan dijo, gu\u00eda las decisiones de su gobierno.<\/p>\n","protected":false},"excerpt":{"rendered":"<p>El Presidente apunt\u00f3 contra los due\u00f1os de Techint y de Aluar en la apertura de la Argentina Week. Al segundo, tambi\u00e9n propietario de Fate, lo&hellip; <\/p>\n","protected":false},"author":2,"featured_media":38036,"comment_status":"open","ping_status":"open","sticky":false,"template":"","format":"standard","meta":{"footnotes":""},"categories":[9,5],"tags":[],"class_list":["post-38035","post","type-post","status-publish","format-standard","has-post-thumbnail","hentry","category-destacadas","category-politica"],"_links":{"self":[{"href":"https:\/\/lametro989.com\/index.php?rest_route=\/wp\/v2\/posts\/38035","targetHints":{"allow":["GET"]}}],"collection":[{"href":"https:\/\/lametro989.com\/index.php?rest_route=\/wp\/v2\/posts"}],"about":[{"href":"https:\/\/lametro989.com\/index.php?rest_route=\/wp\/v2\/types\/post"}],"author":[{"embeddable":true,"href":"https:\/\/lametro989.com\/index.php?rest_route=\/wp\/v2\/users\/2"}],"replies":[{"embeddable":true,"href":"https:\/\/lametro989.com\/index.php?rest_route=%2Fwp%2Fv2%2Fcomments&post=38035"}],"version-history":[{"count":1,"href":"https:\/\/lametro989.com\/index.php?rest_route=\/wp\/v2\/posts\/38035\/revisions"}],"predecessor-version":[{"id":38037,"href":"https:\/\/lametro989.com\/index.php?rest_route=\/wp\/v2\/posts\/38035\/revisions\/38037"}],"wp:featuredmedia":[{"embeddable":true,"href":"https:\/\/lametro989.com\/index.php?rest_route=\/wp\/v2\/media\/38036"}],"wp:attachment":[{"href":"https:\/\/lametro989.com\/index.php?rest_route=%2Fwp%2Fv2%2Fmedia&parent=38035"}],"wp:term":[{"taxonomy":"category","embeddable":true,"href":"https:\/\/lametro989.com\/index.php?rest_route=%2Fwp%2Fv2%2Fcategories&post=38035"},{"taxonomy":"post_tag","embeddable":true,"href":"https:\/\/lametro989.com\/index.php?rest_route=%2Fwp%2Fv2%2Ftags&post=38035"}],"curies":[{"name":"wp","href":"https:\/\/api.w.org\/{rel}","templated":true}]}}