{"id":38039,"date":"2026-03-11T07:15:34","date_gmt":"2026-03-11T10:15:34","guid":{"rendered":"https:\/\/lametro989.com\/?p=38039"},"modified":"2026-03-11T07:15:34","modified_gmt":"2026-03-11T10:15:34","slug":"caso-de-rabia-canina-en-machagai-vacunan-mascotas-casa-por-casa-y-monitorean-contactos","status":"publish","type":"post","link":"https:\/\/lametro989.com\/?p=38039","title":{"rendered":"Caso de rabia canina en Machagai: vacunan mascotas casa por casa y monitorean contactos"},"content":{"rendered":"\n<p>El subsecretario de Seguridad Ciudadana de Machagai, Ernesto Saucedo, dio detalles de las acciones realizadas a partir de la confirmaci\u00f3n de un caso de rabia canina en la localidad. Autoridades sanitarias y municipales activaron operativos de vacunaci\u00f3n casa por casa y monitorean a las personas que tuvieron contacto con el animal.<\/p>\n\n\n\n<figure class=\"wp-block-image size-full\"><img loading=\"lazy\" decoding=\"async\" width=\"800\" height=\"450\" src=\"https:\/\/lametro989.com\/wp-content\/uploads\/2026\/03\/image-80.png\" alt=\"\" class=\"wp-image-38040\" srcset=\"https:\/\/lametro989.com\/wp-content\/uploads\/2026\/03\/image-80.png 800w, https:\/\/lametro989.com\/wp-content\/uploads\/2026\/03\/image-80-300x169.png 300w, https:\/\/lametro989.com\/wp-content\/uploads\/2026\/03\/image-80-768x432.png 768w\" sizes=\"auto, (max-width: 800px) 100vw, 800px\" \/><\/figure>\n\n\n\n<p>El funcionario se\u00f1al\u00f3 a\u00a0<strong>CIUDAD TV<\/strong>\u00a0que la situaci\u00f3n fue informada a fines de febrero por las autoridades sanitarias. A partir de ese momento se activ\u00f3 un trabajo conjunto entre distintas instituciones. Saucedo explic\u00f3 que existe un equipo que ya ven\u00eda articulando acciones sanitarias en la ciudad conformado por Salud P\u00fablica, la Regi\u00f3n Sanitaria y la Municipalidad de Machagai. \u201cDe manera inmediata informamos a la doctora Janina Maza, que es de Zoonosis de la provincia, a los efectos de poder articular distintos mecanismos para llevar adelante operativos de refuerzo de vacunaci\u00f3n\u201d, explic\u00f3.<\/p>\n\n\n\n<p>El funcionario record\u00f3 que todos los a\u00f1os se realizan campa\u00f1as de vacunaci\u00f3n antirr\u00e1bica en la ciudad. \u201cEl a\u00f1o pasado, en la localidad hemos colocado alrededor de 1000 dosis de vacuna antirr\u00e1bica, tanto para perros como para gatos\u201d, detall\u00f3.<\/p>\n\n\n\n<p>Sin embargo, reconoci\u00f3 que en muchas ocasiones no todos los vecinos pueden acercar a sus mascotas a los puntos de vacunaci\u00f3n. \u201cPrimero se hacen campa\u00f1as de difusi\u00f3n donde se informa y se invita a los vecinos a que se acerquen a determinados lugares en cada barrio. Lo que notamos es que no se llega a cubrir a todos los vecinos porque a veces no les llega la informaci\u00f3n o tienen dificultad para llevar la mascota\u201d, se\u00f1al\u00f3.<\/p>\n\n\n\n<p>Por ese motivo, tras la aparici\u00f3n del caso positivo se decidi\u00f3 modificar la modalidad del operativo. \u201cCon este refuerzo, debido a este caso, se est\u00e1 implementando la vacunaci\u00f3n casa por casa, se visita al vecino en su domicilio\u201d, explic\u00f3.<\/p>\n\n\n\n<p>Saucedo indic\u00f3 adem\u00e1s que hac\u00eda varios a\u00f1os que no se registraban casos de rabia en la localidad. \u201cHace muchos a\u00f1os que en la localidad no se da un caso positivo de rabia. Desde el momento en que tomamos conocimiento se articularon todos los mecanismos y se puso en funcionamiento el equipo para hacer los trabajos de prevenci\u00f3n\u201d, afirm\u00f3.<\/p>\n\n\n\n<p>En paralelo, se realiz\u00f3 una denuncia para investigar posibles responsabilidades vinculadas al manejo del animal. \u201cFormalmente se realiz\u00f3 una denuncia en la Fiscal\u00eda Rural y Ambiental a cargo de la doctora Mar\u00eda Emilia Rudas para que pueda realizar una investigaci\u00f3n tendiente a determinar si hay alguna responsabilidad por parte de particulares que manipularon animales o medicamentos sin la debida autorizaci\u00f3n\u201d, explic\u00f3.<\/p>\n\n\n\n<p>El caso corresponde a un cachorro de entre dos y tres meses de edad que hab\u00eda sido adoptado por una persona que trabaja en una zona rural. \u201cSe trataba de un canino de corta edad, entre 2 y 3 meses. Fue adoptado por una persona que trabaja en zona rural y lo llev\u00f3 primero a su domicilio en una zona que llamamos Pueblo Viejo\u201d, relat\u00f3.<\/p>\n\n\n\n<p>Seg\u00fan indic\u00f3, el animal estuvo en ese lugar durante un d\u00eda y luego fue trasladado a un campo donde su due\u00f1o trabaja. Durante ese per\u00edodo tuvo contacto con varias personas. \u201cAproximadamente nueve personas manipularon al cachorro\u201d, detall\u00f3.<\/p>\n\n\n\n<p>El cachorro comenz\u00f3 a presentar algunos cambios de comportamiento antes de morir. \u201cEmpez\u00f3 a manifestar s\u00edntomas, se mostraba un poco nervioso y cambi\u00f3 la mirada\u201d, explic\u00f3. No obstante, aclar\u00f3 que en animales tan j\u00f3venes los signos pueden ser dif\u00edciles de identificar.<\/p>\n\n\n\n<p>El subsecretario tambi\u00e9n se\u00f1al\u00f3 que, por su edad, el animal a\u00fan no hab\u00eda recibido la vacuna antirr\u00e1bica. \u201cA partir de los tres o cuatro meses reci\u00e9n comienza la vacunaci\u00f3n antirr\u00e1bica de las mascotas, con lo cual este animalito todav\u00eda no ten\u00eda posibilidad de estar vacunado\u201d, indic\u00f3.<\/p>\n\n\n\n<p>Respecto del origen del contagio, las autoridades analizan distintas hip\u00f3tesis. Una de ellas est\u00e1 vinculada a la presencia de murci\u00e9lagos en la zona donde el cachorro habr\u00eda nacido. \u201cUna de las hip\u00f3tesis es que provenga de murci\u00e9lagos, que son los principales transmisores de la enfermedad. Tambi\u00e9n se maneja la hip\u00f3tesis de que se le hayan dado v\u00edsceras de un animal bovino al cachorro y que el contagio haya provenido de all\u00ed\u201d, marc\u00f3.<\/p>\n\n\n\n<p>Cuando comenzaron los s\u00edntomas, los propietarios consultaron a un veterinario que intervino en el caso. \u201cEl veterinario identific\u00f3 los s\u00edntomas, tom\u00f3 medidas y envi\u00f3 la muestra al Centro de Zoonosis de la ciudad de Resistencia, donde luego se confirm\u00f3 el caso positivo para rabia\u201d, indic\u00f3.<\/p>\n\n\n\n<p>Tras la confirmaci\u00f3n, las autoridades sanitarias activaron un seguimiento de las personas que estuvieron en contacto con el animal. \u201cLas nueve personas que manipularon el cachorro est\u00e1n en tratamiento preventivo. Se les aplic\u00f3 la vacuna correspondiente y est\u00e1n siendo monitoreadas por Salud P\u00fablica y la Regi\u00f3n Sanitaria N\u00ba 2\u201d, se\u00f1al\u00f3.<\/p>\n\n\n\n<p>Seg\u00fan inform\u00f3, hasta el momento ninguna de esas personas present\u00f3 s\u00edntomas. Tambi\u00e9n se realiz\u00f3 un seguimiento de los animales que pudieron haber tenido contacto con el cachorro. \u201cHasta ahora no hay otros animales ni personas que hayan manifestado s\u00edntomas\u201d, explic\u00f3.<\/p>\n\n\n\n<p>Saucedo indic\u00f3 que el municipio continuar\u00e1 con los operativos de prevenci\u00f3n en la zona. \u201cActualmente seguimos reforzando en toda la zona donde pudo haber estado el animal la campa\u00f1a de vacunaci\u00f3n casa por casa\u201d, concluy\u00f3.<\/p>\n","protected":false},"excerpt":{"rendered":"<p>El subsecretario de Seguridad Ciudadana de Machagai, Ernesto Saucedo, dio detalles de las acciones realizadas a partir de la confirmaci\u00f3n de un caso de rabia&hellip; <\/p>\n","protected":false},"author":2,"featured_media":38040,"comment_status":"open","ping_status":"open","sticky":false,"template":"","format":"standard","meta":{"footnotes":""},"categories":[9,2],"tags":[],"class_list":["post-38039","post","type-post","status-publish","format-standard","has-post-thumbnail","hentry","category-destacadas","category-provinciales"],"_links":{"self":[{"href":"https:\/\/lametro989.com\/index.php?rest_route=\/wp\/v2\/posts\/38039","targetHints":{"allow":["GET"]}}],"collection":[{"href":"https:\/\/lametro989.com\/index.php?rest_route=\/wp\/v2\/posts"}],"about":[{"href":"https:\/\/lametro989.com\/index.php?rest_route=\/wp\/v2\/types\/post"}],"author":[{"embeddable":true,"href":"https:\/\/lametro989.com\/index.php?rest_route=\/wp\/v2\/users\/2"}],"replies":[{"embeddable":true,"href":"https:\/\/lametro989.com\/index.php?rest_route=%2Fwp%2Fv2%2Fcomments&post=38039"}],"version-history":[{"count":1,"href":"https:\/\/lametro989.com\/index.php?rest_route=\/wp\/v2\/posts\/38039\/revisions"}],"predecessor-version":[{"id":38041,"href":"https:\/\/lametro989.com\/index.php?rest_route=\/wp\/v2\/posts\/38039\/revisions\/38041"}],"wp:featuredmedia":[{"embeddable":true,"href":"https:\/\/lametro989.com\/index.php?rest_route=\/wp\/v2\/media\/38040"}],"wp:attachment":[{"href":"https:\/\/lametro989.com\/index.php?rest_route=%2Fwp%2Fv2%2Fmedia&parent=38039"}],"wp:term":[{"taxonomy":"category","embeddable":true,"href":"https:\/\/lametro989.com\/index.php?rest_route=%2Fwp%2Fv2%2Fcategories&post=38039"},{"taxonomy":"post_tag","embeddable":true,"href":"https:\/\/lametro989.com\/index.php?rest_route=%2Fwp%2Fv2%2Ftags&post=38039"}],"curies":[{"name":"wp","href":"https:\/\/api.w.org\/{rel}","templated":true}]}}