{"id":38046,"date":"2026-03-11T07:30:00","date_gmt":"2026-03-11T10:30:00","guid":{"rendered":"https:\/\/lametro989.com\/?p=38046"},"modified":"2026-03-11T07:30:00","modified_gmt":"2026-03-11T10:30:00","slug":"karina-milei-avanza-al-poder-absoluto-y-la-osada-estrategia-del-presidente-frente-a-empresarios","status":"publish","type":"post","link":"https:\/\/lametro989.com\/?p=38046","title":{"rendered":"Karina Milei avanza al poder absoluto y la osada estrategia del Presidente frente a empresarios"},"content":{"rendered":"\n<p>En medio de turbulencias externas, Javier Milei profundiz\u00f3 su cruzada contra Techint y Aluar en la Argentina Week. La secretaria general freez\u00f3 a Diego Valenzuela y va por m\u00e1s. Las internas del PJ en distritos clave. Y la salida de un hist\u00f3rico dirigente sindical<\/p>\n\n\n\n<figure class=\"wp-block-image size-full\"><img loading=\"lazy\" decoding=\"async\" width=\"992\" height=\"558\" src=\"https:\/\/lametro989.com\/wp-content\/uploads\/2026\/03\/image-83.png\" alt=\"\" class=\"wp-image-38047\" srcset=\"https:\/\/lametro989.com\/wp-content\/uploads\/2026\/03\/image-83.png 992w, https:\/\/lametro989.com\/wp-content\/uploads\/2026\/03\/image-83-300x169.png 300w, https:\/\/lametro989.com\/wp-content\/uploads\/2026\/03\/image-83-768x432.png 768w\" sizes=\"auto, (max-width: 992px) 100vw, 992px\" \/><\/figure>\n\n\n\n<p><strong>\u00bfCu\u00e1nto impactar\u00e1 a la inflaci\u00f3n el aumento del petr\u00f3leo? \u00bfC\u00f3mo seguir\u00e1 la tasa de inter\u00e9s si hay suba en los Estados Unidos? \u00bfQu\u00e9 margen de financiamiento externo tendr\u00e1 el pa\u00eds en caso de que la guerra en Medio Oriente se extienda? \u00bfEl plan de acumulaci\u00f3n de reservas puede complicarse? \u00bfQu\u00e9 pasar\u00e1 con las inversiones extranjeras en un clima de incertidumbre?<\/strong>\u00a0Muchas preguntas se acumularon en los \u00faltimos d\u00edas en espacios de poder. Sobre todo luego de las idas y vueltas -una vez m\u00e1s- discursivas del presidente de Estados Unidos, Donald Trump. Mensajes que no se condicen con lo que sucede en el territorio. De manera directa o indirecta ya son 23 pa\u00edses los que se involucraron en la guerra que dej\u00f3 de ser algo exclusivo de una regi\u00f3n. En ese contexto, el presidente Javier Milei dijo que \u201cganaremos la guerra\u201d con un inclusivo que gener\u00f3 sorpresas. El martes fue m\u00e1s all\u00e1. Tom\u00f3 el micr\u00f3fono y volvi\u00f3 a arremeter contra los empresarios Paolo Rocca y Madanes Quintanilla. Los trat\u00f3 de corruptos y los critic\u00f3 por igual. Al primero por haberse quejado por haber quedado afuera de una licitaci\u00f3n al primero (con Techint) y al segundo haber cerrado FATE. \u201cCorruptos y extorsionadores\u201d, sentenci\u00f3.&nbsp;<strong>Lo dijo frente a posibles inversores extranjeros que especulan, por estos tiempos, si la Argentina es previsible para invertir. Curiosa estrategia.<\/strong><\/p>\n\n\n\n<p>Junto al Presidente viaj\u00f3, adem\u00e1s de una nutrida comitiva, la secretaria general de la presidencia,\u00a0<strong>Karina Milei<\/strong>. \u201cUn ministro de Justicia, no un operador judicial\u201d, solt\u00f3 el fin de semana para mostrar su enojo al leer a los principales columnistas de los distintos medios que mencionaban la llegada de\u00a0<strong>Juan Bautista Mahiques\u00a0<\/strong>como parte de una interna de la hermana del Presidente con Santiago Caputo y -adem\u00e1s- como un hombre de la familia judicial capaz de mostrar resultados con las dos causas que m\u00e1s preocupan a Casa Rosada: ANDIS y Libra. En Balcarce 50 aseguran que se trata de operaciones medi\u00e1ticas que&nbsp;<strong>\u201csolo buscan lastimar el v\u00ednculo de ellos dos\u201d<\/strong>, como dijo a&nbsp;<strong>Infobae<\/strong>&nbsp;un funcionario que tiene trato con ambos, m\u00e1s all\u00e1 de discusiones pol\u00edticas. Para uno u otro lado, lo concreto es que Mahiques lleg\u00f3 con fuerza y fue recibido con alfombra roja por parte del Gobierno que ahora espera avanzar sin pausa con las m\u00e1s de 200 vacantes de jueces y fiscales de la justicia nacional y federal. Seg\u00fan consign\u00f3 este medio,&nbsp;<strong>se trata del 36,5% de los cargos y que, de no resolverse, subir\u00eda a 42% a mitad de a\u00f1o<\/strong>. Algo que no se mencion\u00f3 y que el Ejecutivo espera que Mahiques pueda desenredar es el acompa\u00f1amiento judicial a lo aprobado por la reforma laboral.&nbsp;<strong>\u201cFue una prueba de amor para con la Justicia. Ahora esperan una respuesta\u201d<\/strong>, resumieron a este cronista.<\/p>\n\n\n\n<p>El aspecto laboral es crucial con los n\u00fameros de la Econom\u00eda que crujen en \u00e1reas clave como la industria y el comercio. Seg\u00fan datos de la Confederaci\u00f3n Argentina de la Mediana Empresa (CAME),\u00a0<strong>en el comparativo interanual de febrero del 2026 las ventas minoristas del sector pyme comercial cayeron 5,6% respecto de igual mes del a\u00f1o pasado<\/strong>. Las bajas m\u00e1s fuertes se dieron en Bazar y decoraci\u00f3n (-14,4%), Perfumer\u00eda (-10,7%) y Alimentos y bebidas (-8,7%). Farmacia constituy\u00f3 la excepci\u00f3n, con un incremento del 0,3% interanual. En paralelo, el dato de la inflaci\u00f3n porte\u00f1a fue del 2,6%. Mientras el Gobierno destacaba que hubo una leve baja respecto del \u00edndice de enero (3,1%) la expectativa est\u00e1 puesta en lo que suceda el jueves cuando se anuncie el \u00edndice nacional. Sin embargo,\u00a0<strong>el problema es que el n\u00famero se estabiliz\u00f3 cerca del 3%, lo cual trae aparejado problemas extras.<\/strong>\u00a0\u00bfEl primero? Comienza a surgir el pedido de reapertura de paritarias por parte de algunos gremios. El segundo es que el consumo no presenta posibilidades de crecer con esta perspectiva de corto y mediano plazo. Lo cierto es que la herida a Caputo no se va a cerrar. Es m\u00e1s,<strong>&nbsp;todo indica que Karina seguir\u00e1 sumando lugares de poder en detrimento de los laderos del asesor.<\/strong>&nbsp;En provincia de Buenos Aires se da un ejemplo concreto. Si bien Caputo insiste con la figura de Agust\u00edn Romo, su alfil violeta en la legislatura bonaerense, Karina mantiene a&nbsp;<strong>Sebasti\u00e1n Pareja<\/strong>&nbsp;como su figura central. En ese inabarcable territorio es que la conversaci\u00f3n entre este \u00faltimo y el ministro del Interior,&nbsp;<strong>Diego Santilli<\/strong>, comenzar\u00e1n en breve para ordenar el 2027. \u00bfQui\u00e9n ser\u00e1 el candidato para enfrentar al peronismo? A\u00fan es imposible saber para qu\u00e9 lugar caer\u00e1 la moneda.&nbsp;<strong>\u201cEl que sea candidato no pondr\u00e1 tanto intendente y viceversa. Se van a poner de acuerdo\u201d<\/strong>, aventur\u00f3 un armador amarillo que ya tiene el caparz\u00f3n de color libertario. \u00bfTendr\u00e1 que ver esto con el freno que impuso Karina a la llegada de Diego Valenzuela al ministerio de Seguridad? Patricia Bullrich hab\u00eda adelantado en noviembre que el ahora senador bonaerense ir\u00eda al Ejecutivo nacional. Qued\u00f3 todo freezado.<\/p>\n\n\n\n<p>Internas y disputas que no son algo que sea exclusivo del gobierno nacional.<strong>\u00a0El PJ vive un momento de descomposici\u00f3n como pocas veces se vio.\u00a0<\/strong>Dos ejemplos de las \u00faltimas horas para graficarlo. En San Miguel se conformaron tres listas para disputar el control del partido. Enfrenta a dos aliados \u201chacia arriba\u201d que son Gabriel Katopodis y Andr\u00e9s Larroque. En Tigre, en cambio, La C\u00e1mpora y el Frente Renovador de Sergio Massa lograron que la justicia electoral voltee la lista de Mario Zamora, hermano del intendente. \u00bfDisputar una interna? Mejor ir a la Justicia. Por \u00faltimo, la novedad gremial vino del lado de SUTEBA. Roberto Baradel anunci\u00f3 a sus \u00edntimos en las \u00faltimas horas que no ir\u00e1 por una nueva reelecci\u00f3n en el sindicato cuando haya elecciones en mayo. La candidata de la lista oficialista ser\u00e1 Mar\u00eda Laura Torre. El hist\u00f3rico gremialista dejar\u00e1 el cargo. \u201cHay que renovarnos\u201d, dijeron a\u00a0<strong>Infobae<\/strong>. Ya sin ocultarse ni quedarse callada ante embates que vienen desde Casa de Gobierno, la vicepresidente&nbsp;<strong>Victoria Villarruel<\/strong>&nbsp;sigue de gira por el pa\u00eds. El fin de semana estuvo por Mendoza y busc\u00f3 cerrar el esc\u00e1ndalo tuitero con el diputado Luis Petri. Sin embargo, no se guard\u00f3 nada cuando habl\u00f3 de la Argentina y realiz\u00f3 un tiro por elevaci\u00f3n al Presidente:&nbsp;<strong>\u201cEs muy dif\u00edcil gobernar un pa\u00eds si no lo conoces\u201d<\/strong>. Decidida a generarle un dolor de cabeza a las encuestadoras que trabajan con el oficialismo, est\u00e1 decidida a pisar cada provincia argentina de ac\u00e1 al 2027. \u00bfSer\u00e1 candidata? Alguien que as\u00ed lo desea lo plante\u00f3 as\u00ed: \u201cLe pegan y ella sale a caminar. Cuando se den cuenta, quiz\u00e1s sean los tres puntos que le faltaron a (Sergio) Massa para ganar en primera vuelta\u201d.&nbsp;<strong>Los enemigos que van recolectando los hermanos Milei empiezan a levantar la cabeza.<\/strong><\/p>\n\n\n\n<p>Donde se disputa el poder y el dinero como quiz\u00e1s ning\u00fan otro negocio en el pa\u00eds es en la Asociaci\u00f3n del F\u00fatbol Argentino (AFA). Tras el paro del fin de semana decidido por&nbsp;<strong>Claudio Tapia<\/strong>&nbsp;(ni siquiera dej\u00f3 que los clubes tengan amistosos a puertas cerradas), ahora es la Justicia quien debe avanzar en las causas contra el due\u00f1o del f\u00fatbol y su socio, Pablo Toviggino. El portazo de River Plate no cay\u00f3 para nada bien en el c\u00edrculo de Tapia. Y as\u00ed se lo hicieron saber algunos asesores a dirigentes del club de N\u00fa\u00f1ez con algunos mensajes de WhatsApp dejando en claro que ahora estaban en \u201cveredas opuestas\u201d. Un ex futbolista devenido en pol\u00edtico analiz\u00f3 el escenario junto a&nbsp;<strong>Infobae<\/strong>&nbsp;y sentenci\u00f3:&nbsp;<strong>\u201cEl f\u00fatbol es peor que la pol\u00edtica. Mueve m\u00e1s plata con menos manos\u201d.<\/strong><\/p>\n\n\n\n<p>Por las dudas, Mahiques dijo que no ten\u00eda \u201cninguna intenci\u00f3n\u201d de salvar a la AFA. Tapia conf\u00eda en que lo haya dicho por obligaci\u00f3n pero que en la pr\u00e1ctica suceda todo lo contrario.<\/p>\n","protected":false},"excerpt":{"rendered":"<p>En medio de turbulencias externas, Javier Milei profundiz\u00f3 su cruzada contra Techint y Aluar en la Argentina Week. La secretaria general freez\u00f3 a Diego Valenzuela&hellip; <\/p>\n","protected":false},"author":2,"featured_media":38047,"comment_status":"open","ping_status":"open","sticky":false,"template":"","format":"standard","meta":{"footnotes":""},"categories":[9,5],"tags":[],"class_list":["post-38046","post","type-post","status-publish","format-standard","has-post-thumbnail","hentry","category-destacadas","category-politica"],"_links":{"self":[{"href":"https:\/\/lametro989.com\/index.php?rest_route=\/wp\/v2\/posts\/38046","targetHints":{"allow":["GET"]}}],"collection":[{"href":"https:\/\/lametro989.com\/index.php?rest_route=\/wp\/v2\/posts"}],"about":[{"href":"https:\/\/lametro989.com\/index.php?rest_route=\/wp\/v2\/types\/post"}],"author":[{"embeddable":true,"href":"https:\/\/lametro989.com\/index.php?rest_route=\/wp\/v2\/users\/2"}],"replies":[{"embeddable":true,"href":"https:\/\/lametro989.com\/index.php?rest_route=%2Fwp%2Fv2%2Fcomments&post=38046"}],"version-history":[{"count":1,"href":"https:\/\/lametro989.com\/index.php?rest_route=\/wp\/v2\/posts\/38046\/revisions"}],"predecessor-version":[{"id":38048,"href":"https:\/\/lametro989.com\/index.php?rest_route=\/wp\/v2\/posts\/38046\/revisions\/38048"}],"wp:featuredmedia":[{"embeddable":true,"href":"https:\/\/lametro989.com\/index.php?rest_route=\/wp\/v2\/media\/38047"}],"wp:attachment":[{"href":"https:\/\/lametro989.com\/index.php?rest_route=%2Fwp%2Fv2%2Fmedia&parent=38046"}],"wp:term":[{"taxonomy":"category","embeddable":true,"href":"https:\/\/lametro989.com\/index.php?rest_route=%2Fwp%2Fv2%2Fcategories&post=38046"},{"taxonomy":"post_tag","embeddable":true,"href":"https:\/\/lametro989.com\/index.php?rest_route=%2Fwp%2Fv2%2Ftags&post=38046"}],"curies":[{"name":"wp","href":"https:\/\/api.w.org\/{rel}","templated":true}]}}