{"id":38055,"date":"2026-03-11T07:45:34","date_gmt":"2026-03-11T10:45:34","guid":{"rendered":"https:\/\/lametro989.com\/?p=38055"},"modified":"2026-03-11T07:45:34","modified_gmt":"2026-03-11T10:45:34","slug":"como-funciona-el-sistema-de-poder-en-iran-6-claves-para-entender-por-que-resiste-tras-la-muerte-de-ali-jamenei","status":"publish","type":"post","link":"https:\/\/lametro989.com\/?p=38055","title":{"rendered":"\u00bfC\u00f3mo funciona el sistema de poder en Ir\u00e1n? 6 claves para entender por qu\u00e9 resiste tras la muerte de Al\u00ed Jamenei"},"content":{"rendered":"\n<p>La designaci\u00f3n de Mojtaba Jamenei como l\u00edder supremo dej\u00f3 entrever el complejo entramado institucional que por ahora garantiza la supervivencia de la Rep\u00fablica Isl\u00e1mica.<\/p>\n\n\n\n<figure class=\"wp-block-image size-full\"><img loading=\"lazy\" decoding=\"async\" width=\"987\" height=\"555\" src=\"https:\/\/lametro989.com\/wp-content\/uploads\/2026\/03\/image-86.png\" alt=\"\" class=\"wp-image-38056\" srcset=\"https:\/\/lametro989.com\/wp-content\/uploads\/2026\/03\/image-86.png 987w, https:\/\/lametro989.com\/wp-content\/uploads\/2026\/03\/image-86-300x169.png 300w, https:\/\/lametro989.com\/wp-content\/uploads\/2026\/03\/image-86-768x432.png 768w\" sizes=\"auto, (max-width: 987px) 100vw, 987px\" \/><\/figure>\n\n\n\n<p>El\u00a0<a href=\"https:\/\/www.perfil.com\/noticias\/internacional\/israel-informo-que-el-ayatola-ali-jamenei-fue-hallado-muerto-en-su-bunker-tras-los-ataques-aereos-de-eeuu.phtml\" target=\"_blank\" rel=\"noreferrer noopener\"><strong>asesinato<\/strong>\u00a0del ayatol\u00e1\u00a0<strong>Al\u00ed<\/strong>\u00a0<strong>Jamenei<\/strong>\u00a0<\/a>ordenado Estados Unidos e Israel pareci\u00f3, a primera vista, el golpe m\u00e1s duro al sistema de gobierno de la Rep\u00fablica Isl\u00e1mica desde la revoluci\u00f3n de 1979. Durante casi cuatro d\u00e9cadas, el l\u00edder supremo concentr\u00f3 el poder pol\u00edtico, religioso y militar del pa\u00eds, convirti\u00e9ndose en la figura central de una estructura que molde\u00f3 tanto la pol\u00edtica interna iran\u00ed como su proyecci\u00f3n regional. A diferencia de guerras anteriores, Washington y Tel Aviv esta vez no disimularon que el objetivo del bombardeo iniciado en la madrugada del 28 de febrero era debilitar \u2014e incluso precipitar\u2014 un cambio en la c\u00fapula del poder iran\u00ed. Sin embargo, la r\u00e1pida designaci\u00f3n del hijo del ayatol\u00e1 fallecido,<a href=\"https:\/\/www.perfil.com\/noticias\/internacional\/incertidumbre-en-teheran-el-hijo-de-jamenei-y-nuevo-lider-supremo-sufrio-una-lesion-misteriosa-a35.phtml\" target=\"_blank\" rel=\"noreferrer noopener\">\u00a0<strong>Mojtaba<\/strong>\u00a0<strong>Jamenei<\/strong>,<\/a>\u00a0como sucesor sugiere que el sistema pol\u00edtico de la Rep\u00fablica Isl\u00e1mica no depende exclusivamente de la figura del l\u00edder supremo, sino de una arquitectura institucional dise\u00f1ada precisamente para<strong>\u00a0preservar la continuidad del sistema\u00a0<\/strong>incluso en momentos de crisis. &#8220;El nombramiento del hijo de Jamenei env\u00eda un mensaje claro al exterior: el sistema cierra filas, no se est\u00e1 derrumbando&#8221;, se\u00f1al\u00f3&nbsp;<strong>Ali Vaez<\/strong>, analista del&nbsp;<strong>International Crisis Group<\/strong>, en di\u00e1logo con<em>&nbsp;AFP<\/em>, al interpretar la sucesi\u00f3n como una se\u00f1al dirigida tanto a la poblaci\u00f3n iran\u00ed como a los actores externos que en las \u00faltimas semanas especularon con la posibilidad de un colapso pol\u00edtico tras la escalada militar en Medio Oriente.<\/p>\n\n\n\n<p>A diferencia de otros sistemas pol\u00edticos personalistas de la regi\u00f3n, la Rep\u00fablica Isl\u00e1mica se sostiene sobre una\u00a0<strong>amplia red de instituciones\u00a0<\/strong>que combinan\u00a0<strong>autoridad religiosa<\/strong>, estructuras pol\u00edticas formales y un\u00a0<strong>aparato militar ideol\u00f3gico<\/strong>\u00a0que se consolid\u00f3 desde la revoluci\u00f3n de 1979. Ese entramado explica por qu\u00e9 el sistema ha atravesado d\u00e9cadas de sanciones internacionales, protestas internas y tensiones regionales sin que su arquitectura de poder se desmorone. <strong>1. El l\u00edder supremo, v\u00e9rtice del sistema<\/strong><\/p>\n\n\n\n<p>En el centro de esa estructura se encuentra el l\u00edder supremo, la m\u00e1xima autoridad pol\u00edtica y religiosa del pa\u00eds, cuya figura qued\u00f3 institucionalizada tras la revoluci\u00f3n encabezada por el ayatol\u00e1&nbsp;<strong>Ruhollah Jomeini&nbsp;<\/strong>y que concentra atribuciones que exceden ampliamente a las de un jefe de Estado convencional.<\/p>\n\n\n\n<p>Adem\u00e1s de ejercer el mando sobre las Fuerzas Armadas, el l\u00edder supremo define las grandes l\u00edneas de la pol\u00edtica exterior, supervisa los organismos de seguridad y designa a una parte significativa de los funcionarios que ocupan posiciones clave dentro del aparato estatal, incluidos los responsables del poder judicial y los altos mandos militares.<\/p>\n\n\n\n<p>Aunque Ir\u00e1n cuenta con un presidente y un parlamento elegidos por voto popular, esas instituciones operan dentro de los l\u00edmites establecidos por el liderazgo clerical, lo que convierte al sistema pol\u00edtico iran\u00ed en una estructura donde la autoridad religiosa conserva la \u00faltima palabra sobre las decisiones estrat\u00e9gicas del Estado.<\/p>\n\n\n\n<figure class=\"wp-block-image\"><img decoding=\"async\" src=\"https:\/\/fotos.perfil.com\/\/2026\/02\/28\/900\/0\/ali-jamenei-lider-supremo-de-iran-2194323.jpg?webp\" alt=\"Al\u00ed Jamenei, l\u00edder supremo de Ir\u00e1n\"\/><figcaption class=\"wp-element-caption\"><strong>Al\u00ed Jamenei.&nbsp;<\/strong>Fue l\u00edder supremo de Ir\u00e1n desde 1989 hasta su asesinato el 28 de febrero de 2026.<\/figcaption><\/figure>\n\n\n\n<h2 class=\"wp-block-heading\"><strong>2. Los guardianes &#8220;morales&#8221; del sistema<\/strong><\/h2>\n\n\n\n<p>Debajo del l\u00edder supremo funciona un entramado institucional dise\u00f1ado para preservar el car\u00e1cter ideol\u00f3gico de la Rep\u00fablica Isl\u00e1mica. Uno de los \u00f3rganos centrales del sistema pol\u00edtico iran\u00ed es el<strong>&nbsp;Consejo de Guardianes,&nbsp;<\/strong>compuesto por 12 miembros: seis cl\u00e9rigos designados directamente por el l\u00edder supremo y seis juristas nominados por el jefe del Poder Judicial y posteriormente aprobados por el Parlamento.<\/p>\n\n\n\n<p>Este organismo cumple un rol clave dentro de la arquitectura institucional de la Rep\u00fablica Isl\u00e1mica, ya que tiene la facultad de revisar todas las leyes aprobadas por el Majlis para verificar su compatibilidad con la Constituci\u00f3n y la ley isl\u00e1mica, adem\u00e1s de supervisar los procesos electorales y aprobar o vetar a los candidatos que pueden presentarse a cargos p\u00fablicos. En paralelo opera la<strong>&nbsp;Asamblea de Expertos<\/strong>, el \u00f3rgano compuesto por 88 cl\u00e9rigos chiitas elegidos cada 8 a\u00f1os por voto popular que se encarga de elegir al l\u00edder supremo y, al menos en teor\u00eda, supervisar su desempe\u00f1o. En medio de los bombardeos de Tel Aviv y Washington, la asamblea design\u00f3 como nuevo ayatol\u00e1 al cl\u00e9rigo&nbsp;<strong>Mojtaba<\/strong>&nbsp;<strong>Jamenei<\/strong>, de 56 a\u00f1os, una semana despu\u00e9s de la muerte de su padre.<\/p>\n\n\n\n<p>Para el investigador\u00a0<strong>Cl\u00e9ment Therme<\/strong>, del Instituto Internacional de Estudios Iran\u00edes de Francia, detr\u00e1s de la elecci\u00f3n del hijo de Al\u00ed Jamenei, quien tiene estrechos lazos con la Guardia Revolucionaria iran\u00ed, existe tambi\u00e9n un peso simb\u00f3lico dentro del sistema pol\u00edtico iran\u00ed. &#8220;Conservar el apellido Jamenei es muy importante para la propaganda del sistema&#8221;, explic\u00f3. <strong>3. El aparato militar: Guardia Revolucionaria y Fuerzas Quds<\/strong><\/p>\n\n\n\n<p>M\u00e1s all\u00e1 del organigrama estatal, la continuidad del sistema de gobierno iran\u00ed basado en la ley isl\u00e1mica descansa especialmente en su aparato de seguridad. Cuerpo de Guardianes de la Revoluci\u00f3n Isl\u00e1mica (IRGG, por sus siglas en ingl\u00e9s) , creada tras la revoluci\u00f3n de 1979 para garantizar el cumplimiento del nuevo orden isl\u00e1mico a nivel interno, se convirti\u00f3 con el tiempo en uno de los actores m\u00e1s poderosos, llegando a influir tanto en la pol\u00edtica como en la econom\u00eda y la estrategia militar de Ir\u00e1n. Funciona en paralelo al Ej\u00e9rcito regular y se estima que tiene cerca de 200.000 integrantes.<\/p>\n\n\n\n<p>Dentro de la estructura militar iran\u00ed tambi\u00e9n se desprenden las\u00a0<strong>Fuerzas<\/strong>\u00a0<strong>Quds<\/strong>, la unidad de operaciones exteriores del Cuerpo de Guardianes de la Revoluci\u00f3n Isl\u00e1mica. Este cuerpo especial de inteligencia se encarga de coordinar la proyecci\u00f3n regional de Ir\u00e1n, desde Hezbol\u00e1 en L\u00edbano hasta distintos grupos en Irak, Siria o Yemen, lo que la convirti\u00f3 en una pieza central del predominio persa en la regi\u00f3n. En 2019, el presidente estadounidense Donald Trump incluy\u00f3 al IRGG en la lista de organizaciones terroristas extranjeras de Estados Unidos, una medida in\u00e9dita contra una fuerza militar estatal que fue criticada por Teher\u00e1n. Mientras que, en 2020, orden\u00f3 el asesinato del jefe de las Fuerzas Quds,&nbsp;<strong>Qasem Soleimani<\/strong>, en el aeropuerto de Bagdad. En la misma l\u00ednea, en 2025 el gobierno argentino de&nbsp;<strong>Javier Milei<\/strong>&nbsp;adopt\u00f3 una decisi\u00f3n similar al declarar a esa estructura militar como organizaci\u00f3n terrorista en el pa\u00eds.<\/p>\n\n\n\n<p>Para&nbsp;<strong>Bernard Hourcade<\/strong>, especialista en Ir\u00e1n del Centro Nacional de Investigaciones Cient\u00edficas de Francia (CNRS), el ascenso de&nbsp;<strong>Mojtaba Jamenei&nbsp;<\/strong>refleja precisamente el peso creciente de los sectores m\u00e1s duros del sistema pol\u00edtico iran\u00ed. &#8220;Es un hombre en manos de los m\u00e1s radicales, que son quienes dirigen la guerra&#8221;, opin\u00f3.<\/p>\n\n\n\n<figure class=\"wp-block-image\"><img decoding=\"async\" src=\"https:\/\/fotos.perfil.com\/\/2026\/02\/28\/900\/0\/ali-jamenei-lider-supremo-de-iran-2194320.jpg?webp\" alt=\"Al\u00ed Jamenei, l\u00edder supremo de Ir\u00e1n\"\/><\/figure>\n\n\n\n<h2 class=\"wp-block-heading\"><strong>4. Rep\u00fablica y elecciones bajo supervisi\u00f3n clerical<\/strong><\/h2>\n\n\n\n<p>Dentro de esa arquitectura institucional tambi\u00e9n operan las estructuras republicanas del Estado iran\u00ed. El&nbsp;<strong>presidente<\/strong>&nbsp;\u2014elegido por&nbsp;<strong>voto popular<\/strong>\u2014 dirige la a<strong>dministraci\u00f3n del gobierno<\/strong>&nbsp;y gestiona la&nbsp;<strong>pol\u00edtica econ\u00f3mica,<\/strong>&nbsp;mientras que el parlamento de 290 miembros, conocido como Majlis, legisla y aprueba el presupuesto. En tanto, el ayatol\u00e1 opera como jefe de estado y el Presidente como jefe de gobierno.<\/p>\n\n\n\n<p>Sin embargo, ambas instituciones funcionan dentro de un sistema donde las decisiones estrat\u00e9gicas quedan subordinadas a los organismos clericales. Cuando surgen disputas entre el parlamento y el Consejo de Guardianes interviene el\u00a0<strong>Consejo de Discernimiento<\/strong>, un \u00f3rgano que act\u00faa como mediador institucional y asesora al l\u00edder supremo. El resultado es un sistema h\u00edbrido en el que conviven instituciones electivas con una jerarqu\u00eda religiosa que conserva la \u00faltima palabra sobre las decisiones estrat\u00e9gicas del Estado. <strong>5. \u00bfPuede cambiar algo?<\/strong><\/p>\n\n\n\n<p>Aunque la continuidad institucional de la Rep\u00fablica Isl\u00e1mica parece asegurada en el corto plazo, algunos analistas se\u00f1alan que el&nbsp;<strong>factor generacional<\/strong>&nbsp;podr\u00eda introducir ciertos cambios en el funcionamiento del sistema, considerando que el \u00faltimo l\u00edder supremo, de 86 a\u00f1os, llev\u00f3 las riendas del pa\u00eds durante m\u00e1s de tres d\u00e9cadas marcadas por la devastadora guerra con Irak, el desarrollo del programa nuclear y las sanciones internacionales que asfixiaron la econom\u00eda.<\/p>\n\n\n\n<p>Said Chaya, polit\u00f3logo y director del N\u00facleo de Estudios de Medio Oriente de la Universidad Austral, consider\u00f3 que el recambio podr\u00eda abrir la puerta a ajustes graduales dentro del sistema pol\u00edtico iran\u00ed. &#8220;Habr\u00e1 cosas que van a cambiar con un l\u00edder 20 o 30 a\u00f1os m\u00e1s joven. Puede generar reformas, pero no creo que implique un cambio radical en la posici\u00f3n de Ir\u00e1n frente al mundo&#8221;, afirm\u00f3 el experto desde sus redes.<\/p>\n\n\n\n<figure class=\"wp-block-image\"><img decoding=\"async\" src=\"https:\/\/fotos.perfil.com\/\/2026\/01\/17\/900\/0\/iran-protestas-17012026-2171074.jpg?webp\" alt=\"Ir\u00e1n - Protestas 17012026 \"\/><figcaption class=\"wp-element-caption\"><strong>Protestas en Ir\u00e1n.<\/strong>&nbsp;El escenario b\u00e9lico dej\u00f3 entrever la polarizaci\u00f3n pol\u00edtica en el pa\u00eds persa.<\/figcaption><\/figure>\n\n\n\n<h2 class=\"wp-block-heading\"><strong>6. Continuidad en medio de la guerra<\/strong><\/h2>\n\n\n\n<p>A diferencia de junio de 2025, en la operaci\u00f3n conjunta &#8220;Furia \u00c9pica&#8221; ni Estados Unidos ni Israel disimularon el objetivo detr\u00e1s del ataque del 28 de febrero:&nbsp;<strong>forzar un cambio pol\u00edtico en Ir\u00e1n.<\/strong>&nbsp;El asesinato de Al\u00ed Jamenei un d\u00eda despu\u00e9s encendi\u00f3 las dudas sobre la supervivencia de la Rep\u00fablica Isl\u00e1mica, pero la r\u00e1pida sucesi\u00f3n tambi\u00e9n dej\u00f3 entrever uno de los rasgos m\u00e1s singulares del sistema pol\u00edtico iran\u00ed: su capacidad para preservar la continuidad de la Rep\u00fablica Isl\u00e1mica incluso cuando cambia la figura que ocupa la c\u00faspide del poder.<\/p>\n\n\n\n<p>Aunque el nuevo l\u00edder todav\u00eda no tenga el peso religioso y pol\u00edtico que tuvo su padre, el entramado institucional \u2014desde el Consejo de Guardianes hasta la Guardia Revolucionaria\u2014 contin\u00faa funcionando como el verdadero sost\u00e9n del sistema de gobierno iran\u00ed a nivel interno, en medio de una creciente polarizaci\u00f3n sobre el futuro pol\u00edtico del pa\u00eds y teniendo como antecedente la feroz represalia de las protestas en las ciudades.<\/p>\n\n\n\n<p>En un contexto marcado por la guerra regional, las sanciones internacionales y la presi\u00f3n diplom\u00e1tica de Occidente, esa arquitectura pol\u00edtica puede resultar decisiva para explicar por qu\u00e9 la Rep\u00fablica Isl\u00e1mica logra sostenerse incluso despu\u00e9s de perder al l\u00edder &#8220;anti imperialista&#8221; m\u00e1s influyente de las \u00faltimas d\u00e9cadas.<\/p>\n","protected":false},"excerpt":{"rendered":"<p>La designaci\u00f3n de Mojtaba Jamenei como l\u00edder supremo dej\u00f3 entrever el complejo entramado institucional que por ahora garantiza la supervivencia de la Rep\u00fablica Isl\u00e1mica. El\u00a0asesinato\u00a0del&hellip; <\/p>\n","protected":false},"author":2,"featured_media":38056,"comment_status":"open","ping_status":"open","sticky":false,"template":"","format":"standard","meta":{"footnotes":""},"categories":[13],"tags":[],"class_list":["post-38055","post","type-post","status-publish","format-standard","has-post-thumbnail","hentry","category-nacionales"],"_links":{"self":[{"href":"https:\/\/lametro989.com\/index.php?rest_route=\/wp\/v2\/posts\/38055","targetHints":{"allow":["GET"]}}],"collection":[{"href":"https:\/\/lametro989.com\/index.php?rest_route=\/wp\/v2\/posts"}],"about":[{"href":"https:\/\/lametro989.com\/index.php?rest_route=\/wp\/v2\/types\/post"}],"author":[{"embeddable":true,"href":"https:\/\/lametro989.com\/index.php?rest_route=\/wp\/v2\/users\/2"}],"replies":[{"embeddable":true,"href":"https:\/\/lametro989.com\/index.php?rest_route=%2Fwp%2Fv2%2Fcomments&post=38055"}],"version-history":[{"count":1,"href":"https:\/\/lametro989.com\/index.php?rest_route=\/wp\/v2\/posts\/38055\/revisions"}],"predecessor-version":[{"id":38057,"href":"https:\/\/lametro989.com\/index.php?rest_route=\/wp\/v2\/posts\/38055\/revisions\/38057"}],"wp:featuredmedia":[{"embeddable":true,"href":"https:\/\/lametro989.com\/index.php?rest_route=\/wp\/v2\/media\/38056"}],"wp:attachment":[{"href":"https:\/\/lametro989.com\/index.php?rest_route=%2Fwp%2Fv2%2Fmedia&parent=38055"}],"wp:term":[{"taxonomy":"category","embeddable":true,"href":"https:\/\/lametro989.com\/index.php?rest_route=%2Fwp%2Fv2%2Fcategories&post=38055"},{"taxonomy":"post_tag","embeddable":true,"href":"https:\/\/lametro989.com\/index.php?rest_route=%2Fwp%2Fv2%2Ftags&post=38055"}],"curies":[{"name":"wp","href":"https:\/\/api.w.org\/{rel}","templated":true}]}}