{"id":38064,"date":"2026-03-11T11:58:30","date_gmt":"2026-03-11T14:58:30","guid":{"rendered":"https:\/\/lametro989.com\/?p=38064"},"modified":"2026-03-11T11:58:30","modified_gmt":"2026-03-11T14:58:30","slug":"bomba-en-el-mundial-2026-que-hara-la-fifa-ante-la-baja-de-iran-y-quien-podria-ocupar-su-lugar","status":"publish","type":"post","link":"https:\/\/lametro989.com\/?p=38064","title":{"rendered":"Bomba en el Mundial 2026:\u00a0qu\u00e9 har\u00e1 la FIFA ante la baja de Ir\u00e1n y qui\u00e9n podr\u00eda ocupar su lugar"},"content":{"rendered":"\n<p>Aunque la selecci\u00f3n no ha renunciado oficialmente, la FIFA ya eval\u00faa reemplazos, sanciones y escenarios competitivos.<\/p>\n\n\n\n<figure class=\"wp-block-image size-full\"><img loading=\"lazy\" decoding=\"async\" width=\"950\" height=\"534\" src=\"https:\/\/lametro989.com\/wp-content\/uploads\/2026\/03\/image-89.png\" alt=\"\" class=\"wp-image-38065\" srcset=\"https:\/\/lametro989.com\/wp-content\/uploads\/2026\/03\/image-89.png 950w, https:\/\/lametro989.com\/wp-content\/uploads\/2026\/03\/image-89-300x169.png 300w, https:\/\/lametro989.com\/wp-content\/uploads\/2026\/03\/image-89-768x432.png 768w\" sizes=\"auto, (max-width: 950px) 100vw, 950px\" \/><\/figure>\n\n\n\n<p>La&nbsp;<strong>incertidumbre sobre la participaci\u00f3n de Ir\u00e1n en el<\/strong><a href=\"https:\/\/www.canal26.com\/deportes\/2026\/03\/04\/la-lista-que-todos-quieren-evitar-a-poco-mas-de-tres-meses-para-el-mundial-2026-los-lesionados-que-se-perderan-la-competencia\/\" target=\"_blank\" rel=\"noreferrer noopener\"><strong>&nbsp;Mundial 2026<\/strong>&nbsp;<\/a>gener\u00f3 un fuerte impacto en la FIFA, que ya estudia distintas alternativas para garantizar estabilidad competitiva. Aunque Ir\u00e1n&nbsp;<strong>no confirm\u00f3 oficialmente su baja<\/strong>, declaraciones de sus autoridades y el complejo contexto geopol\u00edtico obligaron al organismo a preparar un plan de contingencia.<\/p>\n\n\n\n<p>Este art\u00edculo profundiza en las&nbsp;<strong>opciones que eval\u00faa la FIFA<\/strong>, los&nbsp;<strong>criterios reglamentarios<\/strong>, los posibles&nbsp;<strong>reemplazos dentro de la AFC<\/strong>, y c\u00f3mo este caso podr\u00eda convertirse en uno de los episodios m\u00e1s singulares de la historia de la Copa del Mundo.<\/p>\n\n\n\n<h2 class=\"wp-block-heading\">Por qu\u00e9 la participaci\u00f3n de Ir\u00e1n est\u00e1 en duda<\/h2>\n\n\n\n<p>Las dudas comenzaron<strong>&nbsp;despu\u00e9s de los ataques de Estados Unidos<\/strong>&nbsp;e Israel sobre territorio iran\u00ed, generando un clima cr\u00edtico que afect\u00f3 no solo al pa\u00eds sino tambi\u00e9n a su estructura deportiva. El ministro de Deportes, Ahmad Donyamali, explic\u00f3 que la situaci\u00f3n \u201cno ofrece condiciones\u201d para competir, citando las guerras recientes y miles de v\u00edctimas civiles. Aunque no implica una renuncia formal, s\u00ed abre una ventana de incertidumbre in\u00e9dita.<\/p>\n\n\n\n<p>El presidente de la Federaci\u00f3n Iran\u00ed, Mehdi Taj, tambi\u00e9n puso en duda la presencia del equipo, cuestionando la realizaci\u00f3n del torneo en Estados Unidos y afirmando que es dif\u00edcil \u201cesperar con ilusi\u00f3n el Mundial\u201d dadas las condiciones pol\u00edticas actuales. Qu\u00e9 establece el reglamento de la FIFA si una selecci\u00f3n clasificada se retira<\/p>\n\n\n\n<p>Aunque Ir\u00e1n a\u00fan estudia su postura, la FIFA dispone de un marco claro para enfrentar una eventual baja.<\/p>\n\n\n\n<h3 class=\"wp-block-heading\"><strong>Sanciones econ\u00f3micas<\/strong><\/h3>\n\n\n\n<p>Si una selecci\u00f3n clasificada renuncia con m\u00e1s de 30 d\u00edas de anticipaci\u00f3n \u2014como ocurrir\u00eda si Ir\u00e1n anunciara una decisi\u00f3n pr\u00f3ximamente\u2014 debe afrontar:<\/p>\n\n\n\n<ul class=\"wp-block-list\">\n<li><strong>Una multa m\u00ednima de 250.000 francos suizos<\/strong>.<\/li>\n\n\n\n<li><strong>Devoluci\u00f3n de todos los fondos recibidos<\/strong>\u00a0para su preparaci\u00f3n, incluyendo los\u00a0<strong>1,5 millones de d\u00f3lares otorgados por la FIFA<\/strong>\u00a0para gastos pretorneo.<\/li>\n<\/ul>\n\n\n\n<p>Estas medidas buscan proteger la integridad financiera del Mundial y evitar retiros sin justificaci\u00f3n reglamentaria.<\/p>\n\n\n\n<figure class=\"wp-block-image\"><img decoding=\"async\" src=\"https:\/\/www.canal26.com\/resizer\/v2\/DZEMY4RRLZG5RIR65NFN543G7A.png?auth=42b3f286a27772f04c14a5384a7be5a57c32bde60acfeb2cdf9d96a750e733c9&amp;smart=true&amp;width=450&amp;height=292&amp;quality=70\" alt=\"\"\/><figcaption class=\"wp-element-caption\">Mundial 2026&nbsp;Foto: EFE<\/figcaption><\/figure>\n\n\n\n<h3 class=\"wp-block-heading\"><strong>Medidas disciplinarias<\/strong><\/h3>\n\n\n\n<p>Adem\u00e1s de la multa, existe la posibilidad de que la federaci\u00f3n sea excluida de futuras competiciones organizadas por la FIFA, dependiendo de la gravedad del caso y su impacto organizativo.<\/p>\n\n\n\n<h2 class=\"wp-block-heading\">C\u00f3mo decide la FIFA qu\u00e9 selecci\u00f3n reemplaza una vacante<\/h2>\n\n\n\n<p>Una eventual decisi\u00f3n de Ir\u00e1n abrir\u00eda una pregunta clave:&nbsp;<strong>\u00bfqui\u00e9n ocupa su lugar?<\/strong><\/p>\n\n\n\n<p>El reglamento (art\u00edculo 6.7) indica que, ante el retiro de una selecci\u00f3n ya clasificada,&nbsp;<strong>la FIFA tiene la potestad total de decidir qu\u00e9 federaci\u00f3n la reemplaza<\/strong>, sin mecanismos autom\u00e1ticos como repechajes adicionales o ascenso directo de una selecci\u00f3n eliminada.<\/p>\n\n\n\n<p>Para ello, el organismo suele considerar:<\/p>\n\n\n\n<ul class=\"wp-block-list\">\n<li><strong>Criterios deportivos<\/strong>\u00a0(rendimiento en eliminatorias).<\/li>\n\n\n\n<li><strong>Equilibrio continental<\/strong>\u00a0(mantener distribuci\u00f3n de plazas).<\/li>\n\n\n\n<li><strong>Posicionamiento FIFA<\/strong>.<\/li>\n\n\n\n<li><strong>Continuidad log\u00edstica del grupo afectado<\/strong>.<\/li>\n<\/ul>\n\n\n\n<p>La prioridad es que el reemplazo surja de la&nbsp;<strong>Confederaci\u00f3n Asi\u00e1tica de F\u00fatbol (AFC)<\/strong>, ya que Ir\u00e1n ocupa un cupo asi\u00e1tico y sustituirlo con una selecci\u00f3n de otra confederaci\u00f3n alterar\u00eda el balance continental.<\/p>\n\n\n\n<h2 class=\"wp-block-heading\">Selecciones que analiza la FIFA si Ir\u00e1n no participa<\/h2>\n\n\n\n<h3 class=\"wp-block-heading\"><strong>1. Irak: el candidato m\u00e1s firme<\/strong><\/h3>\n\n\n\n<p>Irak aparece como primera opci\u00f3n debido a su rendimiento regional y su participaci\u00f3n en el repechaje asi\u00e1tico, que lo posiciona como el equipo mejor ubicado sin clasificaci\u00f3n directa.Los informes indican que ser\u00eda el principal beneficiado si la FIFA se ve obligada a designar un reemplazo dentro de la AFC.<\/p>\n\n\n\n<p>Irak incluso ya disput\u00f3 un repechaje que lo dej\u00f3 cerca de una plaza mundialista, lo cual refuerza su estatus como alternativa natural.<\/p>\n\n\n\n<h3 class=\"wp-block-heading\"><strong>2. Emiratos \u00c1rabes Unidos: el siguiente en la lista<\/strong><\/h3>\n\n\n\n<p>Si Irak finalmente accede al Mundial por la v\u00eda intercontinental, la selecci\u00f3n siguiente con mejor ubicaci\u00f3n ser\u00eda&nbsp;<strong>Emiratos \u00c1rabes Unidos (EAU)<\/strong>.La AFC y la FIFA consideran este criterio para mantener justicia deportiva, equilibrio y representaci\u00f3n asi\u00e1tica.<\/p>\n\n\n\n<figure class=\"wp-block-image\"><img decoding=\"async\" src=\"https:\/\/www.canal26.com\/resizer\/v2\/DQ36Y5RE3VDL5NNJKOPCZSLXV4.JPG?auth=61f898ac09072998468f3336ec8ad70a4c3fc7f78cab836d7e407d30d1fbabc3&amp;smart=true&amp;width=450&amp;height=300&amp;quality=70\" alt=\"\"\/><figcaption class=\"wp-element-caption\">Ir\u00e1n cuenta con el apoyo de dos potencias mundiales.&nbsp;Foto: via REUTERS<\/figcaption><\/figure>\n\n\n\n<h2 class=\"wp-block-heading\">Un caso casi in\u00e9dito en la historia del Mundial<\/h2>\n\n\n\n<p>Si Ir\u00e1n optara por no competir, estar\u00edamos frente a un acontecimiento extremadamente inusual.La \u00faltima vez que equipos clasificados renunciaron fue en&nbsp;<strong>1950<\/strong>, cuando Francia e India decidieron no participar, aunque en contextos muy distintos y sin conflictos b\u00e9licos involucrados.<\/p>\n\n\n\n<p>Esto explica por qu\u00e9 la FIFA act\u00faa con cautela:<\/p>\n\n\n\n<ul class=\"wp-block-list\">\n<li>debe evitar cambios bruscos en el formato,<\/li>\n\n\n\n<li>preservar compromisos comerciales con sedes, sponsors y televisores,<\/li>\n\n\n\n<li>y proteger la estabilidad del torneo m\u00e1s importante del planeta.<\/li>\n<\/ul>\n\n\n\n<h2 class=\"wp-block-heading\">C\u00f3mo impactar\u00eda la ausencia de Ir\u00e1n en el Grupo G<\/h2>\n\n\n\n<p>Ir\u00e1n est\u00e1 asignado al&nbsp;<strong>Grupo G<\/strong>, junto con&nbsp;<strong>B\u00e9lgica, Egipto y Nueva Zelanda<\/strong>.Una eventual modificaci\u00f3n obligar\u00eda a la FIFA a:<\/p>\n\n\n\n<ul class=\"wp-block-list\">\n<li>reasignar calendario,<\/li>\n\n\n\n<li>ajustar los partidos en Estados Unidos,<\/li>\n\n\n\n<li>garantizar que el reemplazo no altere la competitividad del grupo.<\/li>\n<\/ul>\n\n\n\n<p>En t\u00e9rminos de log\u00edstica, esto tendr\u00eda impacto directo en sedes como Los \u00c1ngeles y Seattle, donde Ir\u00e1n deb\u00eda disputar sus encuentros.<\/p>\n\n\n\n<h2 class=\"wp-block-heading\">Qu\u00e9 puede pasar en las pr\u00f3ximas semanas<\/h2>\n\n\n\n<p>A pesar de las dudas,&nbsp;<strong>no existe confirmaci\u00f3n oficial<\/strong>&nbsp;de baja por parte de Ir\u00e1n.Las autoridades deportivas del pa\u00eds analizan factores como:<\/p>\n\n\n\n<ul class=\"wp-block-list\">\n<li>seguridad en territorio estadounidense,<\/li>\n\n\n\n<li>visados para jugadores y cuerpo t\u00e9cnico,<\/li>\n\n\n\n<li>estabilidad pol\u00edtica interna,<\/li>\n\n\n\n<li>riesgos operativos vinculados a la guerra.<\/li>\n<\/ul>\n\n\n\n<p>La FIFA, por su parte, monitorea la situaci\u00f3n d\u00eda a d\u00eda y mantiene abiertas todas las alternativas.<\/p>\n\n\n\n<p>La incertidumbre sobre Ir\u00e1n en el Mundial 2026 se convirti\u00f3 en uno de los temas m\u00e1s buscados del torneo. Aunque la selecci\u00f3n&nbsp;<strong>no ha renunciado oficialmente<\/strong>, la FIFA ya eval\u00faa reemplazos, sanciones y escenarios competitivos. Irak y Emiratos \u00c1rabes Unidos se perfilan como las principales alternativas para cubrir una vacante que podr\u00eda alterar la historia reciente del f\u00fatbol mundial.<\/p>\n","protected":false},"excerpt":{"rendered":"<p>Aunque la selecci\u00f3n no ha renunciado oficialmente, la FIFA ya eval\u00faa reemplazos, sanciones y escenarios competitivos. La&nbsp;incertidumbre sobre la participaci\u00f3n de Ir\u00e1n en el&nbsp;Mundial 2026&nbsp;gener\u00f3&hellip; <\/p>\n","protected":false},"author":2,"featured_media":38065,"comment_status":"open","ping_status":"open","sticky":false,"template":"","format":"standard","meta":{"footnotes":""},"categories":[10,9],"tags":[],"class_list":["post-38064","post","type-post","status-publish","format-standard","has-post-thumbnail","hentry","category-deportes","category-destacadas"],"_links":{"self":[{"href":"https:\/\/lametro989.com\/index.php?rest_route=\/wp\/v2\/posts\/38064","targetHints":{"allow":["GET"]}}],"collection":[{"href":"https:\/\/lametro989.com\/index.php?rest_route=\/wp\/v2\/posts"}],"about":[{"href":"https:\/\/lametro989.com\/index.php?rest_route=\/wp\/v2\/types\/post"}],"author":[{"embeddable":true,"href":"https:\/\/lametro989.com\/index.php?rest_route=\/wp\/v2\/users\/2"}],"replies":[{"embeddable":true,"href":"https:\/\/lametro989.com\/index.php?rest_route=%2Fwp%2Fv2%2Fcomments&post=38064"}],"version-history":[{"count":1,"href":"https:\/\/lametro989.com\/index.php?rest_route=\/wp\/v2\/posts\/38064\/revisions"}],"predecessor-version":[{"id":38066,"href":"https:\/\/lametro989.com\/index.php?rest_route=\/wp\/v2\/posts\/38064\/revisions\/38066"}],"wp:featuredmedia":[{"embeddable":true,"href":"https:\/\/lametro989.com\/index.php?rest_route=\/wp\/v2\/media\/38065"}],"wp:attachment":[{"href":"https:\/\/lametro989.com\/index.php?rest_route=%2Fwp%2Fv2%2Fmedia&parent=38064"}],"wp:term":[{"taxonomy":"category","embeddable":true,"href":"https:\/\/lametro989.com\/index.php?rest_route=%2Fwp%2Fv2%2Fcategories&post=38064"},{"taxonomy":"post_tag","embeddable":true,"href":"https:\/\/lametro989.com\/index.php?rest_route=%2Fwp%2Fv2%2Ftags&post=38064"}],"curies":[{"name":"wp","href":"https:\/\/api.w.org\/{rel}","templated":true}]}}