{"id":38067,"date":"2026-03-11T12:21:31","date_gmt":"2026-03-11T15:21:31","guid":{"rendered":"https:\/\/lametro989.com\/?p=38067"},"modified":"2026-03-11T12:21:31","modified_gmt":"2026-03-11T15:21:31","slug":"fate-advirtio-al-gobierno-que-no-puede-garantizar-la-seguridad-del-material-radioactivo-que-esta-dentro-de-su-planta","status":"publish","type":"post","link":"https:\/\/lametro989.com\/?p=38067","title":{"rendered":"Fate advirti\u00f3 al Gobierno que no puede garantizar la seguridad del material radioactivo que est\u00e1 dentro de su planta"},"content":{"rendered":"\n<p>El escrito lleva la firma del presidente de la empresa, Javier Madanes Quintanilla, y est\u00e1 dirigido a la Autoridad Regulatoria Nuclear (ARN). La f\u00e1brica sigue tomada por el sindicato desde que se anunci\u00f3 su cierre<\/p>\n\n\n\n<figure class=\"wp-block-image size-full\"><img loading=\"lazy\" decoding=\"async\" width=\"992\" height=\"661\" src=\"https:\/\/lametro989.com\/wp-content\/uploads\/2026\/03\/image-90.png\" alt=\"\" class=\"wp-image-38068\" srcset=\"https:\/\/lametro989.com\/wp-content\/uploads\/2026\/03\/image-90.png 992w, https:\/\/lametro989.com\/wp-content\/uploads\/2026\/03\/image-90-300x200.png 300w, https:\/\/lametro989.com\/wp-content\/uploads\/2026\/03\/image-90-768x512.png 768w\" sizes=\"auto, (max-width: 992px) 100vw, 992px\" \/><\/figure>\n\n\n\n<p>Luego de que la Justicia revocara la orden de desalojo de la planta de\u00a0<strong>Fate\u00a0<\/strong>en\u00a0<strong>San Fernando<\/strong>, el presidente de la empresa,\u00a0<strong>Javier Madanes Quintanilla<\/strong>, advirti\u00f3 que no se pod\u00edan garantizar\u00a0<strong>las condiciones de seguridad radiol\u00f3gica y f\u00edsica<\/strong>\u00a0exigidas para el funcionamiento de un acelerador lineal de electrones al apuntar que la f\u00e1brica estaba \u201cusurpada\u201d. La advertencia fue presentada en una carta que Madanes Quintanilla envi\u00f3 a la\u00a0<strong>Autoridad Regulatoria Nuclear (ARN)\u00a0<\/strong>el martes por la noche. En el escrito, informaron que en las instalaciones se encuentra \u201cun equipo acelerador lineal de electrones de 500 KeV &#8211; 100mA para uso industrial\u201d y alertaron por el potencial riesgo de su uso al no tener acceso al predio. Si bien el presidente de Fate reconoce que, como licenciatarios, son responsables de \u201cla seguridad radiol\u00f3gica y f\u00edsica\u201d, y del \u201cuso de los materiales radiactivos y radiaciones ionizantes autorizados\u201d, aseguraron que esto no ser\u00eda posible porque<strong>\u00a0la \u201cplanta industrial se encuentra usurpada\u201d<\/strong>. \u201cPonemos en vuestro conocimiento que no podemos garantizar las condiciones de seguridad ni la diligencia debida necesaria e impuesta por el r\u00e9gimen aplicable con relaci\u00f3n al equipo cuya licencia nos ha sido otorgada\u201d, reiteraron al agregar que, entre sus responsabilidades, tambi\u00e9n reca\u00eda la tarea de contar un ambiente apropiado y personal id\u00f3neo para ejecutar el acelerador. La carta de Fate a la ARN se habr\u00eda emitido horas despu\u00e9s de que la Sala II de la C\u00e1mara de Apelaci\u00f3n y Garant\u00edas en lo Penal de San Isidro fallara en contra del desalojo de trabajadores y representantes del\u00a0<strong>Sindicato \u00danico de Trabajadores del Neum\u00e1tico Argentino (SUTNA)<\/strong>, que desde el 19 de febrero mantienen ocupada la f\u00e1brica ubicada en San Fernando. La decisi\u00f3n represent\u00f3 un respaldo judicial al ejercicio del derecho a huelga, tras argumentar que se trata de una expresi\u00f3n leg\u00edtima de acci\u00f3n sindical. Adem\u00e1s, negaron que la causa correspondiera al fuero penal, ya que se trataba de&nbsp;<strong>un conflicto laboral que involucra el despido de hasta 920 operarios.<\/strong><\/p>\n\n\n\n<p>El tribunal, conformado por los jueces&nbsp;<strong>Juan Stepaniuc<\/strong>,&nbsp;<strong>Luis Cayuela<\/strong>&nbsp;y&nbsp;<strong>Leonardo Pitlevnik<\/strong>, sostuvo en su resoluci\u00f3n que \u201cla huelga, como expresi\u00f3n m\u00e1s pura del reclamo, se encuentra reconocida como derecho en el art\u00edculo 14 bis de la CN y se trata de un medio de acci\u00f3n directa, de car\u00e1cter colectivo, destinada a preservar o conquistar derechos o intereses de los trabajadores\u201d.<\/p>\n\n\n\n<p>De esta manera, la sentencia de la Sala II de la C\u00e1mara de Apelaci\u00f3n y Garant\u00eda en lo Penal de San Isidro revoc\u00f3 un fallo anterior de primera instancia que ordenaba la expulsi\u00f3n de quienes desde febrero se encuentran en el predio industrial defendiendo sus fuentes de trabajo.<img loading=\"lazy\" decoding=\"async\" alt=\"Los trabajadores y SUTNA mantienen\" height=\"4000\" src=\"https:\/\/www.infobae.com\/resizer\/v2\/FGII7MA5RRDKFOR6NEWY2UJ3GU.jpg?auth=658ee722d4aa0c03ba5b8acc8fc433bd70261066d9f2ae813d7f81383c01b337&amp;smart=true&amp;width=350&amp;height=233&amp;quality=85\" width=\"6000\">Los trabajadores y SUTNA mantienen la ocupaci\u00f3n de la f\u00e1brica para evitar el cierre (RSFotos)<\/p>\n\n\n\n<p>Este no es el \u00fanico rev\u00e9s que sufri\u00f3 la empresa productora de neum\u00e1ticos durante la jornada del martes, debido a que&nbsp;<strong>el Gobierno nacional tambi\u00e9n confirm\u00f3 que ser\u00e1n multados por no haber pagado los sueldos durante la etapa de conciliaci\u00f3n obligatoria<\/strong>.<\/p>\n\n\n\n<p>\u201cSe ha iniciado el sumario correspondiente a la empresa Fate por el incumplimiento de pago de los salarios correspondientes a la segunda quincena de febrero, lo cual consiste en una violaci\u00f3n de la conciliaci\u00f3n obligatoria dictada oportunamente\u201d, anunci\u00f3 el ministerio de Capital Humano, al agregar que la instancia ser\u00eda prorrogada por cinco d\u00edas m\u00e1s. Es decir, en lugar de vencer este 11 de marzo, lo har\u00e1 el 16 de este mes.<\/p>\n\n\n\n<p>Asimismo, explicaron que la sanci\u00f3n ser\u00e1 calculada a partir del art\u00edculo 4\u00ba del r\u00e9gimen general de sanciones por infracciones laborales, ratificado por la Ley N\u00ba 25.212, que representa una multa del 50% al 2000% del valor mensual del salario m\u00ednimo, vital y m\u00f3vil por cada trabajador afectado.<\/p>\n\n\n\n<p>Finalmente, las autoridades explicaron que se \u201ccontempla dicha sanci\u00f3n a la empresa con el objetivo de resguardar el inter\u00e9s general y garantizar el cumplimiento de la normativa laboral vigente\u201d. Y concluyeron que la conciliaci\u00f3n buscar\u00e1 \u201cpreservar el di\u00e1logo, evitar la profundizaci\u00f3n del conflicto y favorecer el cumplimiento de las obligaciones laborales\u201d.<\/p>\n\n\n\n<p>Ante la consulta de&nbsp;<strong>Infobae&nbsp;<\/strong>horas antes de este comunicado del ministerio de Capital Humano, fuentes de la empresa precisaron que no se les estaba pagando el sueldo a los empleados que a\u00fan no hab\u00edan resuelto su salida debido a que el salario se abona contra la realizaci\u00f3n de un trabajo y la planta se mantiene tomada por el gremio. La empresa, agregaron las fuentes, ofreci\u00f3 pagar un adelanto, pero no fue aceptado. \u201cEs un tema que tiene que resolver el Gobierno porque no est\u00e1n trabajando y, por otra parte, la empresa ya hab\u00eda dispuesto el cierre\u201d, afirm\u00f3 una fuente de la compa\u00f1\u00eda. Horas despu\u00e9s, lleg\u00f3 el comunicado con la decisi\u00f3n de la multa.<\/p>\n\n\n\n<p>De los 920 empleados que Fate ten\u00eda hasta la decisi\u00f3n de cerrar, unos 380 a\u00fan no acordaron su salida. La indemnizaci\u00f3n se est\u00e1 pagando bajo la ley anterior, que era m\u00e1s beneficioso que la dispuesta con la actual reforma laboral, aclararon las fuentes. De todos modos, poco menos de la mitad a\u00fan se resisten. La empresa, sin embargo, insiste con negociaciones individuales para lograr que se vayan sumando cada vez m\u00e1s trabajadores.<\/p>\n","protected":false},"excerpt":{"rendered":"<p>El escrito lleva la firma del presidente de la empresa, Javier Madanes Quintanilla, y est\u00e1 dirigido a la Autoridad Regulatoria Nuclear (ARN). La f\u00e1brica sigue&hellip; <\/p>\n","protected":false},"author":2,"featured_media":38068,"comment_status":"open","ping_status":"open","sticky":false,"template":"","format":"standard","meta":{"footnotes":""},"categories":[9,5],"tags":[],"class_list":["post-38067","post","type-post","status-publish","format-standard","has-post-thumbnail","hentry","category-destacadas","category-politica"],"_links":{"self":[{"href":"https:\/\/lametro989.com\/index.php?rest_route=\/wp\/v2\/posts\/38067","targetHints":{"allow":["GET"]}}],"collection":[{"href":"https:\/\/lametro989.com\/index.php?rest_route=\/wp\/v2\/posts"}],"about":[{"href":"https:\/\/lametro989.com\/index.php?rest_route=\/wp\/v2\/types\/post"}],"author":[{"embeddable":true,"href":"https:\/\/lametro989.com\/index.php?rest_route=\/wp\/v2\/users\/2"}],"replies":[{"embeddable":true,"href":"https:\/\/lametro989.com\/index.php?rest_route=%2Fwp%2Fv2%2Fcomments&post=38067"}],"version-history":[{"count":1,"href":"https:\/\/lametro989.com\/index.php?rest_route=\/wp\/v2\/posts\/38067\/revisions"}],"predecessor-version":[{"id":38069,"href":"https:\/\/lametro989.com\/index.php?rest_route=\/wp\/v2\/posts\/38067\/revisions\/38069"}],"wp:featuredmedia":[{"embeddable":true,"href":"https:\/\/lametro989.com\/index.php?rest_route=\/wp\/v2\/media\/38068"}],"wp:attachment":[{"href":"https:\/\/lametro989.com\/index.php?rest_route=%2Fwp%2Fv2%2Fmedia&parent=38067"}],"wp:term":[{"taxonomy":"category","embeddable":true,"href":"https:\/\/lametro989.com\/index.php?rest_route=%2Fwp%2Fv2%2Fcategories&post=38067"},{"taxonomy":"post_tag","embeddable":true,"href":"https:\/\/lametro989.com\/index.php?rest_route=%2Fwp%2Fv2%2Ftags&post=38067"}],"curies":[{"name":"wp","href":"https:\/\/api.w.org\/{rel}","templated":true}]}}