{"id":38076,"date":"2026-03-11T12:57:22","date_gmt":"2026-03-11T15:57:22","guid":{"rendered":"https:\/\/lametro989.com\/?p=38076"},"modified":"2026-03-11T12:57:22","modified_gmt":"2026-03-11T15:57:22","slug":"el-mensaje-de-claudio-ubeda-que-ilusiono-a-los-hinchas-de-boca-en-la-previa-del-clasico-con-san-lorenzo","status":"publish","type":"post","link":"https:\/\/lametro989.com\/?p=38076","title":{"rendered":"El mensaje de Claudio \u00dabeda que ilusion\u00f3 a los hinchas de Boca en la previa del cl\u00e1sico con San Lorenzo"},"content":{"rendered":"\n<p>El DT habl\u00f3 del momento del equipo antes de recibir esta noche al Cicl\u00f3n por d\u00e9cima fecha del Torneo Apertura.<\/p>\n\n\n\n<figure class=\"wp-block-image size-large\"><img loading=\"lazy\" decoding=\"async\" width=\"1024\" height=\"573\" src=\"https:\/\/lametro989.com\/wp-content\/uploads\/2026\/03\/image-93-1024x573.png\" alt=\"\" class=\"wp-image-38077\" srcset=\"https:\/\/lametro989.com\/wp-content\/uploads\/2026\/03\/image-93-1024x573.png 1024w, https:\/\/lametro989.com\/wp-content\/uploads\/2026\/03\/image-93-300x168.png 300w, https:\/\/lametro989.com\/wp-content\/uploads\/2026\/03\/image-93-768x430.png 768w, https:\/\/lametro989.com\/wp-content\/uploads\/2026\/03\/image-93.png 1440w\" sizes=\"auto, (max-width: 1024px) 100vw, 1024px\" \/><\/figure>\n\n\n\n<p>En la previa del cl\u00e1sico frente a&nbsp;<a href=\"https:\/\/tn.com.ar\/tags\/san-lorenzo\/\"><strong>San Lorenzo<\/strong><\/a>,&nbsp;<strong>Claudio \u00dabeda<\/strong>&nbsp;analiz\u00f3 el presente de<a href=\"https:\/\/tn.com.ar\/tags\/boca-juniors\/\" target=\"_blank\" rel=\"noreferrer noopener\"><strong>Boca<\/strong><\/a>e hizo un balance que encendi\u00f3 la ilusi\u00f3n de los hinchas antes del inicio de un tramo decisivo del primer semestre del a\u00f1o. El entrenador asegur\u00f3 que el plantel llega con mucha confianza al encuentro de este mi\u00e9rcoles en la Bombonera, correspondiente a la fecha 10 del Torneo Apertura, despu\u00e9s de la mejor\u00eda evidenciada en los \u00faltimos compromisos.<\/p>\n\n\n\n<p>\u201c<strong>Los chicos est\u00e1n bien. Se not\u00f3 una buena evoluci\u00f3n a partir del partido de Copa Argentina&nbsp;<\/strong>(vs. Gimnasia de Chivilcoy). En ese encuentro pudimos haber hecho m\u00e1s goles y despu\u00e9s, en el empate con Gimnasia de Mendoza en la Bombonera, tambi\u00e9n generamos muchas situaciones&#8221;, introdujo \u00dabeda en di\u00e1logo con el&nbsp;<em>Canal de Boca<\/em>.<\/p>\n\n\n\n<figure class=\"wp-block-image\"><img decoding=\"async\" src=\"https:\/\/tn.com.ar\/resizer\/v2\/claudio-ubeda-apunto-al-gol-anulado-de-boca-ante-gimnasia-y-contradijo-la-decision-del-arbitro-foto-fotobaires-2BYFFK54FBDFXMXLZNJRR5SOIU.jpg?auth=0bc7c189b1fdf6cca0b6d02ef93c21c5971aa9b7938420859453f75c14be4153&amp;width=767\" alt=\"Claudio \u00dabeda apunt\u00f3 al gol anulado de Boca ante Gimnasia y contradijo la decisi\u00f3n del \u00e1rbitro. (Foto: Fotobaires)\"\/><figcaption class=\"wp-element-caption\">Claudio \u00dabeda apunt\u00f3 al gol anulado de Boca ante Gimnasia y contradijo la decisi\u00f3n del \u00e1rbitro. (Foto: Fotobaires)<\/figcaption><\/figure>\n\n\n\n<h2 class=\"wp-block-heading\"><strong>\u201cLos jugadores est\u00e1n con confianza\u201d<\/strong><\/h2>\n\n\n\n<p>El DT remarc\u00f3 que el equipo hizo un click y llega fortalecido al inicio de una etapa exigente del calendario. \u201c<strong>Los jugadores est\u00e1n con confianza. Estamos en la mitad del torneo y vamos a entrar en la mejor parte, donde empiezan las etapas de definiciones.<\/strong>\u00a0Tambi\u00e9n se viene la Copa Libertadores y vamos a tener un traj\u00edn importante de partidos\u201d, asumi\u00f3. En su evaluaci\u00f3n positiva, el entrenador consider\u00f3 clave la \u00faltima goleada ante Lan\u00fas -reciente campe\u00f3n de la Recopa Sudamericana- en la Fortaleza. \u201cEl equipo siempre tuvo opciones de juego, gener\u00f3 opciones de gol, se lo vio suelto, con confianza y se impuso en un partido de suma importancia contra un rival que ven\u00eda de ganar una final.&nbsp;<strong>Creo que eso levant\u00f3 mucho el autoestima<\/strong>\u201d, destac\u00f3.<\/p>\n\n\n\n<h2 class=\"wp-block-heading\"><strong>La probable formaci\u00f3n de Boca vs. San Lorenzo, por el Torneo Apertura<\/strong><\/h2>\n\n\n\n<p>Agust\u00edn&nbsp;<strong>Marches\u00edn<\/strong>; Marcelo&nbsp;<strong>Weigandt<\/strong>, Lautaro&nbsp;<strong>Di Lollo<\/strong>, Ayrton&nbsp;<strong>Costa<\/strong>, Lautaro&nbsp;<strong>Blanco<\/strong>; Leandro&nbsp;<strong>Paredes<\/strong>, Santiago&nbsp;<strong>Ascac\u00edbar<\/strong>, Milton&nbsp;<strong>Delgado<\/strong>; Tom\u00e1s&nbsp;<strong>Aranda<\/strong>; Miguel&nbsp;<strong>Merentiel&nbsp;<\/strong>y Adam&nbsp;<strong>Bareiro.&nbsp;<\/strong>DT: Claudio&nbsp;<strong>\u00dabeda<\/strong>.<\/p>\n\n\n\n<h2 class=\"wp-block-heading\"><strong>Boca vs. San Lorenzo, por el Torneo Apertura: hora, TV y \u00e1rbitro<\/strong><\/h2>\n\n\n\n<p>Estadio: La Bombonera<\/p>\n\n\n\n<p>Hora: 19.45<\/p>\n\n\n\n<p>TV: ESPN Premium<\/p>\n\n\n\n<p>\u00c1rbitro: Pablo Echavarr\u00eda<\/p>\n\n\n\n<p>VAR: Silvio Trucco<\/p>\n","protected":false},"excerpt":{"rendered":"<p>El DT habl\u00f3 del momento del equipo antes de recibir esta noche al Cicl\u00f3n por d\u00e9cima fecha del Torneo Apertura. En la previa del cl\u00e1sico&hellip; <\/p>\n","protected":false},"author":2,"featured_media":38077,"comment_status":"open","ping_status":"open","sticky":false,"template":"","format":"standard","meta":{"footnotes":""},"categories":[10],"tags":[],"class_list":["post-38076","post","type-post","status-publish","format-standard","has-post-thumbnail","hentry","category-deportes"],"_links":{"self":[{"href":"https:\/\/lametro989.com\/index.php?rest_route=\/wp\/v2\/posts\/38076","targetHints":{"allow":["GET"]}}],"collection":[{"href":"https:\/\/lametro989.com\/index.php?rest_route=\/wp\/v2\/posts"}],"about":[{"href":"https:\/\/lametro989.com\/index.php?rest_route=\/wp\/v2\/types\/post"}],"author":[{"embeddable":true,"href":"https:\/\/lametro989.com\/index.php?rest_route=\/wp\/v2\/users\/2"}],"replies":[{"embeddable":true,"href":"https:\/\/lametro989.com\/index.php?rest_route=%2Fwp%2Fv2%2Fcomments&post=38076"}],"version-history":[{"count":1,"href":"https:\/\/lametro989.com\/index.php?rest_route=\/wp\/v2\/posts\/38076\/revisions"}],"predecessor-version":[{"id":38078,"href":"https:\/\/lametro989.com\/index.php?rest_route=\/wp\/v2\/posts\/38076\/revisions\/38078"}],"wp:featuredmedia":[{"embeddable":true,"href":"https:\/\/lametro989.com\/index.php?rest_route=\/wp\/v2\/media\/38077"}],"wp:attachment":[{"href":"https:\/\/lametro989.com\/index.php?rest_route=%2Fwp%2Fv2%2Fmedia&parent=38076"}],"wp:term":[{"taxonomy":"category","embeddable":true,"href":"https:\/\/lametro989.com\/index.php?rest_route=%2Fwp%2Fv2%2Fcategories&post=38076"},{"taxonomy":"post_tag","embeddable":true,"href":"https:\/\/lametro989.com\/index.php?rest_route=%2Fwp%2Fv2%2Ftags&post=38076"}],"curies":[{"name":"wp","href":"https:\/\/api.w.org\/{rel}","templated":true}]}}