{"id":38083,"date":"2026-03-12T07:17:11","date_gmt":"2026-03-12T10:17:11","guid":{"rendered":"https:\/\/lametro989.com\/?p=38083"},"modified":"2026-03-12T07:21:07","modified_gmt":"2026-03-12T10:21:07","slug":"caso-elvis-benitez-citaron-a-declarar-a-la-jefa-de-anses-resistencia","status":"publish","type":"post","link":"https:\/\/lametro989.com\/?p=38083","title":{"rendered":"Caso Elvis Ben\u00edtez: citaron a declarar a la jefa de ANSES Resistencia"},"content":{"rendered":"\n<p><em>La fiscal\u00eda convoc\u00f3 a Estela Orellana para que preste declaraci\u00f3n testimonial en la investigaci\u00f3n por la desaparici\u00f3n del joven. El llamado se da tras el pedido de informes para determinar qui\u00e9n abri\u00f3 una cuenta bancaria con los datos de Elvis en 2025.<\/em><\/p>\n\n\n\n<figure class=\"wp-block-image size-full\"><img loading=\"lazy\" decoding=\"async\" width=\"850\" height=\"477\" src=\"https:\/\/lametro989.com\/wp-content\/uploads\/2026\/03\/image-95.png\" alt=\"\" class=\"wp-image-38084\" srcset=\"https:\/\/lametro989.com\/wp-content\/uploads\/2026\/03\/image-95.png 850w, https:\/\/lametro989.com\/wp-content\/uploads\/2026\/03\/image-95-300x168.png 300w, https:\/\/lametro989.com\/wp-content\/uploads\/2026\/03\/image-95-768x431.png 768w\" sizes=\"auto, (max-width: 850px) 100vw, 850px\" \/><\/figure>\n\n\n\n<p>La investigaci\u00f3n por la desaparici\u00f3n de\u00a0<strong>Elvis Ben\u00edtez,<\/strong>\u00a0ocurrida en diciembre de 2017 en Resistencia, avanza para esclarecer una de las inc\u00f3gnitas que surgieron recientemente en el expediente. Seg\u00fan documentaci\u00f3n a la que accedi\u00f3\u00a0ese medio ,\u00a0<strong>la fiscal\u00eda cit\u00f3 a declarar a Estela Orellana, jefa de la oficina central de ANSES en Resistencia,<\/strong>\u00a0en el marco de la causa que investiga qu\u00e9 ocurri\u00f3 con el joven desaparecido hace m\u00e1s de ocho a\u00f1os.<\/p>\n\n\n\n<p>La funcionaria fue convocada para prestar declaraci\u00f3n testimonial este jueves a las 8 de la ma\u00f1ana. La citaci\u00f3n surge luego de que el Ministerio P\u00fablico Fiscal librara un oficio a ANSES para que informe si ese organismo tuvo alg\u00fan tipo de participaci\u00f3n en la apertura de una cuenta bancaria vinculada a los datos personales de Elvis Ben\u00edtez.<\/p>\n\n\n\n<p>De acuerdo con la documentaci\u00f3n judicial,&nbsp;<strong>el pedido apunta a esclarecer lo informado por el Banco Patagonia, entidad que se\u00f1al\u00f3 la existencia de una cuenta sueldo y previsional ANSES abierta en 2019, adem\u00e1s de la posterior apertura de una cuenta en d\u00f3lares durante 2025 asociada al mismo n\u00famero.<\/strong>&nbsp;<\/p>\n\n\n\n<p>La fiscal\u00eda solicit\u00f3 espec\u00edficamente que ANSES informe si la apertura de esa cuenta en d\u00f3lares fue realizada de manera masiva por el organismo durante 2025, o si se trat\u00f3 de un tr\u00e1mite solicitado por un particular.<\/p>\n\n\n\n<p>En caso de que la gesti\u00f3n haya sido realizada por una persona, la Justicia pidi\u00f3 que se identifique qui\u00e9n solicit\u00f3 la apertura de la cuenta, incluyendo nombre, DNI y domicilio.<\/p>\n\n\n\n<h2 class=\"wp-block-heading\">Una l\u00ednea de investigaci\u00f3n que cambia el foco del caso<\/h2>\n\n\n\n<p>La aparici\u00f3n de esta cuenta gener\u00f3 un fuerte impacto en la causa. Seg\u00fan se inform\u00f3 en la investigaci\u00f3n, existen al menos dos cuentas vinculadas a los datos de Elvis Ben\u00edtez: una cuenta sueldo abierta en 2019 y una cuenta en d\u00f3lares creada en marzo de 2025 en el Banco Patagonia, en la Ciudad de Buenos Aires.<\/p>\n\n\n\n<p>El dato resulta llamativo porque Elvis permanece desaparecido desde 2017, lo que abre interrogantes sobre qui\u00e9n utiliz\u00f3 sus datos personales para realizar esa operatoria bancaria.<\/p>\n","protected":false},"excerpt":{"rendered":"<p>La fiscal\u00eda convoc\u00f3 a Estela Orellana para que preste declaraci\u00f3n testimonial en la investigaci\u00f3n por la desaparici\u00f3n del joven. El llamado se da tras el&hellip; <\/p>\n","protected":false},"author":2,"featured_media":38084,"comment_status":"open","ping_status":"open","sticky":false,"template":"","format":"standard","meta":{"footnotes":""},"categories":[9,2],"tags":[],"class_list":["post-38083","post","type-post","status-publish","format-standard","has-post-thumbnail","hentry","category-destacadas","category-provinciales"],"_links":{"self":[{"href":"https:\/\/lametro989.com\/index.php?rest_route=\/wp\/v2\/posts\/38083","targetHints":{"allow":["GET"]}}],"collection":[{"href":"https:\/\/lametro989.com\/index.php?rest_route=\/wp\/v2\/posts"}],"about":[{"href":"https:\/\/lametro989.com\/index.php?rest_route=\/wp\/v2\/types\/post"}],"author":[{"embeddable":true,"href":"https:\/\/lametro989.com\/index.php?rest_route=\/wp\/v2\/users\/2"}],"replies":[{"embeddable":true,"href":"https:\/\/lametro989.com\/index.php?rest_route=%2Fwp%2Fv2%2Fcomments&post=38083"}],"version-history":[{"count":3,"href":"https:\/\/lametro989.com\/index.php?rest_route=\/wp\/v2\/posts\/38083\/revisions"}],"predecessor-version":[{"id":38087,"href":"https:\/\/lametro989.com\/index.php?rest_route=\/wp\/v2\/posts\/38083\/revisions\/38087"}],"wp:featuredmedia":[{"embeddable":true,"href":"https:\/\/lametro989.com\/index.php?rest_route=\/wp\/v2\/media\/38084"}],"wp:attachment":[{"href":"https:\/\/lametro989.com\/index.php?rest_route=%2Fwp%2Fv2%2Fmedia&parent=38083"}],"wp:term":[{"taxonomy":"category","embeddable":true,"href":"https:\/\/lametro989.com\/index.php?rest_route=%2Fwp%2Fv2%2Fcategories&post=38083"},{"taxonomy":"post_tag","embeddable":true,"href":"https:\/\/lametro989.com\/index.php?rest_route=%2Fwp%2Fv2%2Ftags&post=38083"}],"curies":[{"name":"wp","href":"https:\/\/api.w.org\/{rel}","templated":true}]}}