{"id":38088,"date":"2026-03-12T07:25:06","date_gmt":"2026-03-12T10:25:06","guid":{"rendered":"https:\/\/lametro989.com\/?p=38088"},"modified":"2026-03-12T07:25:06","modified_gmt":"2026-03-12T10:25:06","slug":"de-las-denuncias-de-corrupcion-a-un-conflicto-anuncian-paros-de-prestadores-en-discapacidad","status":"publish","type":"post","link":"https:\/\/lametro989.com\/?p=38088","title":{"rendered":"De las denuncias de corrupci\u00f3n a un conflicto: anuncian paros de prestadores en Discapacidad"},"content":{"rendered":"\n<p>Mientras los prestadores denunciaron falta de pagos, el Ministerio de Salud asegura estar reordenando \u201cla pol\u00edtica de discapacidad\u201d y desde el PAMI anticiparon que hay un \u201cpago programado para el viernes\u201d. Seg\u00fan informaron, el cese de actividades se realizar\u00e1 los d\u00edas viernes 13, mi\u00e9rcoles 18 y jueves 19 de marzo.<\/p>\n\n\n\n<figure class=\"wp-block-image size-full\"><img loading=\"lazy\" decoding=\"async\" width=\"700\" height=\"474\" src=\"https:\/\/lametro989.com\/wp-content\/uploads\/2026\/03\/image-96.png\" alt=\"\" class=\"wp-image-38089\" srcset=\"https:\/\/lametro989.com\/wp-content\/uploads\/2026\/03\/image-96.png 700w, https:\/\/lametro989.com\/wp-content\/uploads\/2026\/03\/image-96-300x203.png 300w\" sizes=\"auto, (max-width: 700px) 100vw, 700px\" \/><\/figure>\n\n\n\n<p>Prestadores nucleados en el Foro Permanente para la Promoci\u00f3n y la Defensa de los Derechos de las Personas con Discapacidad anunciaron este mi\u00e9rcoles un cese de actividades a lo largo de tres d\u00edas en marzo tras denunciar deudas de PAMI, Incluir Salud y pensiones no contributivas. La medida busca reclamar el pago inmediato de prestaciones adeudadas. Fuentes del Ministerio de Salud dijeron a El Destape que la cartera sanitaria \u201cviene trabajando en reordenar la pol\u00edtica de discapacidad\u201d y que, en ese marco, se decidi\u00f3 incorporar la Agencia Nacional de Discapacidad (Andis) a la \u00f3rbita del ministerio con el objetivo de \u201ctransparentar la gesti\u00f3n y garantizar las coberturas\u201d. Desde Salud afirmaron que las prestaciones para personas con discapacidad \u201cest\u00e1n garantizadas\u201d y que no existe ninguna decisi\u00f3n de afectar coberturas.<\/p>\n\n\n\n<p>\u201cEn los \u00faltimos d\u00edas se estuvo avanzando con pagos a varios prestadores saldando lo adeudado de octubre y noviembre, y se sigue trabajando para avanzar en el pago de los restantes prestadores y per\u00edodos\u201d, agregaron. En paralelo, desde el PAMI indicaron en di\u00e1logo con el medio porte\u00f1o que \u201chay un pago programado para el viernes\u201d.<\/p>\n\n\n\n<p>El reclamo del Foro fue presentado durante una conferencia de prensa realizada en la Ciudad de Buenos Aires, donde representantes de instituciones, familiares y activistas alertaron sobre la situaci\u00f3n financiera que atraviesa el sector. Seg\u00fan informaron, el cese de actividades se realizar\u00e1 los d\u00edas viernes 13, mi\u00e9rcoles 18 y jueves 19 de marzo.<\/p>\n\n\n\n<p>Durante esas jornadas, numerosos prestadores \u2014entre ellos escuelas especiales, centros de d\u00eda, centros terap\u00e9uticos y transportistas\u2014 no brindar\u00e1n servicios como forma de protesta por la falta de pago de prestaciones que denuncian. Las organizaciones sostienen que el sistema depende en gran medida de los fondos que deben transferir organismos p\u00fablicos y obras sociales, por lo que la interrupci\u00f3n de esos pagos genera un impacto inmediato en el funcionamiento de las instituciones.<\/p>\n\n\n\n<p><strong>La palabra de los familiares<\/strong><\/p>\n\n\n\n<p>Durante la conferencia, la representante de la Asociaci\u00f3n de Padres DINAD, Adriana Salomone, describi\u00f3 la gravedad del escenario que enfrentan las instituciones. \u201cLa situaci\u00f3n es como un tren: la locomotora son el Estado y las obras sociales, que tienen que poner en marcha el motor con los recursos para sostener la asistencia. En el medio est\u00e1n las personas con discapacidad y atr\u00e1s todos los trabajadores: enfermeras, profesionales, docentes, terapeutas. Si quienes tienen que pagar frenan el tren de golpe, todo el sistema se paraliza\u201d, explic\u00f3.<\/p>\n\n\n\n<p>Y agreg\u00f3 una comparaci\u00f3n para graficar la crisis: \u201cEs como ir a 180 kil\u00f3metros por hora y poner el freno de mano: nos matamos todos\u201d. Salomone se\u00f1al\u00f3 que muchas organizaciones dependen casi por completo de estos ingresos para sostener su funcionamiento diario.<\/p>\n","protected":false},"excerpt":{"rendered":"<p>Mientras los prestadores denunciaron falta de pagos, el Ministerio de Salud asegura estar reordenando \u201cla pol\u00edtica de discapacidad\u201d y desde el PAMI anticiparon que hay&hellip; <\/p>\n","protected":false},"author":2,"featured_media":38089,"comment_status":"open","ping_status":"open","sticky":false,"template":"","format":"standard","meta":{"footnotes":""},"categories":[9,13],"tags":[],"class_list":["post-38088","post","type-post","status-publish","format-standard","has-post-thumbnail","hentry","category-destacadas","category-nacionales"],"_links":{"self":[{"href":"https:\/\/lametro989.com\/index.php?rest_route=\/wp\/v2\/posts\/38088","targetHints":{"allow":["GET"]}}],"collection":[{"href":"https:\/\/lametro989.com\/index.php?rest_route=\/wp\/v2\/posts"}],"about":[{"href":"https:\/\/lametro989.com\/index.php?rest_route=\/wp\/v2\/types\/post"}],"author":[{"embeddable":true,"href":"https:\/\/lametro989.com\/index.php?rest_route=\/wp\/v2\/users\/2"}],"replies":[{"embeddable":true,"href":"https:\/\/lametro989.com\/index.php?rest_route=%2Fwp%2Fv2%2Fcomments&post=38088"}],"version-history":[{"count":1,"href":"https:\/\/lametro989.com\/index.php?rest_route=\/wp\/v2\/posts\/38088\/revisions"}],"predecessor-version":[{"id":38090,"href":"https:\/\/lametro989.com\/index.php?rest_route=\/wp\/v2\/posts\/38088\/revisions\/38090"}],"wp:featuredmedia":[{"embeddable":true,"href":"https:\/\/lametro989.com\/index.php?rest_route=\/wp\/v2\/media\/38089"}],"wp:attachment":[{"href":"https:\/\/lametro989.com\/index.php?rest_route=%2Fwp%2Fv2%2Fmedia&parent=38088"}],"wp:term":[{"taxonomy":"category","embeddable":true,"href":"https:\/\/lametro989.com\/index.php?rest_route=%2Fwp%2Fv2%2Fcategories&post=38088"},{"taxonomy":"post_tag","embeddable":true,"href":"https:\/\/lametro989.com\/index.php?rest_route=%2Fwp%2Fv2%2Ftags&post=38088"}],"curies":[{"name":"wp","href":"https:\/\/api.w.org\/{rel}","templated":true}]}}