{"id":38091,"date":"2026-03-12T07:30:32","date_gmt":"2026-03-12T10:30:32","guid":{"rendered":"https:\/\/lametro989.com\/?p=38091"},"modified":"2026-03-12T07:30:32","modified_gmt":"2026-03-12T10:30:32","slug":"en-el-nea-mas-del-60-de-los-asalariados-se-saltea-comidas-o-ingiere-alimentos-poco-nutritivos","status":"publish","type":"post","link":"https:\/\/lametro989.com\/?p=38091","title":{"rendered":"En el NEA, m\u00e1s del 60% de los asalariados se saltea\u00a0comidas o ingiere alimentos poco nutritivos"},"content":{"rendered":"\n<p><em><strong>En la regi\u00f3n, el 50% de los trabajadores directamente no come en su \u00e1mbito laboral. Los datos surgen de la primera encuesta nacional sobre alimentaci\u00f3n y comensalidad realizada por el Observatorio de la Deuda Social Argentina de la UCA y Edenred Argentina.<\/strong>\u00a0<\/em><\/p>\n\n\n\n<figure class=\"wp-block-image size-full\"><img loading=\"lazy\" decoding=\"async\" width=\"790\" height=\"444\" src=\"https:\/\/lametro989.com\/wp-content\/uploads\/2026\/03\/image-97.png\" alt=\"\" class=\"wp-image-38092\" srcset=\"https:\/\/lametro989.com\/wp-content\/uploads\/2026\/03\/image-97.png 790w, https:\/\/lametro989.com\/wp-content\/uploads\/2026\/03\/image-97-300x169.png 300w, https:\/\/lametro989.com\/wp-content\/uploads\/2026\/03\/image-97-768x432.png 768w\" sizes=\"auto, (max-width: 790px) 100vw, 790px\" \/><\/figure>\n\n\n\n<p><strong>M\u00e1s del 60% de los trabajadores del NEA presentan una doble privaci\u00f3n por cuestiones econ\u00f3micas a la hora de alimentarse en los \u00e1mbitos laborales.<\/strong>\u00a0Se trata de uno de los datos m\u00e1s cr\u00edticos que surgen de la primera encuesta sobre alimentaci\u00f3n y comensalidad en poblaci\u00f3n asalariada del pa\u00eds, una investigaci\u00f3n realizada por el\u00a0<strong>Observatorio de la Deuda Social Argentina de la Universidad Cat\u00f3lica Argentina (UCA) junto a Edenred Argentina.<\/strong>\u00a0\u00a0 A nivel general, el estudio reflej\u00f3 que\u00a0<strong>el 83,5% de los trabajadores asalariados argentinos (es decir, 8 de cada 10) enfrenta alguna forma de vulnerabilidad alimentaria durante su jornada laboral.<\/strong>\u00a0Es decir que s\u00f3lo el 16,5% est\u00e1 libre de privaciones.<\/p>\n\n\n\n<p>Esa vulnerabilidad&nbsp;<strong>golpea m\u00e1s a mujeres, j\u00f3venes, sector p\u00fablico, regiones del norte (NEA y NOA) y a los trabajadores no calificados.<\/strong>&nbsp;<\/p>\n\n\n\n<p>Dentro de ese 83,5% que sufre vulnerabilidad alimentaria, el 61,1% se saltea comidas (70,7% en j\u00f3venes), el 78,5% elige alimentos menos nutritivos y el 56,2% padece ambas privaciones.Asimismo,&nbsp;<strong>uno de cada cinco trabajadores directamente no come en su jornada laboral.<\/strong>&nbsp;Los beneficios de tener un aporte para fines alimenticios son regresivos: quienes m\u00e1s ganan, m\u00e1s aportes reciben.<\/p>\n\n\n\n<p><strong>La encuesta nacional fue llevada a cabo por la doctora Ianina Tu\u00f1\u00f3n y la licenciada Lucrecia Freije<\/strong>&nbsp;, en el marco de una investigaci\u00f3n realizada para Edenred Argentina.&nbsp;<\/p>\n\n\n\n<p>El estudio relev\u00f3&nbsp;<strong>1.171 casos con representatividad nacional<\/strong>&nbsp;y busc\u00f3 analizar en qu\u00e9 condiciones se alimentan los asalariados argentinos, qu\u00e9 estrategias adoptan ante la p\u00e9rdida de poder adquisitivo y qu\u00e9 brechas persisten en el acceso a una alimentaci\u00f3n adecuada en el trabajo.<\/p>\n\n\n\n<h2 class=\"wp-block-heading\">Algunos datos que retratan el problema<\/h2>\n\n\n\n<p>El estudio refleja que,&nbsp;<strong>por motivos econ\u00f3micos, el 61,1% de los trabajadores asalariados se saltea comidas, mientras que el 78,5% opta por alimentos menos nutritivos.&nbsp;<\/strong>&nbsp;<\/p>\n\n\n\n<figure class=\"wp-block-image\"><img decoding=\"async\" src=\"https:\/\/www.diarionorte.com\/content\/bucket\/7\/449577w380h252c.jpg.webp\" alt=\"\"\/><\/figure>\n\n\n\n<p>De ese porcentaje de asalariados que se saltea comidas, hay grupos con indicadores m\u00e1s preocupantes, como&nbsp;<strong>el 70,7% de los trabajadores j\u00f3venes de 18 a 29 a\u00f1os.<\/strong>&nbsp;&nbsp;Adem\u00e1s, se saltean comidas el 72% de quienes no acceden a recursos b\u00e1sicos en el \u00e1mbito laboral (heladera, microondas) y el 43,9% entre quienes reciben un aporte por parte del empleador.&nbsp;<\/p>\n\n\n\n<p>Por otra parte, del segmento de trabajadores que opta por alimentos menos nutritivos, es m\u00e1s grave lo que ocurre entre quienes tienen&nbsp;<strong>ingresos m\u00e1s bajos, es decir hasta $800.000, ya que el 86,7% se alimenta con ese tipo de productos<\/strong>&nbsp;, e incluso lo hace tambi\u00e9n el 63,5% de quienes reciben mayores ingresos (m\u00e1s de $2.000.000); y el 85% de quienes trabajan en pymes y en el sector p\u00fablico.&nbsp;<\/p>\n\n\n\n<p><strong>Ambas privaciones (quienes saltean comidas y quienes consumen alimentos menos nutritivos) se combinan en el 56,2% de los trabajadores argentinos.<\/strong>&nbsp;&nbsp;Esto, seg\u00fan la investigaci\u00f3n, constituye el n\u00facleo m\u00e1s cr\u00edtico de la inseguridad alimentaria laboral.<\/p>\n\n\n\n<p>Aqu\u00ed tambi\u00e9n hay&nbsp;<strong>grupos cr\u00edticos<\/strong>&nbsp;, como el 66,8% de los j\u00f3venes de 18 a 29 a\u00f1os (vs. 44,5% en mayores de 60 a\u00f1os; el 60,1% de las mujeres (vs. 53,3% en varones); y aquellas regiones m\u00e1s postergadas como NOA (65,0%) y NEA (62,3%); adem\u00e1s de los trabajadores no calificados, el 71,1% de ellos (vs. 38,5% en profesionales\/directivos); el sector p\u00fablico, 70,0% (vs. 50,3% en sector privado); y los trabajadores de menores ingresos: 68,8% (vs. 31,6% en ingresos superiores).<\/p>\n\n\n\n<p>Otro dato relevante que arroja el estudio es que&nbsp;<strong>el 22,6% de los asalariados no come durante su jornada laboral.<\/strong>&nbsp;&nbsp;Pero el problema&nbsp;<strong>se agrava seg\u00fan la geograf\u00eda y el tipo de empleo<\/strong>&nbsp;, ya que, en el NEA, la mitad de los trabajadores (50,1%) no come; en el sector p\u00fablico, la cifra duplica a la del privado (33% vs 17%). En tanto, la edad y el ingreso tambi\u00e9n marcan la diferencia: entre los j\u00f3venes (18-29), un 13% no come, y entre los mayores (60+), un 32% no come; y entre quienes tienen ingresos bajos, un 29% no come, mientras que quienes tienen ingresos altos, un 16% no come.<\/p>\n\n\n\n<figure class=\"wp-block-image\"><img decoding=\"async\" src=\"https:\/\/www.diarionorte.com\/content\/bucket\/6\/449576w762h393c.jpg.webp\" alt=\"\"\/><\/figure>\n\n\n\n<h2 class=\"wp-block-heading\">D\u00f3nde y con qui\u00e9nes comen&nbsp;<\/h2>\n\n\n\n<p>La encuesta de la UCA revel\u00f3 adem\u00e1s que&nbsp;<strong>el 26% de los trabajadores asalariados argentinos no hace pausas durante su jornada laboral para comer<\/strong>&nbsp;, lo que tiene un impacto directo en la salud. Es que, entre quienes casi nunca pausan, el 48,2% califica su dieta como poco saludable y la obesidad los afecta casi el doble que a quienes s\u00ed hacen una pausa (35,8% vs. 19,3%).<\/p>\n\n\n\n<p>Por otra parte,&nbsp;<strong>el 41,5% de los trabajadores almuerza en su escritorio.<\/strong>&nbsp;&nbsp;En este caso, la&nbsp;<strong>infraestructura<\/strong>&nbsp;disponible es determinante, porque cuando hay comedor en el lugar de trabajo, el 60,6% de los asalariados lo utiliza, y cuando hay equipamiento b\u00e1sico (heladera o microondas), el 47,6% come en el escritorio.&nbsp;<\/p>\n\n\n\n<figure class=\"wp-block-image\"><img decoding=\"async\" src=\"https:\/\/www.diarionorte.com\/content\/bucket\/8\/449578w790h528c.jpg.webp\" alt=\"\"\/><\/figure>\n\n\n\n<p><a href=\"https:\/\/www.diarionorte.com\/324731-en-el-nea-mas-del-60-de-los-asalariados-se-saltea%C2%A0comidas-o-ingiere-alimentos-poco-nutritivos-%C2%A0%C2%A0#\"><\/a><a href=\"https:\/\/www.diarionorte.com\/324731-en-el-nea-mas-del-60-de-los-asalariados-se-saltea%C2%A0comidas-o-ingiere-alimentos-poco-nutritivos-%C2%A0%C2%A0#\"><\/a><\/p>\n\n\n\n<p>Adem\u00e1s, cuando no hay infraestructura, m\u00e1s de la mitad come en su puesto de trabajo (53,1%), y el 32,3% lo hace en soledad.<\/p>\n\n\n\n<p>Por \u00faltimo,&nbsp;<strong>el 36,3% reconoce que su dieta es poco saludable.<\/strong>&nbsp;&nbsp;Entre quienes padecen la doble privaci\u00f3n (saltear comidas y elegir alimentos menos nutritivos), esa proporci\u00f3n sube al 44,6%.<\/p>\n\n\n\n<h2 class=\"wp-block-heading\">Cu\u00e1nto gastan los trabajadores en un almuerzo&nbsp;<\/h2>\n\n\n\n<figure class=\"wp-block-image\"><img decoding=\"async\" src=\"https:\/\/www.diarionorte.com\/content\/bucket\/0\/449580w380h214c.jpg.webp\" alt=\"\"\/><\/figure>\n\n\n\n<p>Para quienes s\u00ed pueden y optan por comer en los horarios laborales, almorzar implica un costo:&nbsp;<strong>el 80% de los trabajadores gasta menos de $10.000 por d\u00eda.<\/strong>&nbsp;<\/p>\n\n\n\n<p><strong>\u00bfQui\u00e9nes tienen esos niveles de gasto?<\/strong>&nbsp;Por ejemplo, el 90,7% son asalariados que tienen hasta secundario incompleto, proporci\u00f3n que desciende al 74,5% entre quienes cuentan con educaci\u00f3n terciaria o universitaria completa; el 85,8% de los que perciben menores ingresos gastan hasta $10.000 por d\u00eda, mientras que entre quienes ganan m\u00e1s de $2.000.000 baja al 66,5%.<\/p>\n\n\n\n<p><strong>De los trabajadores de empresas peque\u00f1as, el 84,3% gasta menos de $10.000 diarios (vs. 73,9% en grandes empresas);<\/strong>&nbsp;y entre los trabajadores no calificados, 84,3% no supera los $10.000 (vs. 74,1% en profesionales\/directivos).<\/p>\n\n\n\n<h2 class=\"wp-block-heading\">La salud&nbsp;<\/h2>\n\n\n\n<p>En el auto-reporte de la calidad de la dieta,&nbsp;<strong>m\u00e1s de un tercio de los asalariados&nbsp;(36,3%) reconoce que su dieta es poco saludable.<\/strong>&nbsp;Y aqu\u00ed hay variables:&nbsp;<\/p>\n\n\n\n<p>-De quienes tienen ingresos bajos, el 41,8% admite comer mal (vs. 23,8% en ingresos altos).<\/p>\n\n\n\n<p>-De quienes no cuentan con comedor, el 43,3% (vs. 26,9% si hay comedor).<\/p>\n\n\n\n<p><strong>-Mujeres: 40,4% (vs. 32,4% de varones).<\/strong>&nbsp;<\/p>\n\n\n\n<p>-Entre quienes padecen la doble privaci\u00f3n (saltear comidas + comer peor), casi la mitad (44,6%) es consciente de su mala alimentaci\u00f3n.<\/p>\n\n\n\n<p>En tanto,&nbsp;<strong>el 23,1% de los asalariados presenta exceso de peso<\/strong>&nbsp;&nbsp;(IMC: 30 o m\u00e1s). En los mayores de 60 a\u00f1os, el 29,2% tiene esa condici\u00f3n (vs. 7,4% en j\u00f3venes de 18 a 29 a\u00f1os); de quienes no hacen una pausa para comer, el 35,8% presenta obesidad (vs. 19,3% entre quienes siempre pausan); de quienes no cuentan con infraestructura, un 26,9% (vs. 19,1% entre quienes tienen comedor); de los que eligen alimentos poco nutritivos, un 30,4% (vs. 17,7% entre quienes no lo hacen); de quienes se saltean comidas, un 27,9% (vs. 20,3% entre quienes no lo hacen); de quienes tienen dietas poco saludables, un 31,5% (vs. 16,5% entre quienes la consideran saludable), y de quienes dicen tener una salud regular o mala, el 45,1% (vs. 14,2% entre quienes tienen salud muy buena o excelente).<\/p>\n\n\n\n<p>Por \u00faltimo, el informe revela que&nbsp;<strong>el 80,4% de los trabajadores desea recibir una&nbsp;contribuci\u00f3n de su empleador para la alimentaci\u00f3n<\/strong>. Entre quienes m\u00e1s lo necesitan, el apoyo es casi un\u00e1nime: 91,5%. En tanto, 6 de cada 10 (58,7%) creen que eso mejorar\u00eda su salud, especialmente mujeres, j\u00f3venes y sector p\u00fablico.<\/p>\n\n\n\n<h2 class=\"wp-block-heading\">En Argentina&nbsp;<\/h2>\n\n\n\n<p>La&nbsp;<strong>Organizaci\u00f3n Internacional del Trabajo (OIT)<\/strong>&nbsp;define el lugar de trabajo como un espacio clave para promover h\u00e1bitos saludables. Pa\u00edses como Francia, Italia y Brasil cuentan con sistemas consolidados de beneficios alimentarios con incentivos fiscales.<\/p>\n\n\n\n<p><strong>En Argentina, este debate reci\u00e9n comienza a tomar fuerza, y los datos muestran que hay urgencia: solo el 44,4% de los trabajadores recibe alg\u00fan aporte de su empleador para la alimentaci\u00f3n<\/strong>&nbsp;, y ese beneficio resulta regresivo, ya que lo reciben quienes ganan salarios m\u00e1s altos.<\/p>\n\n\n\n<p>El 80,4% de los trabajadores desea contar con una contribuci\u00f3n de su empleador para la alimentaci\u00f3n. Entre quienes m\u00e1s la necesitan -los que padecen doble privaci\u00f3n-, el apoyo es casi un\u00e1nime: 91,5%. Lejos de ser un beneficio marginal, la alimentaci\u00f3n durante la jornada laboral aparece como una demanda\/preocupaci\u00f3n extendedida. El informe completo profundiza en estos hallazgos y ofrece evidencia para enriquecer este debate en la Argentina.<\/p>\n\n\n\n<p>Temas en esta nota<\/p>\n","protected":false},"excerpt":{"rendered":"<p>En la regi\u00f3n, el 50% de los trabajadores directamente no come en su \u00e1mbito laboral. Los datos surgen de la primera encuesta nacional sobre alimentaci\u00f3n&hellip; <\/p>\n","protected":false},"author":2,"featured_media":38092,"comment_status":"open","ping_status":"open","sticky":false,"template":"","format":"standard","meta":{"footnotes":""},"categories":[9,2],"tags":[],"class_list":["post-38091","post","type-post","status-publish","format-standard","has-post-thumbnail","hentry","category-destacadas","category-provinciales"],"_links":{"self":[{"href":"https:\/\/lametro989.com\/index.php?rest_route=\/wp\/v2\/posts\/38091","targetHints":{"allow":["GET"]}}],"collection":[{"href":"https:\/\/lametro989.com\/index.php?rest_route=\/wp\/v2\/posts"}],"about":[{"href":"https:\/\/lametro989.com\/index.php?rest_route=\/wp\/v2\/types\/post"}],"author":[{"embeddable":true,"href":"https:\/\/lametro989.com\/index.php?rest_route=\/wp\/v2\/users\/2"}],"replies":[{"embeddable":true,"href":"https:\/\/lametro989.com\/index.php?rest_route=%2Fwp%2Fv2%2Fcomments&post=38091"}],"version-history":[{"count":1,"href":"https:\/\/lametro989.com\/index.php?rest_route=\/wp\/v2\/posts\/38091\/revisions"}],"predecessor-version":[{"id":38093,"href":"https:\/\/lametro989.com\/index.php?rest_route=\/wp\/v2\/posts\/38091\/revisions\/38093"}],"wp:featuredmedia":[{"embeddable":true,"href":"https:\/\/lametro989.com\/index.php?rest_route=\/wp\/v2\/media\/38092"}],"wp:attachment":[{"href":"https:\/\/lametro989.com\/index.php?rest_route=%2Fwp%2Fv2%2Fmedia&parent=38091"}],"wp:term":[{"taxonomy":"category","embeddable":true,"href":"https:\/\/lametro989.com\/index.php?rest_route=%2Fwp%2Fv2%2Fcategories&post=38091"},{"taxonomy":"post_tag","embeddable":true,"href":"https:\/\/lametro989.com\/index.php?rest_route=%2Fwp%2Fv2%2Ftags&post=38091"}],"curies":[{"name":"wp","href":"https:\/\/api.w.org\/{rel}","templated":true}]}}