{"id":38100,"date":"2026-03-12T08:16:05","date_gmt":"2026-03-12T11:16:05","guid":{"rendered":"https:\/\/lametro989.com\/?p=38100"},"modified":"2026-03-12T08:16:05","modified_gmt":"2026-03-12T11:16:05","slug":"mal-clima-con-adorni-en-el-gobierno-le-va-a-costar-caro","status":"publish","type":"post","link":"https:\/\/lametro989.com\/?p=38100","title":{"rendered":"Mal clima con Adorni en el gobierno: &#8220;Le va a costar caro&#8221;"},"content":{"rendered":"\n<p>Al jefe de gabinete lo acusan de desprolijo y de empa\u00f1arle la Argentina Week a Milei con el esc\u00e1ndalo de su esposa. Creen que embarr\u00f3 a Karina y que no puede justificar el viaje a Punta del Este.<\/p>\n\n\n\n<figure class=\"wp-block-image size-full\"><img loading=\"lazy\" decoding=\"async\" width=\"940\" height=\"529\" src=\"https:\/\/lametro989.com\/wp-content\/uploads\/2026\/03\/image-100.png\" alt=\"\" class=\"wp-image-38101\" srcset=\"https:\/\/lametro989.com\/wp-content\/uploads\/2026\/03\/image-100.png 940w, https:\/\/lametro989.com\/wp-content\/uploads\/2026\/03\/image-100-300x169.png 300w, https:\/\/lametro989.com\/wp-content\/uploads\/2026\/03\/image-100-768x432.png 768w\" sizes=\"auto, (max-width: 940px) 100vw, 940px\" \/><\/figure>\n\n\n\n<p>En el gobierno hay bronca con Manuel Adorni porque creen que le empa\u00f1\u00f3 la Argentina Week a Javier Milei con el esc\u00e1ndalo que arm\u00f3 al subir a su pareja&nbsp;<a href=\"https:\/\/www.lapoliticaonline.com\/tools\/redirect.php?t=3&amp;i=340949&amp;s=5e9c504363837dd2246d018ef444bb22\">al avi\u00f3n presidencial<\/a>&nbsp;y cuando el esc\u00e1ndalo estall\u00f3 echarle la culpa a Karina Milei, que es la que tiene a su cargo como secretaria General de la Presidencia, la organizaci\u00f3n de los viajes.<\/p>\n\n\n\n<p>Tres importantes funcionarios del Gobierno que hablaron con LPO, aseguraron que el presidente Milei no va a echar a su jefe de Gabinete, aunque pas\u00f3 una raya al direccionar la culpa hacia el propio c\u00edrculo de los Milei cuando dijo que a su esposa la invit\u00f3 Presidencia al avi\u00f3n oficial. &#8220;Y encima se enteraron ahora del avi\u00f3n privado a Punta del Este, que no hay manera que justifique con sus ingresos&#8221;, agreg\u00f3 uno de ellos.<\/p>\n\n\n\n<p>En el gabinete tampoco cay\u00f3 bien que Adorni saliera a decir que en la comitiva hab\u00eda esposas de otros funcionarios. El ejemplo de Pablo Quirno dej\u00f3 a\u00fan m\u00e1s expuesto al jefe de gabinete: el canciller dej\u00f3 trascender que le pidi\u00f3 a su esposa que vaya a Nueva York una semana antes, por avi\u00f3n de l\u00ednea. &#8220;Le va a costar caro&#8221;, asegura\u00f3 una de las fuentes consultadas y lament\u00f3 que el evento que se prepar\u00f3 durante meses en Nueva York quedara enchastrado por la desprolijidad de Adorni. El jefe de Gabinete es muy poco querido en el Gobierno y no fueron pocos los que&nbsp;este mi\u00e9rcoles recordaban que el ex vocero se la pas\u00f3 dos a\u00f1os defenestrando el gasto p\u00fablico y los lujos de la casta pol\u00edtica, que ahora lo tienen como protagonista principal.<\/p>\n\n\n\n<p>En el gobierno hay much\u00edsima bronca con Adorni porque se la pas\u00f3 hablando contra la casta, lo que gastaban los pol\u00edticos y hace lo de su esposa y se va a Punta del Este en avi\u00f3n privado.<\/p>\n\n\n\n<p>Pero adem\u00e1s Adorni, que maneja la comunicaci\u00f3n del gobierno, enfrenta cuestionamientos por sus torpes justificaciones posteriores al esc\u00e1ndalo. El jefe de Gabinete se convirti\u00f3 en Trending Topic luego de decir que se hab\u00eda a Nueva York a &#8220;deslomar&#8221;, una expresi\u00f3n que provoc\u00f3 una catarata de burlas y memes, hasta en canales de noticias como TN.\u00a0 Para justificar su &#8220;deslome&#8221;, Adorni se vio obligado este mi\u00e9rcoles a enviar una serie fren\u00e9tica de fotos que lo mostraban reunidos con los gobernadores que viajaron a Nueva York y que&nbsp;<a href=\"https:\/\/www.lapoliticaonline.com\/tools\/redirect.php?t=3&amp;i=340955&amp;s=23d7b2e628702dee32b7020bf363faa0\" target=\"_blank\" rel=\"noreferrer noopener\">no pudieron tener una conversaci\u00f3n&nbsp;<\/a>a solas con Milei. El ex vocero es conocido en la Casa Rosada por ser poco afecto al trabajo. &#8216;Es un vago, no son pocos los d\u00edas que llega cerca del mediod\u00eda&#8221;, coment\u00f3 a LPO un funcionario de alto rango.<\/p>\n\n\n\n<p>La consultora Ad Hoc midi\u00f3 que entre el 8 y el 9 de marzo las menciones al funcionario subieron un 330% en las redes y que el 76,5% fueron negativas, justo en un \u00e1rea en la que los libertarios dicen ser los expertos.&nbsp;<\/p>\n\n\n\n<p>Adorni no tiene manera justificar el gasto de 5345 d\u00f3lares del pasaje que dijo que hab\u00eda sacado para su mujer, ni los 10 mil d\u00f3lares que cost\u00f3 el alquiler del avi\u00f3n privado para ir al exclusivo balneario de Punta del Este.<\/p>\n\n\n\n<p>Por eso entre los libertarios aseguran que Adorni &#8220;se regal\u00f3&#8221; y le dej\u00f3 servido el caldo a enemigos internos, como Las Fuerzas del Cielo, que no movieron un pelo para defender al funcionario o Victoria Villarruel, que en sus redes public\u00f3 con sorna : &#8220;El ajuste lo paga la pol\u00edtica, jaja&#8221;.<\/p>\n\n\n\n<p>Adorni no tiene manera justificar el gasto de 5345 d\u00f3lares del pasaje que dijo que hab\u00eda sacado para su mujer, que por un cambio de fechas en el viaje de Milei termin\u00f3 subi\u00e9ndose al Tango 01, ni los 10 mil d\u00f3lares que cost\u00f3 el alquier del avi\u00f3n privado para ir al exclusivo balneario de Punta del Este. &#8220;El viaje a Punta del Este me lo pagu\u00e9 todo yo, de punta a punta&#8221;, dijo Adorni, para evitar que lo denunciaran por d\u00e1divas, pero ahora la oposici\u00f3n ya prepara denuncias directamente por corrupci\u00f3n. Es que los gatos que declar\u00f3 el ex vocero no cuadrar\u00edan con su declaraci\u00f3n jurada de ingresos. Seg\u00fan revel\u00f3&nbsp;<a href=\"https:\/\/www.eldiarioar.com\/politica\/adorni-requirio-sigilo-vuelo-us-10-000-punta-periodista-tv-publica_1_13060801.html\" target=\"_blank\" rel=\"noreferrer noopener\">elDiario.Ar<\/a>, el jefe de Gabinete pag\u00f3 el pasado 12 de febrero 10 mil d\u00f3lares para viajar al carnaval de Uruguay junto a su familia en un avi\u00f3n Honda Jet, matr\u00edcula LVHWA, contratado al operador Alpha Centauri. En su regreso, el 17, solicit\u00f3 hacer el tr\u00e1mite de migraciones en un hangar de San Fernando para no ser visto.<\/p>\n\n\n\n<p>El salario de Adorni ronda los 3,5 millones de pesos, unos 2.500 d\u00f3lares. Los colegas contadores del libertario hacen la simple matem\u00e1tica que para pagar los 15 mil d\u00f3lares que se gast\u00f3 en menos de un mes, s\u00f3lo en aviones, necesita sobrevivir seis meses sin comer y a oscuras.<\/p>\n\n\n\n<figure class=\"wp-block-image\"><img decoding=\"async\" src=\"https:\/\/www.lapoliticaonline.com\/files\/image\/281\/281899\/69b1e5f7b923e.jpg\" alt=\"&quot;El viaje a Punta del Este me lo pagu\u00e9 todo yo, de punta a punta&quot;, dijo Adorni, para evitar que lo denunciaran por d\u00e1divas, pero ahora la oposici\u00f3n ya prepara denuncias directamente por corrupci\u00f3n. Es que los gatos que declar\u00f3 el ex vocero no cuadrar\u00edan con su declaraci\u00f3n jurada de ingresos.Adorni no quiso contestar si se fue a Punta del Este en avi\u00f3n privadoSeg\u00fan revel\u00f3 elDiario.Ar, el jefe de Gabinete pag\u00f3 el pasado 12 de febrero 10 mil d\u00f3lares para viajar al carnaval de Uruguay junto a su familia en un avi\u00f3n Honda Jet, matr\u00edcula LVHWA, contratado al operador Alpha Centauri. En su regreso, el 17, solicit\u00f3 hacer el tr\u00e1mite de migraciones en un hangar de San Fernando para no ser visto.El salario de Adorni ronda los 3,5 millones de pesos, unos 2.500 d\u00f3lares. Los colegas contadores del libertario hacen la simple matem\u00e1tica que para pagar los 15 mil d\u00f3lares que se gast\u00f3 en menos de un mes, s\u00f3lo en aviones, necesita sobrevivir seis meses sin comer y a oscuras.Bettina Angeletti con Rosa Guti\u00e9rrez, coach contratada por Adorni.\"\/><\/figure>\n\n\n\n<p>En el viaje a Nueva York fue quien m\u00e1s personas aport\u00f3 a la delegaci\u00f3n, una constante que se repite en su gesti\u00f3n. Cuando s\u00f3lo era vocero, ten\u00eda 250 empleados y hab\u00eda ampliado en un 25% el personal de la secretar\u00eda de Comunicaci\u00f3n, seg\u00fan admiti\u00f3 en un informe ante el Congreso su predecesor Guillermo Francos, que este mi\u00e9rcoles mostr\u00f3 lo mal que le cae al comentar que &#8220;una sola vez viaje con Milei&#8221; y lo hizo sin su esposa.<\/p>\n\n\n\n<p>El discurso de Adorni contra el gasto y los empleados p\u00fablicos se choc\u00f3 desde el principio con sus movimientos en la funci\u00f3n p\u00fablica.&nbsp;<\/p>\n\n\n\n<p>Antes de meter a su hermano Francisco en la lista de diputados provinciales por la Octava Secci\u00f3n, lo hab\u00eda hecho nombrar en el ministerio de Defensa. Tambi\u00e9n nombr\u00f3 a Rosa Guti\u00e9rrez, amiga de su esposa, como asesora en &#8220;coaching&#8221; en la Rosada, seg\u00fan revel\u00f3 Clar\u00edn.<\/p>\n","protected":false},"excerpt":{"rendered":"<p>Al jefe de gabinete lo acusan de desprolijo y de empa\u00f1arle la Argentina Week a Milei con el esc\u00e1ndalo de su esposa. Creen que embarr\u00f3&hellip; <\/p>\n","protected":false},"author":2,"featured_media":38101,"comment_status":"open","ping_status":"open","sticky":false,"template":"","format":"standard","meta":{"footnotes":""},"categories":[5],"tags":[],"class_list":["post-38100","post","type-post","status-publish","format-standard","has-post-thumbnail","hentry","category-politica"],"_links":{"self":[{"href":"https:\/\/lametro989.com\/index.php?rest_route=\/wp\/v2\/posts\/38100","targetHints":{"allow":["GET"]}}],"collection":[{"href":"https:\/\/lametro989.com\/index.php?rest_route=\/wp\/v2\/posts"}],"about":[{"href":"https:\/\/lametro989.com\/index.php?rest_route=\/wp\/v2\/types\/post"}],"author":[{"embeddable":true,"href":"https:\/\/lametro989.com\/index.php?rest_route=\/wp\/v2\/users\/2"}],"replies":[{"embeddable":true,"href":"https:\/\/lametro989.com\/index.php?rest_route=%2Fwp%2Fv2%2Fcomments&post=38100"}],"version-history":[{"count":1,"href":"https:\/\/lametro989.com\/index.php?rest_route=\/wp\/v2\/posts\/38100\/revisions"}],"predecessor-version":[{"id":38102,"href":"https:\/\/lametro989.com\/index.php?rest_route=\/wp\/v2\/posts\/38100\/revisions\/38102"}],"wp:featuredmedia":[{"embeddable":true,"href":"https:\/\/lametro989.com\/index.php?rest_route=\/wp\/v2\/media\/38101"}],"wp:attachment":[{"href":"https:\/\/lametro989.com\/index.php?rest_route=%2Fwp%2Fv2%2Fmedia&parent=38100"}],"wp:term":[{"taxonomy":"category","embeddable":true,"href":"https:\/\/lametro989.com\/index.php?rest_route=%2Fwp%2Fv2%2Fcategories&post=38100"},{"taxonomy":"post_tag","embeddable":true,"href":"https:\/\/lametro989.com\/index.php?rest_route=%2Fwp%2Fv2%2Ftags&post=38100"}],"curies":[{"name":"wp","href":"https:\/\/api.w.org\/{rel}","templated":true}]}}