{"id":38114,"date":"2026-03-12T08:47:23","date_gmt":"2026-03-12T11:47:23","guid":{"rendered":"https:\/\/lametro989.com\/?p=38114"},"modified":"2026-03-12T08:47:23","modified_gmt":"2026-03-12T11:47:23","slug":"atletico-tucuman-igualo-1-1-con-aldosivi","status":"publish","type":"post","link":"https:\/\/lametro989.com\/?p=38114","title":{"rendered":"ATL\u00c9TICO TUCUM\u00c1N IGUAL\u00d3 \u00a01-1 CON ALDOSIVI"},"content":{"rendered":"\n<p><strong>ATL\u00c9TICO TUCUM\u00c1N empat\u00f3 en la presentaci\u00f3n de Julio C\u00e9sar Falcioni\u00a0<\/strong>como entrenador del equipo luego de la salida de Hugo Colace.<\/p>\n\n\n\n<figure class=\"wp-block-image size-large\"><img loading=\"lazy\" decoding=\"async\" width=\"1024\" height=\"683\" src=\"https:\/\/lametro989.com\/wp-content\/uploads\/2026\/03\/image-103-1024x683.png\" alt=\"\" class=\"wp-image-38115\" srcset=\"https:\/\/lametro989.com\/wp-content\/uploads\/2026\/03\/image-103-1024x683.png 1024w, https:\/\/lametro989.com\/wp-content\/uploads\/2026\/03\/image-103-300x200.png 300w, https:\/\/lametro989.com\/wp-content\/uploads\/2026\/03\/image-103-768x512.png 768w, https:\/\/lametro989.com\/wp-content\/uploads\/2026\/03\/image-103.png 1349w\" sizes=\"auto, (max-width: 1024px) 100vw, 1024px\" \/><\/figure>\n\n\n\n<p>El Decano\u00a0<strong>igual\u00f3 1-1 con Aldosivi<\/strong>\u00a0en el Estadio Monumental Presidente Jos\u00e9 Fierro en el encuentro v\u00e1lido por la d\u00e9cima fecha del\u00a0<strong>Torneo Apertura.<\/strong> El Tibur\u00f3n se puso en ventaja en un c\u00f3rner a trav\u00e9s de<strong>&nbsp;Federico Gino<\/strong>&nbsp;y los del Emperador igualaron en la segunda mitad con gol de cabeza de<strong>&nbsp;Franco Nicola<\/strong>&nbsp;tambi\u00e9n desde un saque de esquina.<\/p>\n\n\n\n<p>El conjunto de Guillermo Farr\u00e9 termin\u00f3 con diez hombres por la\u00a0<strong>expulsi\u00f3n de Alan Sosa<\/strong>\u00a0a los 68 minutos.En el cierre del partido,<strong>\u00a0Leandro &#8216;el Loco&#8217; D\u00edaz tuvo la posibilidad desde el punto penal\u00a0<\/strong>de darle la victoria a los tucumanos, pero Axel Werner se qued\u00f3 con su remate y rescat\u00f3 un valioso punto.Con este resultado,\u00a0<strong>Atl\u00e9tico Tucum\u00e1n se ubica 13\u00b0<\/strong>\u00a0con apenas seis puntos producto de un triunfo y tres empates, mientras que\u00a0<strong>Aldosivi marcha 14\u00b0<\/strong>\u00a0con cuatro unidades resultado de la misma cantidad de igualdades.  <\/p>\n","protected":false},"excerpt":{"rendered":"<p>ATL\u00c9TICO TUCUM\u00c1N empat\u00f3 en la presentaci\u00f3n de Julio C\u00e9sar Falcioni\u00a0como entrenador del equipo luego de la salida de Hugo Colace. El Decano\u00a0igual\u00f3 1-1 con Aldosivi\u00a0en&hellip; <\/p>\n","protected":false},"author":2,"featured_media":38115,"comment_status":"open","ping_status":"open","sticky":false,"template":"","format":"standard","meta":{"footnotes":""},"categories":[10],"tags":[],"class_list":["post-38114","post","type-post","status-publish","format-standard","has-post-thumbnail","hentry","category-deportes"],"_links":{"self":[{"href":"https:\/\/lametro989.com\/index.php?rest_route=\/wp\/v2\/posts\/38114","targetHints":{"allow":["GET"]}}],"collection":[{"href":"https:\/\/lametro989.com\/index.php?rest_route=\/wp\/v2\/posts"}],"about":[{"href":"https:\/\/lametro989.com\/index.php?rest_route=\/wp\/v2\/types\/post"}],"author":[{"embeddable":true,"href":"https:\/\/lametro989.com\/index.php?rest_route=\/wp\/v2\/users\/2"}],"replies":[{"embeddable":true,"href":"https:\/\/lametro989.com\/index.php?rest_route=%2Fwp%2Fv2%2Fcomments&post=38114"}],"version-history":[{"count":1,"href":"https:\/\/lametro989.com\/index.php?rest_route=\/wp\/v2\/posts\/38114\/revisions"}],"predecessor-version":[{"id":38116,"href":"https:\/\/lametro989.com\/index.php?rest_route=\/wp\/v2\/posts\/38114\/revisions\/38116"}],"wp:featuredmedia":[{"embeddable":true,"href":"https:\/\/lametro989.com\/index.php?rest_route=\/wp\/v2\/media\/38115"}],"wp:attachment":[{"href":"https:\/\/lametro989.com\/index.php?rest_route=%2Fwp%2Fv2%2Fmedia&parent=38114"}],"wp:term":[{"taxonomy":"category","embeddable":true,"href":"https:\/\/lametro989.com\/index.php?rest_route=%2Fwp%2Fv2%2Fcategories&post=38114"},{"taxonomy":"post_tag","embeddable":true,"href":"https:\/\/lametro989.com\/index.php?rest_route=%2Fwp%2Fv2%2Ftags&post=38114"}],"curies":[{"name":"wp","href":"https:\/\/api.w.org\/{rel}","templated":true}]}}