{"id":38124,"date":"2026-03-13T07:18:13","date_gmt":"2026-03-13T10:18:13","guid":{"rendered":"https:\/\/lametro989.com\/?p=38124"},"modified":"2026-03-13T07:18:13","modified_gmt":"2026-03-13T10:18:13","slug":"crisis-de-salud-mental-no-saben-como-tratar-la-angustia-y-buscan-quitarse-la-vida","status":"publish","type":"post","link":"https:\/\/lametro989.com\/?p=38124","title":{"rendered":"Crisis de salud mental: &#8220;No saben c\u00f3mo tratar la angustia y buscan quitarse la vida&#8221;"},"content":{"rendered":"\n<p>Entre R\u00edos enfrenta una crisis silenciosa: posee una de las tasas de suicidios m\u00e1s altas de Argentina, con 111 casos registrados solo entre enero y mayo del a\u00f1o pasado.<\/p>\n\n\n\n<figure class=\"wp-block-image size-full\"><img loading=\"lazy\" decoding=\"async\" width=\"850\" height=\"507\" src=\"https:\/\/lametro989.com\/wp-content\/uploads\/2026\/03\/image-106.png\" alt=\"\" class=\"wp-image-38125\" srcset=\"https:\/\/lametro989.com\/wp-content\/uploads\/2026\/03\/image-106.png 850w, https:\/\/lametro989.com\/wp-content\/uploads\/2026\/03\/image-106-300x179.png 300w, https:\/\/lametro989.com\/wp-content\/uploads\/2026\/03\/image-106-768x458.png 768w\" sizes=\"auto, (max-width: 850px) 100vw, 850px\" \/><\/figure>\n\n\n\n<p>Ante esta realidad alarmante, docentes y alumnos del Instituto Almafuerte de Villa Elisa impulsan el proyecto&nbsp;<strong>&#8220;Voces que salvan&#8221;<\/strong>, una iniciativa que busca visibilizar la problem\u00e1tica y romper el miedo a hablar del tema para evitar que los casos sigan en aumento.<\/p>\n\n\n\n<p><strong>Evangelina Branco<\/strong>, docente del instituto y una de las coordinadoras, explic\u00f3 que las causas son m\u00faltiples, desde problemas econ\u00f3micos hasta adicciones. Al referirse al nombre del proyecto, Branco enfatiz\u00f3 la importancia de la escucha activa:&nbsp;<strong>&#8220;Creemos que es necesario que se escuche y que se visibilice el problema y, bueno, se act\u00fae en consecuencia&#8221;<\/strong>, se\u00f1alando que es urgente que la provincia declare la emergencia sanitaria en salud mental.<\/p>\n\n\n\n<p>Por su parte,&nbsp;<strong>Ashley Violaz<\/strong>, de 18 a\u00f1os e impulsora de la propuesta, destac\u00f3 la vulnerabilidad que sienten los j\u00f3venes durante los cambios de etapa escolar y la soledad al irse a estudiar a otras ciudades. Sobre la complejidad emocional de quienes atraviesan estas crisis, Ashley reflexion\u00f3:&nbsp;<strong>&#8220;Muchos toman esta decisi\u00f3n porque quieren dejar de sentir ese vac\u00edo que sienten o tal vez la angustia de algo feo, buscan el camino de quitarse la vida para sacar ese sentimiento&#8221;<\/strong>.<\/p>\n\n\n\n<p>El proyecto ya fue aprobado por la C\u00e1mara de Senadores provincial y solo resta la firma del gobernador para que la salud p\u00fablica cuente con mayor presupuesto y personal especializado. Esta medida se vuelve vital ante los altos costos de los tratamientos privados, que pueden alcanzar los 300.000 pesos mensuales, una cifra que, seg\u00fan las entrevistadas, resulta imposible de pagar para familias que no cuentan con obra social.<\/p>\n","protected":false},"excerpt":{"rendered":"<p>Entre R\u00edos enfrenta una crisis silenciosa: posee una de las tasas de suicidios m\u00e1s altas de Argentina, con 111 casos registrados solo entre enero y&hellip; <\/p>\n","protected":false},"author":2,"featured_media":38125,"comment_status":"open","ping_status":"open","sticky":false,"template":"","format":"standard","meta":{"footnotes":""},"categories":[9,2],"tags":[],"class_list":["post-38124","post","type-post","status-publish","format-standard","has-post-thumbnail","hentry","category-destacadas","category-provinciales"],"_links":{"self":[{"href":"https:\/\/lametro989.com\/index.php?rest_route=\/wp\/v2\/posts\/38124","targetHints":{"allow":["GET"]}}],"collection":[{"href":"https:\/\/lametro989.com\/index.php?rest_route=\/wp\/v2\/posts"}],"about":[{"href":"https:\/\/lametro989.com\/index.php?rest_route=\/wp\/v2\/types\/post"}],"author":[{"embeddable":true,"href":"https:\/\/lametro989.com\/index.php?rest_route=\/wp\/v2\/users\/2"}],"replies":[{"embeddable":true,"href":"https:\/\/lametro989.com\/index.php?rest_route=%2Fwp%2Fv2%2Fcomments&post=38124"}],"version-history":[{"count":1,"href":"https:\/\/lametro989.com\/index.php?rest_route=\/wp\/v2\/posts\/38124\/revisions"}],"predecessor-version":[{"id":38126,"href":"https:\/\/lametro989.com\/index.php?rest_route=\/wp\/v2\/posts\/38124\/revisions\/38126"}],"wp:featuredmedia":[{"embeddable":true,"href":"https:\/\/lametro989.com\/index.php?rest_route=\/wp\/v2\/media\/38125"}],"wp:attachment":[{"href":"https:\/\/lametro989.com\/index.php?rest_route=%2Fwp%2Fv2%2Fmedia&parent=38124"}],"wp:term":[{"taxonomy":"category","embeddable":true,"href":"https:\/\/lametro989.com\/index.php?rest_route=%2Fwp%2Fv2%2Fcategories&post=38124"},{"taxonomy":"post_tag","embeddable":true,"href":"https:\/\/lametro989.com\/index.php?rest_route=%2Fwp%2Fv2%2Ftags&post=38124"}],"curies":[{"name":"wp","href":"https:\/\/api.w.org\/{rel}","templated":true}]}}