{"id":38127,"date":"2026-03-13T07:22:56","date_gmt":"2026-03-13T10:22:56","guid":{"rendered":"https:\/\/lametro989.com\/?p=38127"},"modified":"2026-03-13T07:22:56","modified_gmt":"2026-03-13T10:22:56","slug":"aumento-salarial-a-empleados-publicos-de-chaco-asi-quedaran-los-salarios-segun-cada-categoria","status":"publish","type":"post","link":"https:\/\/lametro989.com\/?p=38127","title":{"rendered":"Aumento salarial a empleados p\u00fablicos de Chaco: as\u00ed quedar\u00e1n los salarios seg\u00fan cada categor\u00eda"},"content":{"rendered":"\n<p><em>El Gobierno provincial oficializ\u00f3 un incremento escalonado para el personal del Escalaf\u00f3n General. Ser\u00e1 del 3% en marzo y del 2% en abril de 2026. El decreto incluye las nuevas escalas salariales completas para cada categor\u00eda.<\/em><\/p>\n\n\n\n<figure class=\"wp-block-image size-full\"><img loading=\"lazy\" decoding=\"async\" width=\"850\" height=\"512\" src=\"https:\/\/lametro989.com\/wp-content\/uploads\/2026\/03\/image-107.png\" alt=\"\" class=\"wp-image-38128\" srcset=\"https:\/\/lametro989.com\/wp-content\/uploads\/2026\/03\/image-107.png 850w, https:\/\/lametro989.com\/wp-content\/uploads\/2026\/03\/image-107-300x181.png 300w, https:\/\/lametro989.com\/wp-content\/uploads\/2026\/03\/image-107-768x463.png 768w\" sizes=\"auto, (max-width: 850px) 100vw, 850px\" \/><\/figure>\n\n\n\n<p><strong>E<\/strong>l Gobierno del Chaco dispuso un nuevo aumento salarial para los trabajadores de la administraci\u00f3n p\u00fablica provincial, mediante el Decreto N\u00b0 287\/2026, que establece una actualizaci\u00f3n de las escalas correspondientes al Escalaf\u00f3n General (Ley N\u00b0 196-A).&nbsp;<\/p>\n\n\n\n<p><strong>La medida fija un incremento acumulativo escalonado: un 3% a partir de marzo de 2026 y un 2% adicional desde abril<\/strong>, que impactar\u00e1 en los salarios b\u00e1sicos y en los distintos componentes de la remuneraci\u00f3n de los agentes estatales.&nbsp;<\/p>\n\n\n\n<p>Seg\u00fan se detalla en el decreto firmado por el gobernador&nbsp;<strong>Leandro Zdero<\/strong>&nbsp;y refrendado por el gabinete provincial, la actualizaci\u00f3n salarial busca recomponer los ingresos del personal estatal en el marco de la pol\u00edtica salarial del Ejecutivo y de una administraci\u00f3n &#8220;razonable de los recursos provinciales&#8221;.&nbsp;<\/p>\n\n\n\n<h2 class=\"wp-block-heading\">C\u00f3mo se aplicar\u00e1 el aumento salarial<\/h2>\n\n\n\n<p>El decreto establece dos etapas para la actualizaci\u00f3n de las escalas:<\/p>\n\n\n\n<p><strong>Desde el 1\u00b0 de marzo de 2026: incremento del 3% sobre las escalas salariales vigentes.<\/strong><br><strong>Desde el 1\u00b0 de abril de 2026: aumento adicional del 2% sobre los valores ya actualizados.&nbsp;<\/strong><\/p>\n\n\n\n<p>Estas modificaciones se reflejan en las planillas anexas al decreto, donde se detallan los nuevos montos de sueldo b\u00e1sico, complementos y suplementos remunerativos para cada categor\u00eda del escalaf\u00f3n.<\/p>\n\n\n\n<h2 class=\"wp-block-heading\">Cu\u00e1nto cobrar\u00e1n las categor\u00edas m\u00e1s altas<\/h2>\n\n\n\n<p>De acuerdo con las escalas oficiales incluidas en el decreto, algunos de los montos totales previstos desde abril de 2026 son:<\/p>\n\n\n\n<p><strong>Categor\u00eda A3: $702.131<\/strong><br><strong>Categor\u00eda A2: $626.156<\/strong><br><strong>Categor\u00eda B1: $531.756<\/strong><\/p>\n\n\n\n<p>Estos valores corresponden al total de la remuneraci\u00f3n integrada por sueldo b\u00e1sico, complemento b\u00e1sico y suplemento remunerativo, seg\u00fan las planillas salariales del Ejecutivo provincial.<\/p>\n\n\n\n<h2 class=\"wp-block-heading\"><strong>Escalas salariales completas<\/strong>&nbsp;<\/h2>\n\n\n\n<p>El decreto tambi\u00e9n fija las bases de c\u00e1lculo para bonificaciones espec\u00edficas, entre ellas:<\/p>\n\n\n\n<p>&#8211; Dedicaci\u00f3n exclusiva<br>&#8211; Bonificaci\u00f3n para auxiliares de enfermer\u00eda<br>&#8211; Bonificaciones para personal de establecimientos sanitarios<\/p>\n\n\n\n<p>Todos estos valores se detallan en las planillas anexas del decreto, donde se establecen los montos seg\u00fan categor\u00eda y agrupamiento del personal.<\/p>\n\n\n\n<p>El instrumento legal fue aprobado en acuerdo general de ministros y deber\u00e1 ser remitido a la C\u00e1mara de Diputados del Chaco para su ratificaci\u00f3n, conforme lo establece el propio decreto.&nbsp;<\/p>\n","protected":false},"excerpt":{"rendered":"<p>El Gobierno provincial oficializ\u00f3 un incremento escalonado para el personal del Escalaf\u00f3n General. Ser\u00e1 del 3% en marzo y del 2% en abril de 2026.&hellip; <\/p>\n","protected":false},"author":2,"featured_media":38128,"comment_status":"open","ping_status":"open","sticky":false,"template":"","format":"standard","meta":{"footnotes":""},"categories":[9,2],"tags":[],"class_list":["post-38127","post","type-post","status-publish","format-standard","has-post-thumbnail","hentry","category-destacadas","category-provinciales"],"_links":{"self":[{"href":"https:\/\/lametro989.com\/index.php?rest_route=\/wp\/v2\/posts\/38127","targetHints":{"allow":["GET"]}}],"collection":[{"href":"https:\/\/lametro989.com\/index.php?rest_route=\/wp\/v2\/posts"}],"about":[{"href":"https:\/\/lametro989.com\/index.php?rest_route=\/wp\/v2\/types\/post"}],"author":[{"embeddable":true,"href":"https:\/\/lametro989.com\/index.php?rest_route=\/wp\/v2\/users\/2"}],"replies":[{"embeddable":true,"href":"https:\/\/lametro989.com\/index.php?rest_route=%2Fwp%2Fv2%2Fcomments&post=38127"}],"version-history":[{"count":1,"href":"https:\/\/lametro989.com\/index.php?rest_route=\/wp\/v2\/posts\/38127\/revisions"}],"predecessor-version":[{"id":38129,"href":"https:\/\/lametro989.com\/index.php?rest_route=\/wp\/v2\/posts\/38127\/revisions\/38129"}],"wp:featuredmedia":[{"embeddable":true,"href":"https:\/\/lametro989.com\/index.php?rest_route=\/wp\/v2\/media\/38128"}],"wp:attachment":[{"href":"https:\/\/lametro989.com\/index.php?rest_route=%2Fwp%2Fv2%2Fmedia&parent=38127"}],"wp:term":[{"taxonomy":"category","embeddable":true,"href":"https:\/\/lametro989.com\/index.php?rest_route=%2Fwp%2Fv2%2Fcategories&post=38127"},{"taxonomy":"post_tag","embeddable":true,"href":"https:\/\/lametro989.com\/index.php?rest_route=%2Fwp%2Fv2%2Ftags&post=38127"}],"curies":[{"name":"wp","href":"https:\/\/api.w.org\/{rel}","templated":true}]}}