{"id":38130,"date":"2026-03-13T07:41:12","date_gmt":"2026-03-13T10:41:12","guid":{"rendered":"https:\/\/lametro989.com\/?p=38130"},"modified":"2026-03-13T07:41:12","modified_gmt":"2026-03-13T10:41:12","slug":"el-mensaje-de-chiqui-tapia-tras-reunirse-con-alejandro-dominguez-para-definir-la-sede-de-la-finalissima","status":"publish","type":"post","link":"https:\/\/lametro989.com\/?p=38130","title":{"rendered":"El mensaje de Chiqui Tapia tras reunirse con Alejandro Dom\u00ednguez para definir la sede de la Finalissima"},"content":{"rendered":"\n<p>Claudio Tapia se reuni\u00f3 con Alejandro Dom\u00ednguez para hablar de la Finalissima entre Argentina y Espa\u00f1a y luego public\u00f3 un mensaje en redes.<\/p>\n\n\n\n<figure class=\"wp-block-image size-full\"><img loading=\"lazy\" decoding=\"async\" width=\"610\" height=\"379\" src=\"https:\/\/lametro989.com\/wp-content\/uploads\/2026\/03\/image-108.png\" alt=\"\" class=\"wp-image-38131\" srcset=\"https:\/\/lametro989.com\/wp-content\/uploads\/2026\/03\/image-108.png 610w, https:\/\/lametro989.com\/wp-content\/uploads\/2026\/03\/image-108-300x186.png 300w\" sizes=\"auto, (max-width: 610px) 100vw, 610px\" \/><\/figure>\n\n\n\n<p><strong>Claudio \u201cChiqui\u201d Tapia<\/strong>&nbsp;se reuni\u00f3 con&nbsp;<strong>Alejandro Dom\u00ednguez<\/strong>&nbsp;para avanzar en la definici\u00f3n de la sede de la&nbsp;<strong>Finalissima&nbsp;<\/strong>entre&nbsp;<strong>Argentina<\/strong>&nbsp;y&nbsp;<strong>Espa\u00f1a<\/strong>. Tras el encuentro, el presidente de la&nbsp;<strong>AFA&nbsp;<\/strong>public\u00f3 un mensaje en redes sociales en el que destac\u00f3 la reuni\u00f3n de trabajo con el titular de la Conmebol.<\/p>\n\n\n\n<p>El encuentro se llev\u00f3 adelante en medio de la incertidumbre que rodea al partido entre el campe\u00f3n de la\u00a0<strong>Copa Am\u00e9rica<\/strong>\u00a0y el ganador de la\u00a0<strong>Eurocopa<\/strong>, cuya organizaci\u00f3n todav\u00eda no tiene estadio confirmado. Luego del encuentro, Tapia comparti\u00f3 un mensaje en su cuenta oficial en redes sociales para referirse a la reuni\u00f3n que mantuvo con el dirigente paraguayo:\u00a0<strong>\u201cMuchas gracias, presidente, por tomarte el tiempo de visitar la Argentina para dialogar sobre la Finalissima. Tuvimos una muy buena reuni\u00f3n de trabajo, donde conversamos e intercambiamos ideas durante una cena\u201d<\/strong>, escribi\u00f3 el titular de la AFA. La publicaci\u00f3n reflej\u00f3 el clima del encuentro, que tuvo como objetivo principal avanzar en la b\u00fasqueda de una sede para el partido entre las selecciones campeonas de Am\u00e9rica y Europa. La discusi\u00f3n por la sede de la Finalissima<\/p>\n\n\n\n<p>En un principio, el encuentro estaba programado para el&nbsp;<strong>viernes 27 de marzo<\/strong>&nbsp;y ten\u00eda como escenario previsto el&nbsp;<strong>estadio Lusail<\/strong>, en&nbsp;<strong>Qatar<\/strong>. Sin embargo, esa posibilidad qued\u00f3 en duda debido al&nbsp;<strong>conflicto b\u00e9lico en Medio Oriente<\/strong>, lo que oblig\u00f3 a las federaciones involucradas a evaluar nuevas alternativas. Entre las opciones que aparecieron se encuentran&nbsp;<strong>Miami<\/strong>&nbsp;y&nbsp;<strong>Londres<\/strong>, aunque ambas ciudades fueron perdiendo fuerza con el correr de los d\u00edas.<\/p>\n\n\n\n<p>Mientras tanto, desde&nbsp;<strong>UEFA<\/strong>&nbsp;impulsan que el partido se juegue en&nbsp;<strong>Espa\u00f1a<\/strong>, con el&nbsp;<strong>Estadio Santiago Bernab\u00e9u<\/strong>&nbsp;como una de las sedes propuestas. Tapia, en cambio, dej\u00f3 clara su postura en los \u00faltimos d\u00edas al expresar p\u00fablicamente su deseo de que el encuentro se dispute en&nbsp;<strong>Buenos Aires<\/strong>, m\u00e1s precisamente en el&nbsp;<strong>estadio Monumental<\/strong>, habitual escenario de la&nbsp;<strong>Selecci\u00f3n argentina<\/strong>.<\/p>\n","protected":false},"excerpt":{"rendered":"<p>Claudio Tapia se reuni\u00f3 con Alejandro Dom\u00ednguez para hablar de la Finalissima entre Argentina y Espa\u00f1a y luego public\u00f3 un mensaje en redes. Claudio \u201cChiqui\u201d&hellip; <\/p>\n","protected":false},"author":2,"featured_media":38131,"comment_status":"open","ping_status":"open","sticky":false,"template":"","format":"standard","meta":{"footnotes":""},"categories":[10],"tags":[],"class_list":["post-38130","post","type-post","status-publish","format-standard","has-post-thumbnail","hentry","category-deportes"],"_links":{"self":[{"href":"https:\/\/lametro989.com\/index.php?rest_route=\/wp\/v2\/posts\/38130","targetHints":{"allow":["GET"]}}],"collection":[{"href":"https:\/\/lametro989.com\/index.php?rest_route=\/wp\/v2\/posts"}],"about":[{"href":"https:\/\/lametro989.com\/index.php?rest_route=\/wp\/v2\/types\/post"}],"author":[{"embeddable":true,"href":"https:\/\/lametro989.com\/index.php?rest_route=\/wp\/v2\/users\/2"}],"replies":[{"embeddable":true,"href":"https:\/\/lametro989.com\/index.php?rest_route=%2Fwp%2Fv2%2Fcomments&post=38130"}],"version-history":[{"count":1,"href":"https:\/\/lametro989.com\/index.php?rest_route=\/wp\/v2\/posts\/38130\/revisions"}],"predecessor-version":[{"id":38132,"href":"https:\/\/lametro989.com\/index.php?rest_route=\/wp\/v2\/posts\/38130\/revisions\/38132"}],"wp:featuredmedia":[{"embeddable":true,"href":"https:\/\/lametro989.com\/index.php?rest_route=\/wp\/v2\/media\/38131"}],"wp:attachment":[{"href":"https:\/\/lametro989.com\/index.php?rest_route=%2Fwp%2Fv2%2Fmedia&parent=38130"}],"wp:term":[{"taxonomy":"category","embeddable":true,"href":"https:\/\/lametro989.com\/index.php?rest_route=%2Fwp%2Fv2%2Fcategories&post=38130"},{"taxonomy":"post_tag","embeddable":true,"href":"https:\/\/lametro989.com\/index.php?rest_route=%2Fwp%2Fv2%2Ftags&post=38130"}],"curies":[{"name":"wp","href":"https:\/\/api.w.org\/{rel}","templated":true}]}}