{"id":38133,"date":"2026-03-13T07:44:18","date_gmt":"2026-03-13T10:44:18","guid":{"rendered":"https:\/\/lametro989.com\/?p=38133"},"modified":"2026-03-13T07:44:18","modified_gmt":"2026-03-13T10:44:18","slug":"piden-15-anos-de-prision-para-agostina-paez-la-abogada-argentina-acusada-de-racismo-en-brasil","status":"publish","type":"post","link":"https:\/\/lametro989.com\/?p=38133","title":{"rendered":"Piden 15 a\u00f1os de prisi\u00f3n para Agostina P\u00e1ez, la abogada argentina acusada de racismo en Brasil"},"content":{"rendered":"\n<p>Carla Junqueira -abogada de la joven acusada- revel\u00f3 que la fiscal\u00eda argumenta que existe &#8220;concurso material&#8221;, que es la sumatoria de tres delitos distintos.<\/p>\n\n\n\n<figure class=\"wp-block-image size-full\"><img loading=\"lazy\" decoding=\"async\" width=\"610\" height=\"445\" src=\"https:\/\/lametro989.com\/wp-content\/uploads\/2026\/03\/image-109.png\" alt=\"\" class=\"wp-image-38134\" srcset=\"https:\/\/lametro989.com\/wp-content\/uploads\/2026\/03\/image-109.png 610w, https:\/\/lametro989.com\/wp-content\/uploads\/2026\/03\/image-109-300x219.png 300w\" sizes=\"auto, (max-width: 610px) 100vw, 610px\" \/><\/figure>\n\n\n\n<p>Mientras contin\u00faa el avance de&nbsp;<a href=\"https:\/\/www.minutouno.com\/sociedad\/la-abogada-argentina-acusada-racismo-brasil-ofrecio-disculpas-publicas-lo-que-hice-fue-muy-grave-n6254984\" target=\"_blank\" rel=\"noreferrer noopener\">la causa contra&nbsp;<strong>Agostina P\u00e1ez<\/strong>&nbsp;-la abogada argentina que est\u00e1 siendo acusada por un expl\u00edcito acto de racismo en Brasil-<\/a>, la letrada que la defiende, Carla Junqueira, se encarg\u00f3 de informar cu\u00e1n complicada est\u00e1 la joven que se encontraba de vacaciones con amigas en el pa\u00eds vecino.<\/p>\n\n\n\n<p>Seg\u00fan inform\u00f3, la fiscal\u00eda pide 15 a\u00f1os de prisi\u00f3n para P\u00e1ez, alegando que existe\u00a0<strong>&#8220;concurso material&#8221;<\/strong>, algo que ella misma se encarg\u00f3 de explicar:\u00a0&#8220;En realidad, la fiscal\u00eda lo que pide es lo que se llama concurso material, que es la sumatoria de tres penas, de tres delitos distintos de racismo hacia tres v\u00edctimas distintas, en tres momentos distintos&#8221;. En este sentido, agreg\u00f3: &#8220;<strong>No hay pruebas suficientes, ni siquiera indicios, de que puede haber habido un concurso material<\/strong>. Lo que pas\u00f3 fue efectivamente una reacci\u00f3n emocional, un error, un equ\u00edvoco, una reacci\u00f3n emocional que pas\u00f3 en un momento continuo&#8221;.<\/p>\n\n\n\n<p><strong>&#8220;Nosotros descartamos por completo la posibilidad de concurso material, por lo tanto, sumatoria de penas para que se llegue a estos 15 a\u00f1os, pero esta s\u00ed es la argumentaci\u00f3n de la fiscal\u00eda&#8221;<\/strong>, dej\u00f3 en claro Junqueira, generando total preocupaci\u00f3n por la argentina que se encuentra detenida en R\u00edo de Janeiro. Las disculpas p\u00fablicas de Agostina: &#8220;Lo que hice fue muy grave&#8221;<\/p>\n\n\n\n<p><strong>Agostina P\u00e1ez decidi\u00f3 expresarse p\u00fablicamente<\/strong>&nbsp;a trav\u00e9s de un video que difundi\u00f3 en sus redes sociales, donde ofreci\u00f3 disculpas por lo ocurrido y admiti\u00f3 que su reacci\u00f3n fue<strong>&nbsp;\u201cmuy grave\u201d<\/strong>. En la grabaci\u00f3n, la joven explic\u00f3 que opt\u00f3 por hablar reci\u00e9n ahora luego de modificar su equipo legal. Seg\u00fan detall\u00f3, en un primer momento hab\u00eda evitado realizar declaraciones p\u00fablicas por consejo de su anterior defensa.<\/p>\n\n\n\n<p><strong>\u201cTen\u00eda ganas de hacerlo, pero por recomendaci\u00f3n de mi defensa anterior no lo hac\u00eda. Ahora, cambiando la defensa con la doctora Carla Junqueira, hemos hablado y me explic\u00f3 que s\u00ed deber\u00eda haberlo hecho\u201d<\/strong>, sostuvo.<\/p>\n\n\n\n<p>Durante el mensaje, P\u00e1ez tambi\u00e9n asegur\u00f3 que con el paso de las semanas tom\u00f3 mayor conciencia sobre lo sucedido.&nbsp;<strong>\u201cAhora s\u00e9 que no he cometido un error peque\u00f1o, que no ha sido algo sin importancia, sino que he estado muy mal. Mi reacci\u00f3n ha sido muy grave y me he equivocado\u201d<\/strong>, afirm\u00f3 mientras contin\u00faa a la espera de una decisi\u00f3n de la Justicia brasile\u00f1a.<\/p>\n\n\n\n<p>Adem\u00e1s, aprovech\u00f3 la publicaci\u00f3n para dirigirse a quienes pudieron haberse sentido afectados por el episodio.<strong>\u00a0\u201cLes pido perd\u00f3n de todo coraz\u00f3n a todas aquellas personas que se han sentido ofendidas, heridas o humilladas por mi actitud. Lo lamento profundamente\u201d<\/strong>, expres\u00f3. En otro tramo del video, la abogada se\u00f1al\u00f3 que el proceso judicial que atraviesa la llev\u00f3 a replantearse distintas cuestiones.&nbsp;<strong>\u201cHace m\u00e1s de dos meses que estoy enfrentando un proceso judicial aqu\u00ed y ha sido muy duro para m\u00ed. Pero me ha obligado a interiorizarme sobre lo que es el racismo, a rever mis actitudes y a ser m\u00e1s consciente y respetuosa\u201d<\/strong>, dijo.<\/p>\n\n\n\n<p>Incluso reconoci\u00f3 que antes no ten\u00eda una comprensi\u00f3n completa sobre la gravedad del tema.<strong>&nbsp;\u201cPor ignorancia desconoc\u00eda lo que era el racismo. Ahora entiendo que no es una simple ofensa, sino algo violento para quienes lo han sufrido\u201d<\/strong>, agreg\u00f3.<\/p>\n\n\n\n<p>Antes de cerrar su mensaje, volvi\u00f3 a insistir en su arrepentimiento y dej\u00f3 en claro su postura frente a lo ocurrido:<strong>&nbsp;\u201cNo me estoy justificando, sino reconociendo mi error y pidiendo perd\u00f3n sinceramente\u201d.<\/strong><\/p>\n\n\n\n<p>El episodio por el que fue denunciada ocurri\u00f3 el 14 de enero en un bar ubicado en el barrio de Ipanema. All\u00ed, P\u00e1ez fue acusada de haber realizado gestos racistas hacia empleados del lugar luego de una discusi\u00f3n relacionada con la cuenta. Si bien la joven afirm\u00f3 que durante el altercado tambi\u00e9n recibi\u00f3 gestos inapropiados por parte de los trabajadores del local, hasta el momento no se registraron denuncias formales contra ellos.<\/p>\n","protected":false},"excerpt":{"rendered":"<p>Carla Junqueira -abogada de la joven acusada- revel\u00f3 que la fiscal\u00eda argumenta que existe &#8220;concurso material&#8221;, que es la sumatoria de tres delitos distintos. Mientras&hellip; <\/p>\n","protected":false},"author":2,"featured_media":38134,"comment_status":"open","ping_status":"open","sticky":false,"template":"","format":"standard","meta":{"footnotes":""},"categories":[13],"tags":[],"class_list":["post-38133","post","type-post","status-publish","format-standard","has-post-thumbnail","hentry","category-nacionales"],"_links":{"self":[{"href":"https:\/\/lametro989.com\/index.php?rest_route=\/wp\/v2\/posts\/38133","targetHints":{"allow":["GET"]}}],"collection":[{"href":"https:\/\/lametro989.com\/index.php?rest_route=\/wp\/v2\/posts"}],"about":[{"href":"https:\/\/lametro989.com\/index.php?rest_route=\/wp\/v2\/types\/post"}],"author":[{"embeddable":true,"href":"https:\/\/lametro989.com\/index.php?rest_route=\/wp\/v2\/users\/2"}],"replies":[{"embeddable":true,"href":"https:\/\/lametro989.com\/index.php?rest_route=%2Fwp%2Fv2%2Fcomments&post=38133"}],"version-history":[{"count":1,"href":"https:\/\/lametro989.com\/index.php?rest_route=\/wp\/v2\/posts\/38133\/revisions"}],"predecessor-version":[{"id":38135,"href":"https:\/\/lametro989.com\/index.php?rest_route=\/wp\/v2\/posts\/38133\/revisions\/38135"}],"wp:featuredmedia":[{"embeddable":true,"href":"https:\/\/lametro989.com\/index.php?rest_route=\/wp\/v2\/media\/38134"}],"wp:attachment":[{"href":"https:\/\/lametro989.com\/index.php?rest_route=%2Fwp%2Fv2%2Fmedia&parent=38133"}],"wp:term":[{"taxonomy":"category","embeddable":true,"href":"https:\/\/lametro989.com\/index.php?rest_route=%2Fwp%2Fv2%2Fcategories&post=38133"},{"taxonomy":"post_tag","embeddable":true,"href":"https:\/\/lametro989.com\/index.php?rest_route=%2Fwp%2Fv2%2Ftags&post=38133"}],"curies":[{"name":"wp","href":"https:\/\/api.w.org\/{rel}","templated":true}]}}