{"id":38140,"date":"2026-03-13T07:59:03","date_gmt":"2026-03-13T10:59:03","guid":{"rendered":"https:\/\/lametro989.com\/?p=38140"},"modified":"2026-03-13T07:59:03","modified_gmt":"2026-03-13T10:59:03","slug":"el-gobierno-ensayo-una-tregua-se-alineo-detras-de-adorni-y-busca-dejar-atras-la-polemica","status":"publish","type":"post","link":"https:\/\/lametro989.com\/?p=38140","title":{"rendered":"El Gobierno ensay\u00f3 una tregua, se aline\u00f3 detr\u00e1s de Adorni y busca dejar atr\u00e1s la pol\u00e9mica"},"content":{"rendered":"\n<p>En el oficialismo descartan irregularidades en los viajes y reafirman que nada cambiar\u00e1 con el jefe de Gabinete. Pese a las hip\u00f3tesis de \u201cfuego amigo\u201d, el respaldo alcanz\u00f3 a todas las tribus del ecosistema<\/p>\n\n\n\n<figure class=\"wp-block-image size-full\"><img loading=\"lazy\" decoding=\"async\" width=\"992\" height=\"661\" src=\"https:\/\/lametro989.com\/wp-content\/uploads\/2026\/03\/image-111.png\" alt=\"\" class=\"wp-image-38141\" srcset=\"https:\/\/lametro989.com\/wp-content\/uploads\/2026\/03\/image-111.png 992w, https:\/\/lametro989.com\/wp-content\/uploads\/2026\/03\/image-111-300x200.png 300w, https:\/\/lametro989.com\/wp-content\/uploads\/2026\/03\/image-111-768x512.png 768w\" sizes=\"auto, (max-width: 992px) 100vw, 992px\" \/><\/figure>\n\n\n\n<p>El gobierno nacional cierra lo que deber\u00eda haber sido una semana de \u201c\u00e9xitos\u201d encolumnado detr\u00e1s de la figura de su jefe de Gabinete,<strong>\u00a0Manuel Adorni,\u00a0<\/strong>envuelto en una pol\u00e9mica a ra\u00edz de la abultada delegaci\u00f3n que viaj\u00f3 a Estados Unidos en el vuelo presidencial. Pese a las embestidas de la oposici\u00f3n, la secretaria general de la Presidencia,<strong>\u00a0Karina Milei,\u00a0<\/strong>no titube\u00f3 y sali\u00f3 p\u00fablicamente a\u00a0<strong>respaldar\u00a0<\/strong>al funcionario que le responde de manera directa, lo que inmediatamente dio pie al apoyo de la plana completa del Gabinete. Como en mayo de 2025, la figura del ex vocero presidencial posibilit\u00f3 que todos los v\u00e9rtices del&nbsp;<strong>Tri\u00e1ngulo de Hierro&nbsp;<\/strong>depusieran sus diferencias y sintetizaran un mensaje com\u00fan: el apoyo p\u00fablico al funcionario que acumula denuncias de la oposici\u00f3n.<\/p>\n\n\n\n<p><strong>\u201cTodos saben que no hubo ni irregualaridades, ni corrupci\u00f3n, ni gastos que no pueda justificar\u201d<\/strong>, precis\u00f3 un funcionario ante\u00a0<strong>Infobae\u00a0<\/strong>luego de que las redes sociales oficiaran de epicentro de cr\u00edticas contra el ministro coordinador. Si bien el grueso del Gabinete hizo p\u00fablico su respaldo, en Balcarce 50 niegan que se haya tratado de una directiva oficial y hablan de\u00a0<strong>una acci\u00f3n \u201cespont\u00e1nea<\/strong>\u201d. La primera en solidarizarse fue la ministra de Capital Humano,&nbsp;<strong>Sandra Pettovello<\/strong>, y su accionar fue replicado por los ocho ministros restantes, algunos ex funcionarios, legisladores y referentes del ecosistema libertario. Sin embargo, la catarata de mensajes qued\u00f3 formalmente habilitada luego de que la menor de los Milei escribiera un nuevo mensaje en su cuenta de X,<strong>&nbsp;el segundo del a\u00f1o.<\/strong><\/p>\n\n\n\n<p>Hasta el cierre de esta edici\u00f3n, los \u00fanicos dos que no se hab\u00edan expedido con un mensaje personal fueron el ministro de Desregulaci\u00f3n y Transformaci\u00f3n del Estado,\u00a0<strong>Federico Sturzenegger<\/strong>, quien comparti\u00f3 una foto con el funcionario en cuesti\u00f3n el pasado mi\u00e9rcoles; y la jefa de bloque de LLA,\u00a0<strong>Patricia Bullrich,<\/strong>\u00a0que se limit\u00f3 a replicar las palabras de la secretaria general de la Presidencia.\u00a0<strong>El gesto de esta \u00faltima no pas\u00f3 inadvertido.<\/strong> <\/p>\n\n\n\n<figure class=\"wp-block-image size-full\"><img loading=\"lazy\" decoding=\"async\" width=\"992\" height=\"662\" src=\"https:\/\/lametro989.com\/wp-content\/uploads\/2026\/03\/image-112.png\" alt=\"\" class=\"wp-image-38142\" srcset=\"https:\/\/lametro989.com\/wp-content\/uploads\/2026\/03\/image-112.png 992w, https:\/\/lametro989.com\/wp-content\/uploads\/2026\/03\/image-112-300x200.png 300w, https:\/\/lametro989.com\/wp-content\/uploads\/2026\/03\/image-112-768x513.png 768w\" sizes=\"auto, (max-width: 992px) 100vw, 992px\" \/><\/figure>\n\n\n\n<p>Con un margen de media hora,&nbsp;<strong>Karina Milei, Santiago Caputo y el propio<\/strong>&nbsp;<strong>Javier Milei<\/strong>&nbsp;utilizaron sus cuentas oficiales para ordenar el alineamiento de la tropa detr\u00e1s del funcionario se\u00f1alado. La coordinaci\u00f3n virtual, que alcanz\u00f3 al esquema de cuentas que responden al sal\u00f3n Mart\u00edn Fierro, tuvo lugar a horas de que varios interlocutores de la administraci\u00f3n plantearan que la difusi\u00f3n de la tem\u00e1tica respond\u00eda lisa y llanamente a&nbsp;<strong>\u201cfuego amigo\u201d.<\/strong><\/p>\n\n\n\n<p><strong>La hip\u00f3tesis fue resistida en algunos despachos de Casa Rosada.&nbsp;<\/strong>\u201cNo es interno, fue&nbsp;<strong>Jos\u00e9 Glinski&nbsp;<\/strong>que maneja la Polic\u00eda de Seguridad Aeron\u00e1utica (PSA) el responsable de las filtraciones&#8221;, contraargumentaron desde otro sector del ecosistema libertario.<\/p>\n\n\n\n<p>Poco menos de 24 horas m\u00e1s tarde, la l\u00ednea oficial mut\u00f3 a responsabilizar a la&nbsp;<strong>oposici\u00f3n y los medios de comunicaci\u00f3n<\/strong>&nbsp;por \u201coperar\u201d, y la explicaci\u00f3n que encontr\u00f3 el libertario para justificar la presencia de&nbsp;<strong>Bettina Angeletti<\/strong>, esposa del ministro coordinador, en el ARG 01 fue hablar de \u201ccosto marginal\u201d. De manera subterr\u00e1nea persiste la sospecha de que el tema fue alimentado por los propios.&nbsp;<strong>\u201cFuegazo amigo. Un incendio casi\u201d<\/strong>, ironizaba un funcionario.<\/p>\n\n\n\n<p>Pasada la instancia de contenci\u00f3n interna y alineamiento para el afuera, luego de que la tensi\u00f3n suspendida durante los primeros meses del a\u00f1o fuera reeditada a ra\u00edz de los cambios instrumentados en el Ministerio de Justicia, la determinaci\u00f3n del oficialismo es intentar&nbsp;<strong>cerrar el tema, respaldar al ministro coordinador y redireccionar la agenda hacia la gesti\u00f3n.<\/strong><\/p>\n\n\n\n<p>\u201c<strong>No hay ninguna posibilidad de que Manuel se vaya. Es una estupidez que no va a escalar<\/strong>\u201d, garantiz\u00f3 a este medio una importante fuente con acceso al despacho presidencial pese a la investigaci\u00f3n judicial abierta.&nbsp;<strong>\u201cNo es grave. Vende porque el esc\u00e1ndalo vende&nbsp;<\/strong>y la oposici\u00f3n aprovecha para escandalizarse. Se robaron un PBI y se rasgan las vestiduras porque llev\u00f3 a su mujer en el avi\u00f3n\u201d, coincidi\u00f3 otro oficialista.<img loading=\"lazy\" decoding=\"async\" alt=\"La mesa pol\u00edtica se re\u00fane\" height=\"1200\" src=\"https:\/\/www.infobae.com\/resizer\/v2\/2C3ANHK6QRCD7PBLL6XYLJOO3U.jpeg?auth=a2090764bc6bd114bb7c94bcc666b900a27f85ebd2a727b2a52aa693dfb9e225&amp;smart=true&amp;width=350&amp;height=263&amp;quality=85\" width=\"1600\">La mesa pol\u00edtica se re\u00fane y retrata el intercambio con una selfie<\/p>\n\n\n\n<p>Sobre el cierre de la jornada de jueves, Adorni volvi\u00f3 a hacer eco del tema tras admitir haber utilizado un t\u00e9rmino que calific\u00f3 de \u201cdesafortunado\u201d, luego de sostener que estaba \u201cdeslom\u00e1ndose\u201d en Nueva York, y agradecer los mensajes de apoyo. \u201c<strong>Todo lo que hacemos es con honestidad y plena conciencia de lo que tenemos enfrente:<\/strong>&nbsp;los que siempre van a hacer todo lo posible para que la Argentina no cambie\u201d, expres\u00f3.<\/p>\n\n\n\n<p>Luego de protagonizar una extensa agenda, Adorni se mostr\u00f3 junto a su esposa al cierre de la&nbsp;<strong>Argentina Week<\/strong>&nbsp;y a\u00fan le resta una reuni\u00f3n en el consulado argentino en Estados Unidos prevista para este viernes. Por eso, se espera que retorne al pa\u00eds el s\u00e1bado, cuando el mandatario se encuentre participando del Foro Econ\u00f3mico en Madrid.<\/p>\n\n\n\n<p>Pasado el fin de semana, encabezar\u00e1 el lunes la&nbsp;<strong>primera reuni\u00f3n de mesa pol\u00edtica&nbsp;<\/strong>del per\u00edodo ordinario para ordenar la agenda legislativa y establecer las prioridades del 2026. Asimismo, se avecina el&nbsp;<a rel=\"noreferrer noopener\" href=\"https:\/\/www.infobae.com\/politica\/2026\/03\/04\/manuel-adorni-brindara-su-primer-informe-de-gestion-a-mediados-de-abril-en-la-camara-de-diputados\/\" target=\"_blank\"><strong>primer informe de gesti\u00f3n<\/strong><\/a>que deber\u00e1 brindar ante el Congreso Nacional en calidad de Jefe de Gabinete a mediados de abril, donde se descuenta que la tem\u00e1tica se repita entre las preguntas de los bloques opositores en Diputados.<\/p>\n\n\n\n<p>Con la idea de dejar atr\u00e1s el ruido medi\u00e1tico, pero con la complejidad del reciente expediente preliminar abierto por la&nbsp;<strong>Procuradur\u00eda de Investigaciones Administrativas&nbsp;<\/strong>(PIA), en el oficialismo descartan que tenga impacto, aunque admiten que generar\u00e1 molestias menores. \u201cVa a romper las pelotas, pero para nuestro pa\u00eds, y nuestros est\u00e1ndares, no es un tema de gravedad institucional.&nbsp;<strong>Venimos de las causas Cuadernos, Hotesur y Vialidad<\/strong>\u201d, argumentaron ante este medio.<\/p>\n","protected":false},"excerpt":{"rendered":"<p>En el oficialismo descartan irregularidades en los viajes y reafirman que nada cambiar\u00e1 con el jefe de Gabinete. Pese a las hip\u00f3tesis de \u201cfuego amigo\u201d,&hellip; <\/p>\n","protected":false},"author":2,"featured_media":38141,"comment_status":"open","ping_status":"open","sticky":false,"template":"","format":"standard","meta":{"footnotes":""},"categories":[9,5],"tags":[],"class_list":["post-38140","post","type-post","status-publish","format-standard","has-post-thumbnail","hentry","category-destacadas","category-politica"],"_links":{"self":[{"href":"https:\/\/lametro989.com\/index.php?rest_route=\/wp\/v2\/posts\/38140","targetHints":{"allow":["GET"]}}],"collection":[{"href":"https:\/\/lametro989.com\/index.php?rest_route=\/wp\/v2\/posts"}],"about":[{"href":"https:\/\/lametro989.com\/index.php?rest_route=\/wp\/v2\/types\/post"}],"author":[{"embeddable":true,"href":"https:\/\/lametro989.com\/index.php?rest_route=\/wp\/v2\/users\/2"}],"replies":[{"embeddable":true,"href":"https:\/\/lametro989.com\/index.php?rest_route=%2Fwp%2Fv2%2Fcomments&post=38140"}],"version-history":[{"count":1,"href":"https:\/\/lametro989.com\/index.php?rest_route=\/wp\/v2\/posts\/38140\/revisions"}],"predecessor-version":[{"id":38143,"href":"https:\/\/lametro989.com\/index.php?rest_route=\/wp\/v2\/posts\/38140\/revisions\/38143"}],"wp:featuredmedia":[{"embeddable":true,"href":"https:\/\/lametro989.com\/index.php?rest_route=\/wp\/v2\/media\/38141"}],"wp:attachment":[{"href":"https:\/\/lametro989.com\/index.php?rest_route=%2Fwp%2Fv2%2Fmedia&parent=38140"}],"wp:term":[{"taxonomy":"category","embeddable":true,"href":"https:\/\/lametro989.com\/index.php?rest_route=%2Fwp%2Fv2%2Fcategories&post=38140"},{"taxonomy":"post_tag","embeddable":true,"href":"https:\/\/lametro989.com\/index.php?rest_route=%2Fwp%2Fv2%2Ftags&post=38140"}],"curies":[{"name":"wp","href":"https:\/\/api.w.org\/{rel}","templated":true}]}}