{"id":38144,"date":"2026-03-13T08:11:08","date_gmt":"2026-03-13T11:11:08","guid":{"rendered":"https:\/\/lametro989.com\/?p=38144"},"modified":"2026-03-13T08:11:08","modified_gmt":"2026-03-13T11:11:08","slug":"ranking-de-inflacion-en-que-posicion-quedo-argentina-en-america-latina-tras-el-dato-de-febrero","status":"publish","type":"post","link":"https:\/\/lametro989.com\/?p=38144","title":{"rendered":"Ranking de inflaci\u00f3n: en qu\u00e9 posici\u00f3n qued\u00f3 Argentina en Am\u00e9rica Latina tras el dato de febrero"},"content":{"rendered":"\n<p>Mientras la mayor\u00eda de las econom\u00edas de la regi\u00f3n reportaron variaciones inferiores al 1% e incluso deflaci\u00f3n, el IPC local consolid\u00f3 la tendencia alcista que se inici\u00f3 en mayo de 2025<\/p>\n\n\n\n<figure class=\"wp-block-image size-full\"><img loading=\"lazy\" decoding=\"async\" width=\"992\" height=\"637\" src=\"https:\/\/lametro989.com\/wp-content\/uploads\/2026\/03\/image-113.png\" alt=\"\" class=\"wp-image-38145\" srcset=\"https:\/\/lametro989.com\/wp-content\/uploads\/2026\/03\/image-113.png 992w, https:\/\/lametro989.com\/wp-content\/uploads\/2026\/03\/image-113-300x193.png 300w, https:\/\/lametro989.com\/wp-content\/uploads\/2026\/03\/image-113-768x493.png 768w\" sizes=\"auto, (max-width: 992px) 100vw, 992px\" \/><\/figure>\n\n\n\n<p>La difusi\u00f3n del<a href=\"https:\/\/www.infobae.com\/economia\/2026\/03\/12\/la-inflacion-fue-de-29-en-febrero-y-acumulo-331-en-los-ultimos-doce-meses\/\" target=\"_blank\" rel=\"noreferrer noopener\"><strong>\u00cdndice de Precios al Consumidor (IPC)<\/strong><\/a>\u00a0correspondiente a febrero de 2026 por parte del Instituto Nacional de Estad\u00edstica y Censos (Indec) permite actualizar la comparaci\u00f3n del ritmo de aumento de precios en\u00a0<strong>Am\u00e9rica Latina<\/strong>.\u00a0<strong>Con un registro del 2,9% mensual,<\/strong>\u00a0<strong>Argentina se consolida en el segundo puesto del ranking regional<\/strong>, solo superada por\u00a0<strong>Venezuela<\/strong>, y mantiene una brecha significativa respecto al resto de las econom\u00edas del cono sur, que presentan variaciones mayoritariamente por debajo del 1 por ciento. En el acumulado del primer bimestre del a\u00f1o, el pa\u00eds registr\u00f3 una variaci\u00f3n de precios del 5,9 por ciento. Este escenario se da en un contexto donde, tras una desaceleraci\u00f3n previa, la inflaci\u00f3n local muestra una tendencia alcista que se sostiene desde junio de 2025. Al mismo tiempo, el<strong>&nbsp;dato interanual se ubic\u00f3 en el 33,1%<\/strong>, cifra que supera ampliamente los promedios anuales de los pa\u00edses vecinos.<\/p>\n\n\n\n<h2 class=\"wp-block-heading\">El panorama en la cima del ranking<\/h2>\n\n\n\n<p><strong>Venezuela\u00a0<\/strong>contin\u00faa ocupando el primer lugar de la medici\u00f3n regional con una marcada diferencia. Seg\u00fan los datos del Banco Central de Venezuela, la inflaci\u00f3n de febrero fue del<strong>\u00a014,60%<\/strong>, mientras que el acumulado del primer bimestre escal\u00f3 al<strong>\u00a051,90 por ciento<\/strong>. A pesar de ciertos periodos de estabilidad relativa en a\u00f1os anteriores, la din\u00e1mica de precios en ese pa\u00eds se mantiene en dos d\u00edgitos mensuales, reflejando grande desequilibrios macroecon\u00f3micos. <strong>Argentina<\/strong>, en el segundo puesto con el mencionado<strong>&nbsp;2,9%<\/strong>, se distancia del grupo de pa\u00edses con metas de inflaci\u00f3n de un solo d\u00edgito anual.&nbsp;<a rel=\"noreferrer noopener\" href=\"https:\/\/www.infobae.com\/economia\/2026\/03\/12\/la-inflacion-fue-de-29-en-febrero-y-acumulo-331-en-los-ultimos-doce-meses\/\" target=\"_blank\">La evoluci\u00f3n del IPC local en febrero estuvo traccionada por aumentos en servicios p\u00fablicos y regulados<\/a>, adem\u00e1s del impacto estacional en ciertos rubros de consumo masivo.<\/p>\n\n\n\n<h2 class=\"wp-block-heading\">La situaci\u00f3n en los pa\u00edses andinos<\/h2>\n\n\n\n<p><strong>Colombia\u00a0<\/strong>se ubic\u00f3 en el tercer escal\u00f3n del ranking con una inflaci\u00f3n mensual del<strong>\u00a01,08% en febrero y un acumulado bimestral del 2,27%<\/strong>, de acuerdo al Departamento Administrativo Nacional de Estad\u00edstica (DANE). La econom\u00eda colombiana ha enfrentado presiones por el lado de los precios de los alimentos y la indexaci\u00f3n de contratos de arrendamiento, aunque mantiene una tendencia de convergencia hacia niveles m\u00e1s bajos respecto al a\u00f1o previo. Por su parte,&nbsp;<strong>Per\u00fa&nbsp;<\/strong>registr\u00f3 una variaci\u00f3n del<strong>&nbsp;0,69%<\/strong>&nbsp;<strong>en febrero<\/strong>, seg\u00fan el Banco Central de Reserva del Per\u00fa (BCRP). El acumulado de los primeros dos meses del a\u00f1o alcanz\u00f3 el&nbsp;<strong>0,72 por ciento<\/strong>. Seg\u00fan los medios locales, el pa\u00eds ha logrado mantener su estabilidad monetaria a pesar de las fluctuaciones en los precios internacionales de la energ\u00eda, apoyado en una pol\u00edtica monetaria restrictiva y una recuperaci\u00f3n en la oferta de productos agr\u00edcolas tras eventos clim\u00e1ticos que hab\u00edan afectado el inicio del a\u00f1o pasado.<\/p>\n\n\n\n<p><strong>Ecuador&nbsp;<\/strong>report\u00f3 una inflaci\u00f3n del&nbsp;<strong>0,21% mensual<\/strong>&nbsp;y un&nbsp;<strong>0,57% acumulado en el primer bimestre.<\/strong>&nbsp;El Instituto Nacional de Estad\u00edstica y Censos (INEC) de ese pa\u00eds refleja niveles de variaci\u00f3n de precios que se encuentran entre los m\u00e1s bajos de la regi\u00f3n, vinculados a la ausencia de expansi\u00f3n monetaria y a un consumo interno que mantiene una din\u00e1mica moderada.<\/p>\n\n\n\n<h2 class=\"wp-block-heading\">El bloque del Mercosur y la estabilidad del Cono Sur<\/h2>\n\n\n\n<p><strong>Brasil<\/strong>, la principal econom\u00eda de la regi\u00f3n, mostr\u00f3 un IPC del\u00a0<strong>0,70% en febrero<\/strong>, con un\u00a0<strong>acumulado bimestral del 1,03 por ciento.<\/strong>\u00a0Seg\u00fan el Instituto Brasile\u00f1o de Geograf\u00eda y Estad\u00edstica (IBGE), el \u00edndice se vio influenciado por los costos de transporte y educaci\u00f3n, t\u00edpicos del segundo mes del a\u00f1o. No obstante, el Banco Central de Brasil mantiene una vigilancia estrecha sobre las expectativas de inflaci\u00f3n para asegurar el cumplimiento de sus metas anuales. <\/p>\n\n\n\n<p><strong>Uruguay&nbsp;<\/strong>registr\u00f3 una inflaci\u00f3n del<strong>&nbsp;0,35% en febrero y un 1,27% en el primer bimestre<\/strong>. El Instituto Nacional de Estad\u00edstica (INE) uruguayo ha destacado que el pa\u00eds atraviesa un ciclo de estabilidad prolongado; de hecho, en periodos recientes&nbsp;<a rel=\"noreferrer noopener\" href=\"https:\/\/www.infobae.com\/america\/america-latina\/2026\/03\/05\/uruguay-registro-su-inflacion-interanual-mas-baja-en-70-anos\/\" target=\"_blank\">ha alcanzado sus niveles de inflaci\u00f3n interanual m\u00e1s bajos en siete d\u00e9cadas<\/a>. La apreciaci\u00f3n de la moneda local frente al d\u00f3lar y una pol\u00edtica fiscal orientada al control del gasto han contribuido a este resultado.<\/p>\n\n\n\n<p>En el caso de&nbsp;<strong>Paraguay y Chile<\/strong>, ambos pa\u00edses reportaron una<strong>&nbsp;variaci\u00f3n del 0% en el segundo mes de 2026<\/strong>.&nbsp;<strong>Paraguay acumula un 0,60% en el bimestre<\/strong>, seg\u00fan el Banco Central del Paraguay (BCP), mientras que&nbsp;<strong>Chile registra un 0,40% en el mismo periodo<\/strong>, de acuerdo al INE chileno. En Chile, la estabilidad se produce luego de un proceso de ajuste tras los picos inflacionarios de la post-pandemia, logrando anclar nuevamente las expectativas del mercado.<\/p>\n\n\n\n<h2 class=\"wp-block-heading\">Deflaci\u00f3n en la regi\u00f3n<\/h2>\n\n\n\n<p><strong>Bolivia&nbsp;<\/strong>fue el \u00fanico pa\u00eds de la regi\u00f3n que present\u00f3 una variaci\u00f3n negativa de precios en febrero, con una&nbsp;<strong>deflaci\u00f3n del -0,62%<\/strong>. De esta manera,&nbsp;<strong>el acumulado bimestral se situ\u00f3 en el 0,68 por ciento<\/strong>. El Instituto Nacional de Estad\u00edstica (INE) boliviano vincula estos movimientos a la ca\u00edda estacional en el precio de productos b\u00e1sicos de la canasta alimentaria y al sistema de subsidios vigentes que mantiene regulados los costos de la energ\u00eda y los combustibles.<\/p>\n\n\n\n<p>La brecha entre Argentina y sus vecinos se manifiesta al observar que el dato mensual argentino (2,9%) es casi&nbsp;<strong>tres veces superior al de Colombia<\/strong>, que ocupa el tercer lugar.&nbsp;<strong>Si se compara con Brasil o Uruguay, la diferencia es de cuatro y ocho veces, respectivamente<\/strong>. Esta disparidad resalta la persistencia del fen\u00f3meno inflacionario en el pa\u00eds en contraste con una regi\u00f3n que, en su mayor\u00eda, ha logrado estabilizar sus indicadores de precios tras los choques externos de los \u00faltimos a\u00f1os.<\/p>\n","protected":false},"excerpt":{"rendered":"<p>Mientras la mayor\u00eda de las econom\u00edas de la regi\u00f3n reportaron variaciones inferiores al 1% e incluso deflaci\u00f3n, el IPC local consolid\u00f3 la tendencia alcista que&hellip; <\/p>\n","protected":false},"author":2,"featured_media":38145,"comment_status":"open","ping_status":"open","sticky":false,"template":"","format":"standard","meta":{"footnotes":""},"categories":[9,13],"tags":[],"class_list":["post-38144","post","type-post","status-publish","format-standard","has-post-thumbnail","hentry","category-destacadas","category-nacionales"],"_links":{"self":[{"href":"https:\/\/lametro989.com\/index.php?rest_route=\/wp\/v2\/posts\/38144","targetHints":{"allow":["GET"]}}],"collection":[{"href":"https:\/\/lametro989.com\/index.php?rest_route=\/wp\/v2\/posts"}],"about":[{"href":"https:\/\/lametro989.com\/index.php?rest_route=\/wp\/v2\/types\/post"}],"author":[{"embeddable":true,"href":"https:\/\/lametro989.com\/index.php?rest_route=\/wp\/v2\/users\/2"}],"replies":[{"embeddable":true,"href":"https:\/\/lametro989.com\/index.php?rest_route=%2Fwp%2Fv2%2Fcomments&post=38144"}],"version-history":[{"count":1,"href":"https:\/\/lametro989.com\/index.php?rest_route=\/wp\/v2\/posts\/38144\/revisions"}],"predecessor-version":[{"id":38146,"href":"https:\/\/lametro989.com\/index.php?rest_route=\/wp\/v2\/posts\/38144\/revisions\/38146"}],"wp:featuredmedia":[{"embeddable":true,"href":"https:\/\/lametro989.com\/index.php?rest_route=\/wp\/v2\/media\/38145"}],"wp:attachment":[{"href":"https:\/\/lametro989.com\/index.php?rest_route=%2Fwp%2Fv2%2Fmedia&parent=38144"}],"wp:term":[{"taxonomy":"category","embeddable":true,"href":"https:\/\/lametro989.com\/index.php?rest_route=%2Fwp%2Fv2%2Fcategories&post=38144"},{"taxonomy":"post_tag","embeddable":true,"href":"https:\/\/lametro989.com\/index.php?rest_route=%2Fwp%2Fv2%2Ftags&post=38144"}],"curies":[{"name":"wp","href":"https:\/\/api.w.org\/{rel}","templated":true}]}}