{"id":38147,"date":"2026-03-13T08:15:26","date_gmt":"2026-03-13T11:15:26","guid":{"rendered":"https:\/\/lametro989.com\/?p=38147"},"modified":"2026-03-13T08:15:26","modified_gmt":"2026-03-13T11:15:26","slug":"revelan-conversaciones-entre-javier-milei-y-mauricio-novelli-antes-y-despues-del-lanzamiento-de-libra","status":"publish","type":"post","link":"https:\/\/lametro989.com\/?p=38147","title":{"rendered":"Revelan conversaciones entre Javier Milei y Mauricio Novelli antes y despu\u00e9s del lanzamiento de #LIBRA"},"content":{"rendered":"\n<p>Minutos antes y despu\u00e9s de que el Presidente promocionara el token que deriv\u00f3 en una enorme estafa global, se comunic\u00f3 telef\u00f3nicamente con el trader que lo invent\u00f3, seg\u00fan se revela en el expediente judicial del caso.<\/p>\n\n\n\n<figure class=\"wp-block-image size-full\"><img loading=\"lazy\" decoding=\"async\" width=\"610\" height=\"381\" src=\"https:\/\/lametro989.com\/wp-content\/uploads\/2026\/03\/image-114.png\" alt=\"\" class=\"wp-image-38148\" srcset=\"https:\/\/lametro989.com\/wp-content\/uploads\/2026\/03\/image-114.png 610w, https:\/\/lametro989.com\/wp-content\/uploads\/2026\/03\/image-114-300x187.png 300w\" sizes=\"auto, (max-width: 610px) 100vw, 610px\" \/><\/figure>\n\n\n\n<p>Las pericias al tel\u00e9fono del trader&nbsp;<strong>Mauricio Novelli, el empresario detr\u00e1s del lanzamiento de la criptomoneda $Libra, revelaron que llam\u00f3 al menos cinco veces a Javier Milei en los minutos previos<\/strong>&nbsp;a que el Presidente promocionara el token mediante un posteo en X.<\/p>\n\n\n\n<p>Esas llamadas demostrar\u00edan, a priori, que exist\u00eda un conocimiento previo por parte del mandatario y una\u00a0<strong>estrategia coordinada detr\u00e1s de la maniobra que termin\u00f3 en una escandalosa estafa a miles de inversores<\/strong>. La revelaci\u00f3n surge de documentos anexos a la causa judicial, que brindan informaci\u00f3n detallada sobre el contenido del tel\u00e9fono de Novelli.&nbsp;<strong>&#8220;Es la persona que, se sospecha, habr\u00eda convocado al Presidente a publicar el posteo del 14 de febrero del a\u00f1o pasado&#8221;<\/strong>, explic\u00f3 el periodista Ariel Zak por la se\u00f1al de noticias&nbsp;<em>C5N<\/em>.<\/p>\n\n\n\n<p>&#8220;Ese 14 de febrero,\u00a0<strong>cerca de las 19.01, horario en que Milei poste\u00f3, habr\u00edan existido numerosas comunicaciones del tel\u00e9fono de Novelli al tel\u00e9fono de Milei, una detr\u00e1s de la otra<\/strong>. Habr\u00eda al menos cinco comunicaciones antes de las 19.01&#8243;, detall\u00f3 sobre el momento exacto en el que el mandatario public\u00f3 el c\u00f3digo para acceder a la compra del token. &#8220;Hay un momento en que se interrumpen las conversaciones;&nbsp;<strong>tiempo despu\u00e9s se retoman, y habr\u00eda all\u00ed comunicaciones desde el tel\u00e9fono presidencial hacia el tel\u00e9fono de Novelli<\/strong>. Se habr\u00eda producido tambi\u00e9n una conversaci\u00f3n entre Novelli y Julian Peh (CEO de Kip Protocol), y en el medio podr\u00eda haber tambi\u00e9n comunicaciones con la secretaria de la Presidencia, Karina Milei&#8221;, agreg\u00f3 Zak.<\/p>\n\n\n\n<p>Las cajas fuertes que Novelli vaci\u00f3  La informaci\u00f3n resulta de vital importancia si se tiene en cuenta el antecedente de las cajas de seguridad de Novelli. El 4 de febrero,&nbsp;<strong>poco antes de su partida hacia los Estados Unidos, Novelli habilit\u00f3 dos cofres en la sucursal del Banco Galicia<\/strong>&nbsp;de la localidad de Mart\u00ednez.<\/p>\n\n\n\n<p>Diez d\u00edas despu\u00e9s, el 14 de febrero,&nbsp;<strong>Milei difundi\u00f3 el acceso a la criptomoneda $Libra a trav\u00e9s de sus redes sociales y apenas horas despu\u00e9s de este anuncio, el token sufri\u00f3 un desplome total<\/strong>&nbsp;que afect\u00f3 a un universo de 40 mil inversores.<\/p>\n\n\n\n<p>Tras el regreso de Novelli al pa\u00eds,&nbsp;<strong>el 16 de febrero, su madre y su hermana asistieron a la entidad bancaria para retirar el contenido de las cajas de seguridad<\/strong>. Los registros f\u00edlmicos muestran a Alicia Rafele y Mar\u00eda P\u00eda Novelli, madre y hermana del principal investigado, en el momento preciso del retiro de valores.<\/p>\n\n\n\n<p>Esta acci\u00f3n coordinada ocurri\u00f3 de forma inmediatamente posterior al lanzamiento y derrumbe financiero del activo digital promocionado por Milei. Fue entonces que<strong>&nbsp;la jueza Mar\u00eda Servini orden\u00f3 allanamientos urgentes sobre dichos dep\u00f3sitos, pero los agentes judiciales encontraron las cajas vac\u00edas<\/strong>.<\/p>\n\n\n\n<p>Las pericias al celular de Novelli arrojaron tambi\u00e9n que el 20 de febrero, cuatro d\u00edas despu\u00e9s de que el trader regresara a la Argentina, se produjo&nbsp;<strong>una comunicaci\u00f3n por WhatsApp con su socio, Manuel Terrones Godoy, en la que le dijo: &#8220;Llevo eso para all\u00e1, pero borr\u00e1&#8221;<\/strong>.<\/p>\n\n\n\n<figure class=\"wp-block-embed is-type-video is-provider-youtube wp-block-embed-youtube wp-embed-aspect-16-9 wp-has-aspect-ratio\"><div class=\"wp-block-embed__wrapper\">\n<iframe loading=\"lazy\" title=\"Caso $LIBRA: hubo al menos 5 llamadas entre NOVELLI y MILEI antes del tuit del Presidente\" width=\"790\" height=\"444\" src=\"https:\/\/www.youtube.com\/embed\/tOPDyvZYX94?start=361&#038;feature=oembed\" frameborder=\"0\" allow=\"accelerometer; autoplay; clipboard-write; encrypted-media; gyroscope; picture-in-picture; web-share\" referrerpolicy=\"strict-origin-when-cross-origin\" allowfullscreen><\/iframe>\n<\/div><\/figure>\n","protected":false},"excerpt":{"rendered":"<p>Minutos antes y despu\u00e9s de que el Presidente promocionara el token que deriv\u00f3 en una enorme estafa global, se comunic\u00f3 telef\u00f3nicamente con el trader que&hellip; <\/p>\n","protected":false},"author":2,"featured_media":38148,"comment_status":"open","ping_status":"open","sticky":false,"template":"","format":"standard","meta":{"footnotes":""},"categories":[9,5],"tags":[],"class_list":["post-38147","post","type-post","status-publish","format-standard","has-post-thumbnail","hentry","category-destacadas","category-politica"],"_links":{"self":[{"href":"https:\/\/lametro989.com\/index.php?rest_route=\/wp\/v2\/posts\/38147","targetHints":{"allow":["GET"]}}],"collection":[{"href":"https:\/\/lametro989.com\/index.php?rest_route=\/wp\/v2\/posts"}],"about":[{"href":"https:\/\/lametro989.com\/index.php?rest_route=\/wp\/v2\/types\/post"}],"author":[{"embeddable":true,"href":"https:\/\/lametro989.com\/index.php?rest_route=\/wp\/v2\/users\/2"}],"replies":[{"embeddable":true,"href":"https:\/\/lametro989.com\/index.php?rest_route=%2Fwp%2Fv2%2Fcomments&post=38147"}],"version-history":[{"count":1,"href":"https:\/\/lametro989.com\/index.php?rest_route=\/wp\/v2\/posts\/38147\/revisions"}],"predecessor-version":[{"id":38149,"href":"https:\/\/lametro989.com\/index.php?rest_route=\/wp\/v2\/posts\/38147\/revisions\/38149"}],"wp:featuredmedia":[{"embeddable":true,"href":"https:\/\/lametro989.com\/index.php?rest_route=\/wp\/v2\/media\/38148"}],"wp:attachment":[{"href":"https:\/\/lametro989.com\/index.php?rest_route=%2Fwp%2Fv2%2Fmedia&parent=38147"}],"wp:term":[{"taxonomy":"category","embeddable":true,"href":"https:\/\/lametro989.com\/index.php?rest_route=%2Fwp%2Fv2%2Fcategories&post=38147"},{"taxonomy":"post_tag","embeddable":true,"href":"https:\/\/lametro989.com\/index.php?rest_route=%2Fwp%2Fv2%2Ftags&post=38147"}],"curies":[{"name":"wp","href":"https:\/\/api.w.org\/{rel}","templated":true}]}}