{"id":38153,"date":"2026-03-13T08:56:31","date_gmt":"2026-03-13T11:56:31","guid":{"rendered":"https:\/\/lametro989.com\/?p=38153"},"modified":"2026-03-13T09:00:58","modified_gmt":"2026-03-13T12:00:58","slug":"general-jose-de-san-martin-efectivos-de-la-policiasecuestraron-un-motor-que-fue-hallado-oculto-entre-malezas-en-un-baldio-del-barrio-san-ceferino","status":"publish","type":"post","link":"https:\/\/lametro989.com\/?p=38153","title":{"rendered":"General Jos\u00e9 de San Mart\u00edn: Efectivos de la Polic\u00eda secuestraron un motor que fue hallado oculto entre malezas en un bald\u00edo del barrio San Ceferino"},"content":{"rendered":"\n<p>El procedimiento se inici\u00f3 tras un aviso telef\u00f3nico que alertaba sobre dos sujetos que habr\u00edan ingresado al lugar con un elemento de dudosa procedencia. Personal policial realiz\u00f3 recorridas y hall\u00f3 el motor abandonado.<\/p>\n\n\n\n<figure class=\"wp-block-image size-large\"><img loading=\"lazy\" decoding=\"async\" width=\"461\" height=\"1024\" src=\"https:\/\/lametro989.com\/wp-content\/uploads\/2026\/03\/image-116-461x1024.png\" alt=\"\" class=\"wp-image-38154\" srcset=\"https:\/\/lametro989.com\/wp-content\/uploads\/2026\/03\/image-116-461x1024.png 461w, https:\/\/lametro989.com\/wp-content\/uploads\/2026\/03\/image-116-135x300.png 135w, https:\/\/lametro989.com\/wp-content\/uploads\/2026\/03\/image-116-691x1536.png 691w, https:\/\/lametro989.com\/wp-content\/uploads\/2026\/03\/image-116.png 720w\" sizes=\"auto, (max-width: 461px) 100vw, 461px\" \/><\/figure>\n\n\n\n<p>Interviene la Fiscal\u00eda de Investigaci\u00f3n Penal N\u00b0 1 de General San Mart\u00edn, mientras contin\u00faan las tareas para identificar a los autores<\/p>\n","protected":false},"excerpt":{"rendered":"<p>El procedimiento se inici\u00f3 tras un aviso telef\u00f3nico que alertaba sobre dos sujetos que habr\u00edan ingresado al lugar con un elemento de dudosa procedencia. Personal&hellip; <\/p>\n","protected":false},"author":2,"featured_media":38154,"comment_status":"open","ping_status":"open","sticky":false,"template":"","format":"standard","meta":{"footnotes":""},"categories":[9,2],"tags":[],"class_list":["post-38153","post","type-post","status-publish","format-standard","has-post-thumbnail","hentry","category-destacadas","category-provinciales"],"_links":{"self":[{"href":"https:\/\/lametro989.com\/index.php?rest_route=\/wp\/v2\/posts\/38153","targetHints":{"allow":["GET"]}}],"collection":[{"href":"https:\/\/lametro989.com\/index.php?rest_route=\/wp\/v2\/posts"}],"about":[{"href":"https:\/\/lametro989.com\/index.php?rest_route=\/wp\/v2\/types\/post"}],"author":[{"embeddable":true,"href":"https:\/\/lametro989.com\/index.php?rest_route=\/wp\/v2\/users\/2"}],"replies":[{"embeddable":true,"href":"https:\/\/lametro989.com\/index.php?rest_route=%2Fwp%2Fv2%2Fcomments&post=38153"}],"version-history":[{"count":2,"href":"https:\/\/lametro989.com\/index.php?rest_route=\/wp\/v2\/posts\/38153\/revisions"}],"predecessor-version":[{"id":38160,"href":"https:\/\/lametro989.com\/index.php?rest_route=\/wp\/v2\/posts\/38153\/revisions\/38160"}],"wp:featuredmedia":[{"embeddable":true,"href":"https:\/\/lametro989.com\/index.php?rest_route=\/wp\/v2\/media\/38154"}],"wp:attachment":[{"href":"https:\/\/lametro989.com\/index.php?rest_route=%2Fwp%2Fv2%2Fmedia&parent=38153"}],"wp:term":[{"taxonomy":"category","embeddable":true,"href":"https:\/\/lametro989.com\/index.php?rest_route=%2Fwp%2Fv2%2Fcategories&post=38153"},{"taxonomy":"post_tag","embeddable":true,"href":"https:\/\/lametro989.com\/index.php?rest_route=%2Fwp%2Fv2%2Ftags&post=38153"}],"curies":[{"name":"wp","href":"https:\/\/api.w.org\/{rel}","templated":true}]}}