{"id":38156,"date":"2026-03-13T08:59:50","date_gmt":"2026-03-13T11:59:50","guid":{"rendered":"https:\/\/lametro989.com\/?p=38156"},"modified":"2026-03-13T08:59:50","modified_gmt":"2026-03-13T11:59:50","slug":"primer-fallo-contra-la-reforma-laboral-frenaron-uno-de-los-articulos-que-licuaba-indemnizaciones","status":"publish","type":"post","link":"https:\/\/lametro989.com\/?p=38156","title":{"rendered":"Primer fallo contra la reforma laboral: frenaron uno de los art\u00edculos que licuaba indemnizaciones"},"content":{"rendered":"\n<p>El art\u00edculo 55 impon\u00eda un criterio diferencial para el c\u00e1lculo de las indemnizaciones por despido en juicios iniciados antes de la entrada en vigencia de la Ley.<\/p>\n\n\n\n<figure class=\"wp-block-image size-full\"><img loading=\"lazy\" decoding=\"async\" width=\"610\" height=\"381\" src=\"https:\/\/lametro989.com\/wp-content\/uploads\/2026\/03\/image-117.png\" alt=\"\" class=\"wp-image-38157\" srcset=\"https:\/\/lametro989.com\/wp-content\/uploads\/2026\/03\/image-117.png 610w, https:\/\/lametro989.com\/wp-content\/uploads\/2026\/03\/image-117-300x187.png 300w\" sizes=\"auto, (max-width: 610px) 100vw, 610px\" \/><\/figure>\n\n\n\n<p>Tal como era de esperarse, la&nbsp;<strong>pol\u00e9mica reforma laboral&nbsp;<\/strong>que sancion\u00f3 el Congreso de la Naci\u00f3n durante el per\u00edodo de sesiones extraordinarias a instancias del gobierno de&nbsp;<strong>Javier Milei<\/strong>&nbsp;ya comenz\u00f3 a chocarse de frente contra la Justicia por inconstitucional. La implementaci\u00f3n de uno de los art\u00edculos m\u00e1s sensibles de la iniciativa que, entre otras cosas, elimina derechos largamente conquistados por los trabajadores y financia despidos con fondos de la Administraci\u00f3n Nacional de la Seguridad Social (Anses), qued\u00f3 ahora en entredicho.<\/p>\n\n\n\n<p>El juez de la Sala Primera de la C\u00e1mara del Trabajo de C\u00f3rdoba,\u00a0<strong>Ricardo Giletta<\/strong>, declar\u00f3 el jueves inconstitucional el art\u00edculo 55 de la reforma laboral que avanza sobre los juicios laborales y reduce entre un 20% y un 60% las indemnizaciones que corresponden a los trabajadores despedidos. Dicho art\u00edculo, advirti\u00f3 el magistrado en su fallo,\u00a0estableci\u00f3 un r\u00e9gimen diferenciado para la actualizaci\u00f3n de cr\u00e9ditos laborales en juicios iniciados con anterioridad a la entrada en vigencia de la reforma laboral. El pol\u00e9mico art\u00edculo 55\u00a0establece c\u00f3mo se actualizan las deudas en juicios laborales en curso,\u00a0usando la tasa pasiva publicada por el Banco Central de la Rep\u00fablica Argentina (BCRA) pero con\u00a0un l\u00edmite m\u00e1ximo de inflaci\u00f3n + 3% anual y un m\u00ednimo del 67% de ese c\u00e1lculo. Para el tribunal,&nbsp;este sistema generaba una diferencia injustificada entre trabajadores que se encuentran en situaciones sustancialmente id\u00e9nticas. Mientras quienes iniciaran acciones judiciales luego de la reforma acceder\u00edan a una actualizaci\u00f3n plena del cr\u00e9dito \u2014basada en la evoluci\u00f3n del \u00edndice de precios\u2014, aquellos cuyos procesos ya estaban en curso recibir\u00edan una recomposici\u00f3n menor.<\/p>\n\n\n\n<p>El juez sostuvo que&nbsp;esta distinci\u00f3n vulnera la garant\u00eda de igualdad ante la ley prevista en el art\u00edculo 16 de la Constituci\u00f3n Nacional, ya que implica otorgar un trato m\u00e1s desfavorable a quienes llevan m\u00e1s tiempo litigando&nbsp;para obtener el reconocimiento de su cr\u00e9dito laboral.<\/p>\n\n\n\n<p>Ante este avance libertario, el juez Gileta resolvi\u00f3 que queda &#8220;desechada la validez de constitucional del art\u00edculo 55&#8221;. En su resoluci\u00f3n, Gileta analiz\u00f3 el mecanismo de actualizaci\u00f3n de los cr\u00e9ditos laborales.<\/p>\n\n\n\n<figure class=\"wp-block-image\" id=\"7358444-Libre-643805096_wrap\"><img decoding=\"async\" src=\"https:\/\/media.minutouno.com\/p\/0f447318ed4d20ec56dc729c1f83f8ba\/adjuntos\/150\/imagenes\/036\/808\/0036808484\/610x0\/smart\/protestas-contra-la-reforma-laboral-diciembre-2017.jpg\" alt=\"Protestas contra la reforma laboral en diciembre de 2017.\" title=\"Protestas contra la reforma laboral en diciembre de 2017.\"\/><figcaption class=\"wp-element-caption\">Protestas contra la reforma laboral en diciembre de 2017.<\/figcaption><\/figure>\n\n\n\n<p>All\u00ed sostuvo que el capital original deber\u00e1 recalcularse seg\u00fan lo previsto por el art\u00edculo 276 de la Ley de Contrato de Trabajo, modificado por la ley 27.082.&nbsp;Ese esquema implica que el monto se ajuste de acuerdo con la evoluci\u00f3n del \u00cdndice de Precios al Consumidor (IPC) que informa todos los meses el Instituto Nacional de Estad\u00edstica y Censos (Indec), sumando adem\u00e1s un 3% mensual desde el momento en que se produjo la mora hasta que se concrete el pago.<\/p>\n\n\n\n<p>El magistrado explic\u00f3 que el art\u00edculo 55 de&nbsp;la &#8220;Ley de Modernizaci\u00f3n Laboral&#8221; introduce un criterio distinto para las causas que ya estaban en tr\u00e1mite antes de la sanci\u00f3n de la norma.&nbsp;En esos casos, la ley fija que las deudas se actualicen tomando como referencia la tasa pasiva del Banco Central, comparada con la inflaci\u00f3n, con un piso equivalente al 67% del c\u00e1lculo que establece el art\u00edculo 276 de la legislaci\u00f3n laboral vigente.<\/p>\n\n\n\n<figure class=\"wp-block-image\" id=\"8119958-Libre-122072178_wrap\"><img decoding=\"async\" src=\"https:\/\/media.minutouno.com\/p\/4e19393f0de4cb2f887368199f011411\/adjuntos\/150\/imagenes\/042\/718\/0042718421\/610x0\/smart\/milei-motosierra.jpg\" alt=\"\" title=\"\"\/><\/figure>\n\n\n\n<p>Para Gileta, ese tratamiento diferenciado entre juicios nuevos y procesos iniciados con anterioridad viola el principio de igualdad ante la ley.&nbsp;En consecuencia a la resoluci\u00f3n, dispuso que los cr\u00e9ditos laborales del caso se actualicen bajo el criterio del art\u00edculo 276 de la Ley de Contrato de Trabajo.<\/p>\n\n\n\n<p>El fallo de Gileta destac\u00f3 adem\u00e1s que&nbsp;los cr\u00e9ditos laborales poseen naturaleza alimentaria, por lo que su adecuada actualizaci\u00f3n resulta indispensable para evitar que la inflaci\u00f3n lic\u00fae su valor real.&nbsp;En ese sentido, record\u00f3 la doctrina de la Corte Suprema de Justicia seg\u00fan la cual&nbsp;la actualizaci\u00f3n monetaria de los cr\u00e9ditos laborales constituye un imperativo de justicia&nbsp;destinado a preservar el poder adquisitivo de las prestaciones debidas al trabajador.<\/p>\n","protected":false},"excerpt":{"rendered":"<p>El art\u00edculo 55 impon\u00eda un criterio diferencial para el c\u00e1lculo de las indemnizaciones por despido en juicios iniciados antes de la entrada en vigencia de&hellip; <\/p>\n","protected":false},"author":2,"featured_media":38157,"comment_status":"open","ping_status":"open","sticky":false,"template":"","format":"standard","meta":{"footnotes":""},"categories":[9,2],"tags":[],"class_list":["post-38156","post","type-post","status-publish","format-standard","has-post-thumbnail","hentry","category-destacadas","category-provinciales"],"_links":{"self":[{"href":"https:\/\/lametro989.com\/index.php?rest_route=\/wp\/v2\/posts\/38156","targetHints":{"allow":["GET"]}}],"collection":[{"href":"https:\/\/lametro989.com\/index.php?rest_route=\/wp\/v2\/posts"}],"about":[{"href":"https:\/\/lametro989.com\/index.php?rest_route=\/wp\/v2\/types\/post"}],"author":[{"embeddable":true,"href":"https:\/\/lametro989.com\/index.php?rest_route=\/wp\/v2\/users\/2"}],"replies":[{"embeddable":true,"href":"https:\/\/lametro989.com\/index.php?rest_route=%2Fwp%2Fv2%2Fcomments&post=38156"}],"version-history":[{"count":1,"href":"https:\/\/lametro989.com\/index.php?rest_route=\/wp\/v2\/posts\/38156\/revisions"}],"predecessor-version":[{"id":38158,"href":"https:\/\/lametro989.com\/index.php?rest_route=\/wp\/v2\/posts\/38156\/revisions\/38158"}],"wp:featuredmedia":[{"embeddable":true,"href":"https:\/\/lametro989.com\/index.php?rest_route=\/wp\/v2\/media\/38157"}],"wp:attachment":[{"href":"https:\/\/lametro989.com\/index.php?rest_route=%2Fwp%2Fv2%2Fmedia&parent=38156"}],"wp:term":[{"taxonomy":"category","embeddable":true,"href":"https:\/\/lametro989.com\/index.php?rest_route=%2Fwp%2Fv2%2Fcategories&post=38156"},{"taxonomy":"post_tag","embeddable":true,"href":"https:\/\/lametro989.com\/index.php?rest_route=%2Fwp%2Fv2%2Ftags&post=38156"}],"curies":[{"name":"wp","href":"https:\/\/api.w.org\/{rel}","templated":true}]}}